{"id":155653,"date":"2025-10-31T12:09:03","date_gmt":"2025-10-31T18:09:03","guid":{"rendered":"https:\/\/lospoliticosveracruz.com.mx\/?p=155653"},"modified":"2025-10-31T12:09:22","modified_gmt":"2025-10-31T18:09:22","slug":"la-tremenda-corte-2","status":"publish","type":"post","link":"https:\/\/lospoliticosveracruz.com.mx\/?p=155653","title":{"rendered":"LA TREMENDA CORTE"},"content":{"rendered":"\n<p><strong>Sergio Gonz\u00e1lez Levet<\/strong><br><em>Sin tacto<\/em><\/p>\n\n\n\n<p>Como era de esperarse, los tribunales dieron constancia plena de que sentenciar\u00e1n en adelante -y hasta que los ciudadanos no digan otra cosa- de acuerdo con las indicaciones y los intereses del grupo morenista en el poder.<\/p>\n\n\n\n\n\n<pre class=\"wp-block-code\"><code> Dos casos que afectan en Veracruz fueron dilucidados totalmente en consonancia con las pretensiones de la Cuatrot\u00e9: el de las elecciones de Poza Rica y Papantla, y el de los amparos interpuestos en contra de la pr\u00f3rroga que concedi\u00f3 la Junta de Gobierno de la UV al se\u00f1or Mart\u00edn Aguilar S\u00e1nchez.\n\n En el caso de los comicios municipales, el partido Movimiento Ciudadano interpuso varias quejas ante el Trife en contra de la actuaci\u00f3n de las autoridades electorales en el estado, el OPLE y el TEV, a los que acusa no sin pruebas de que dejaron que se pervirtiera el proceso de la votaci\u00f3n, puesto que no guardaron la seguridad de las urnas y en un nuevo conteo ama\u00f1ado revirtieron el voto de los ciudadanos de Poza Rica y Papantla y dieron el triunfo a los abanderados de partido en el poder.\n\n Despu\u00e9s de la debacle electoral que padeci\u00f3 Morena el pasado domingo 1\u00ba de junio -cuando perdi\u00f3 un mill\u00f3n de votos respecto de la elecci\u00f3n a Gobernador del a\u00f1o pasado y solamente gan\u00f3 71 ayuntamientos despu\u00e9s de que en declaraciones triunfalistas de campa\u00f1a el Gobierno morenista aseguraba que se iba a llevar el carro completo-, tanto el Gobierno como la directiva del partido en Veracruz se dedicaron a tratar de maquillar sus p\u00e9simos resultados y presionaron para que se judicializaran varios resultados de modo que salieran en su favor, adem\u00e1s que trataron de convencer a alcaldes electos de otros partidos para que se pasaran a las filas del morenismo.\n\n Y la tremenda corte fall\u00f3 en favor de Morena.\n\n En la Universidad Veracruzana, el entonces Rector v\u00e1lido Mart\u00edn Aguilar manipul\u00f3 a la Junta de Gobierno, integrada en su mayor\u00eda por personas nombradas directamente por \u00e9l, para que hiciera a un lado el proceso de sucesi\u00f3n y le concediera una pr\u00f3rroga por otros cuatro a\u00f1os de mandato, con lo que fue no respet\u00f3 la legislaci\u00f3n universitaria vigente. El clamor de la comunidad universitaria en contra de esa medida tuvo un efecto legal en los amparos que promovieron varios catedr\u00e1ticos que aspiraron a participar en el proceso de designaci\u00f3n de la nueva autoridad como lo marcan las tres leyes de la UV al respecto. Despu\u00e9s de una serie de dilaciones incomprensibles, los tribunales federales se pronunciaron finalmente respecto de todos los casos.\n\n Y la tremenda corte fall\u00f3 en contra de los amparos.\n\n Lo que no quieren entender los cuatrote\u00edstas, seguidores de la doctrina mentirosilla del patriarca AMLO, es que aunque se desgarren las vestiduras y se autodenominen dem\u00f3cratas puros y a rajatabla, en ambos casos han propiciado que la voluntad popular fuera desvirtuada, y quieren convencer con mentiras y falsas acusaciones tronantes de que ellos son los puros y los amados por el pueblo honesto y bueno.\n\n Pero, bueno, ni los ciudadanos de Poza Rica y Papantla quieren a los impopulares candidatos guindas que no ganaron, ni la comunidad universitaria en pleno quiere a Mart\u00edn Aguilar por inepto y porque ha faltado a la legalidad de manera estramb\u00f3tica.\n\n Gobernar va a ser un infierno para los alcaldes morenos hechizos y para el Rector espurio, que creen que ya ganaron.<\/code><\/pre>\n\n\n\n<p>sglevet@gmail.com<\/p>\n","protected":false},"excerpt":{"rendered":"<p>Sergio Gonz\u00e1lez LevetSin tacto Como era de esperarse, los tribunales dieron constancia plena de que sentenciar\u00e1n en adelante -y hasta que los ciudadanos no digan otra cosa- de acuerdo con las indicaciones y los intereses del grupo morenista en el poder. sglevet@gmail.com<\/p>\n","protected":false},"author":2,"featured_media":141432,"comment_status":"closed","ping_status":"closed","sticky":false,"template":"","format":"standard","meta":{"_jetpack_newsletter_access":"","_jetpack_dont_email_post_to_subs":false,"_jetpack_newsletter_tier_id":0,"_jetpack_memberships_contains_paywalled_content":false,"_jetpack_memberships_contains_paid_content":false,"footnotes":""},"categories":[70],"tags":[],"class_list":["post-155653","post","type-post","status-publish","format-standard","has-post-thumbnail","hentry","category-de-opinion"],"jetpack_featured_media_url":"https:\/\/lospoliticosveracruz.com.mx\/wp-content\/uploads\/2025\/04\/Levet.jpg","jetpack_sharing_enabled":true,"jetpack_shortlink":"https:\/\/wp.me\/p4Qcd3-Eux","_links":{"self":[{"href":"https:\/\/lospoliticosveracruz.com.mx\/index.php?rest_route=\/wp\/v2\/posts\/155653","targetHints":{"allow":["GET"]}}],"collection":[{"href":"https:\/\/lospoliticosveracruz.com.mx\/index.php?rest_route=\/wp\/v2\/posts"}],"about":[{"href":"https:\/\/lospoliticosveracruz.com.mx\/index.php?rest_route=\/wp\/v2\/types\/post"}],"author":[{"embeddable":true,"href":"https:\/\/lospoliticosveracruz.com.mx\/index.php?rest_route=\/wp\/v2\/users\/2"}],"replies":[{"embeddable":true,"href":"https:\/\/lospoliticosveracruz.com.mx\/index.php?rest_route=%2Fwp%2Fv2%2Fcomments&post=155653"}],"version-history":[{"count":2,"href":"https:\/\/lospoliticosveracruz.com.mx\/index.php?rest_route=\/wp\/v2\/posts\/155653\/revisions"}],"predecessor-version":[{"id":155655,"href":"https:\/\/lospoliticosveracruz.com.mx\/index.php?rest_route=\/wp\/v2\/posts\/155653\/revisions\/155655"}],"wp:featuredmedia":[{"embeddable":true,"href":"https:\/\/lospoliticosveracruz.com.mx\/index.php?rest_route=\/wp\/v2\/media\/141432"}],"wp:attachment":[{"href":"https:\/\/lospoliticosveracruz.com.mx\/index.php?rest_route=%2Fwp%2Fv2%2Fmedia&parent=155653"}],"wp:term":[{"taxonomy":"category","embeddable":true,"href":"https:\/\/lospoliticosveracruz.com.mx\/index.php?rest_route=%2Fwp%2Fv2%2Fcategories&post=155653"},{"taxonomy":"post_tag","embeddable":true,"href":"https:\/\/lospoliticosveracruz.com.mx\/index.php?rest_route=%2Fwp%2Fv2%2Ftags&post=155653"}],"curies":[{"name":"wp","href":"https:\/\/api.w.org\/{rel}","templated":true}]}}