{"id":155719,"date":"2025-11-01T11:08:56","date_gmt":"2025-11-01T17:08:56","guid":{"rendered":"https:\/\/lospoliticosveracruz.com.mx\/?p=155719"},"modified":"2025-11-01T11:12:11","modified_gmt":"2025-11-01T17:12:11","slug":"complices","status":"publish","type":"post","link":"https:\/\/lospoliticosveracruz.com.mx\/?p=155719","title":{"rendered":"C\u00d3MPLICES"},"content":{"rendered":"\n<p><strong>Miguel Casillas<\/strong><\/p>\n\n\n\n<p>Como casi siempre sucede, la justicia en M\u00e9xico es una burla. El sistema y sus integrantes est\u00e1n al servicio de los poderosos, con frecuencia desprecian a los ciudadanos y los dejan a merced de muchas arbitrariedades.&nbsp;<\/p>\n\n\n\n\n\n<p>Cinco solicitudes de amparo que formularon integrantes de la comunidad en contra de la imposici\u00f3n de la arbitraria pr\u00f3rroga en la rector\u00eda de la Universidad han sido desechadas.<\/p>\n\n\n\n<p>Como&nbsp;explican&nbsp;Cuevas, Romero y Ram\u00edrez \u201cla resoluci\u00f3n dictada el 30 de octubre de 2025, no resolvi\u00f3 el fondo del juicio de amparo promovido\u201d.&nbsp;En efecto, la resoluci\u00f3n del Tribunal Colegiado de Circuito no aval\u00f3 la pr\u00f3rroga del rectorado, no analiz\u00f3 las violaciones a derechos humanos&nbsp;que se reclaman en las solicitudes de amparo,&nbsp;no atendi\u00f3&nbsp;a las diversas violaciones a la normatividad universitaria,&nbsp;no consider\u00f3&nbsp;las atribuciones que la junta de gobierno se adjudic\u00f3&nbsp;de manera arbitraria. Su decisi\u00f3n se sustent\u00f3 \u00fanicamente en el criterio de considerar a la Junta de Gobierno como una instancia no revisable, en virtud de la autonom\u00eda universitaria.&nbsp;Evidentemente, los magistrados se lavaron las manos y eludieron respaldar a los universitarios en su sed de justicia, se declararon incapaces de defender las leyes de la Universidad, de respaldar a su comunidad indignada.&nbsp;<\/p>\n\n\n\n<p>Como sostiene nuestra colega Marisol Luna, el Tribunal Colegiado debi\u00f3 declarar infundadas las quejas interpuestas por la&nbsp;Junta de Gobierno&nbsp;y el&nbsp;rector&nbsp;espurio,&nbsp;y&nbsp;en consecuencia&nbsp;ratificar la admisi\u00f3n del amparo que en su momento realiz\u00f3 la Juez del Juzgado de Distrito. Hecho lo anterior, el tema&nbsp;hubiera regresado&nbsp;al juzgado de distrito en Xalapa para celebrar la audiencia constitucional y ah\u00ed s\u00ed&nbsp;se hubiera entrado al fondo del asunto, es decir, analizar y determinar sobre los diversos agravios que se presentaron en&nbsp;losescritos&nbsp;de demanda. Sin embargo, no fue as\u00ed y el Tribunal Colegiado cancel\u00f3 la v\u00eda jur\u00eddica para el reclamo universitario.<\/p>\n\n\n\n<p>El Tribunal Colegiado dej\u00f3 en el desamparo a los universitarios: la comunidad universitaria est\u00e1 en estado de indefensi\u00f3n frente a la imposici\u00f3n y el abuso de un&nbsp;tirano; frente a una Junta de Gobierno que se atribuye competencias por fuera de las reglas, que viola sistem\u00e1ticamente las leyes y desprecia su propio Reglamento interno; frente a un grupo de inter\u00e9s que se apropia de una instituci\u00f3n p\u00fablica actuando de manera arbitraria e ilegal.&nbsp;<\/p>\n\n\n\n<p>Como si no vivieran en Veracruz y no escucharan el clamor generalizado en contra de la pr\u00f3rroga&nbsp;en la UV, los magistrados han despreciado&nbsp;a&nbsp;la opini\u00f3n&nbsp;p\u00fablica veracruzana, han ignorado el reclamo&nbsp;de decenas de ex integrantes de la Junta de Gobierno, de cuatro&nbsp;exrectores, de los m\u00e1s prestigiados profesores de la Universidad, de decenas&nbsp;de abogados y juristas, de miles de profesores y estudiantes que en todas las facultades levantan la voz contra la pr\u00f3rroga ilegal e ileg\u00edtima.&nbsp;Lo m\u00e1s grave es que pretextando la autonom\u00eda de la Universidad, parad\u00f3jicamente fueron incapaces de hacer valer la propia Ley de autonom\u00eda, la Ley Org\u00e1nica y otros ordenamientos legales. Si no son los jueces y magistrados quienes respaldan el cumplimiento del orden legal universitario&nbsp;\u00bfqui\u00e9n tiene la autoridad leg\u00edtima para frenar un abuso y un atropello como el que ocurre en la Universidad?<\/p>\n\n\n\n<p>Evidentemente, nunca los movimientos universitarios en nuestro pa\u00eds han necesitado del aval de los ministros y jueces para lograr sus conquistas de dignidad y justicia. Los amparos fueron una solicitud al poder judicial para que coadyuvara al restablecimiento del orden legal en la Universidad&nbsp;y&nbsp;dicha solicitud fue ignorada. Sin embargo, los universitarios siguen luchando por lo mismo desde hace meses, por el respeto a las leyes y a las pr\u00e1cticas institucionalizadas que ordenan la renovaci\u00f3n peri\u00f3dica de la rector\u00eda.&nbsp;<\/p>\n\n\n\n<p>El movimiento universitario que rechaza la pr\u00f3rroga es muy amplio y diverso, lo constituyen estudiantes, profesores y trabajadores, jubilados y egresados que, indignados frente al abuso y el atropello, defienden a su instituci\u00f3n. La lucha sigue. #prorrogaNO.<\/p>\n","protected":false},"excerpt":{"rendered":"<p>Miguel Casillas Como casi siempre sucede, la justicia en M\u00e9xico es una burla. El sistema y sus integrantes est\u00e1n al servicio de los poderosos, con frecuencia desprecian a los ciudadanos y los dejan a merced de muchas arbitrariedades.&nbsp; Cinco solicitudes de amparo que formularon integrantes de la comunidad en contra de la imposici\u00f3n de la [&hellip;]<\/p>\n","protected":false},"author":2,"featured_media":147638,"comment_status":"closed","ping_status":"closed","sticky":false,"template":"","format":"standard","meta":{"_jetpack_newsletter_access":"","_jetpack_dont_email_post_to_subs":false,"_jetpack_newsletter_tier_id":0,"_jetpack_memberships_contains_paywalled_content":false,"_jetpack_memberships_contains_paid_content":false,"footnotes":""},"categories":[70],"tags":[44005,29146,219],"class_list":["post-155719","post","type-post","status-publish","format-standard","has-post-thumbnail","hentry","category-de-opinion","tag-marisol-luna-leal","tag-martin-aguilar-sanchez-2","tag-universidad-veracruzana"],"jetpack_featured_media_url":"https:\/\/lospoliticosveracruz.com.mx\/wp-content\/uploads\/2025\/06\/Martin-Aguilar-rector.jpg","jetpack_sharing_enabled":true,"jetpack_shortlink":"https:\/\/wp.me\/p4Qcd3-EvB","_links":{"self":[{"href":"https:\/\/lospoliticosveracruz.com.mx\/index.php?rest_route=\/wp\/v2\/posts\/155719","targetHints":{"allow":["GET"]}}],"collection":[{"href":"https:\/\/lospoliticosveracruz.com.mx\/index.php?rest_route=\/wp\/v2\/posts"}],"about":[{"href":"https:\/\/lospoliticosveracruz.com.mx\/index.php?rest_route=\/wp\/v2\/types\/post"}],"author":[{"embeddable":true,"href":"https:\/\/lospoliticosveracruz.com.mx\/index.php?rest_route=\/wp\/v2\/users\/2"}],"replies":[{"embeddable":true,"href":"https:\/\/lospoliticosveracruz.com.mx\/index.php?rest_route=%2Fwp%2Fv2%2Fcomments&post=155719"}],"version-history":[{"count":2,"href":"https:\/\/lospoliticosveracruz.com.mx\/index.php?rest_route=\/wp\/v2\/posts\/155719\/revisions"}],"predecessor-version":[{"id":155722,"href":"https:\/\/lospoliticosveracruz.com.mx\/index.php?rest_route=\/wp\/v2\/posts\/155719\/revisions\/155722"}],"wp:featuredmedia":[{"embeddable":true,"href":"https:\/\/lospoliticosveracruz.com.mx\/index.php?rest_route=\/wp\/v2\/media\/147638"}],"wp:attachment":[{"href":"https:\/\/lospoliticosveracruz.com.mx\/index.php?rest_route=%2Fwp%2Fv2%2Fmedia&parent=155719"}],"wp:term":[{"taxonomy":"category","embeddable":true,"href":"https:\/\/lospoliticosveracruz.com.mx\/index.php?rest_route=%2Fwp%2Fv2%2Fcategories&post=155719"},{"taxonomy":"post_tag","embeddable":true,"href":"https:\/\/lospoliticosveracruz.com.mx\/index.php?rest_route=%2Fwp%2Fv2%2Ftags&post=155719"}],"curies":[{"name":"wp","href":"https:\/\/api.w.org\/{rel}","templated":true}]}}