{"id":155781,"date":"2025-11-03T08:40:50","date_gmt":"2025-11-03T14:40:50","guid":{"rendered":"https:\/\/lospoliticosveracruz.com.mx\/?p=155781"},"modified":"2025-11-03T08:41:11","modified_gmt":"2025-11-03T14:41:11","slug":"sucesion-uv-47","status":"publish","type":"post","link":"https:\/\/lospoliticosveracruz.com.mx\/?p=155781","title":{"rendered":"SUCESI\u00d3N UV (47)"},"content":{"rendered":"\n<p>S\u00edguenos ahora tambi\u00e9n en WhatsApp.\u00a0\u00a1<a href=\"https:\/\/whatsapp.com\/channel\/0029Va8zRWlEKyZIP3Z1dF0e\"><strong>Da clic aqu\u00ed<\/strong><\/a><strong>!<\/strong><\/p>\n\n\n\n<p><strong>Sergio Gonz\u00e1lez Levet<\/strong><br><em>Sin tacto<\/em><\/p>\n\n\n\n<p>Cuando una autoridad deja de escuchar a sus gobernados, pasa en autom\u00e1tico de popular a fascista, de legal a ilegal, de genuina a espuria.<\/p>\n\n\n\n<p>En la <strong>Universidad Veracruzana (UV)<\/strong>, <strong>Mart\u00edn Aguilar<\/strong> y sus 40 secuaces cerraron sus o\u00eddos \u2014de por s\u00ed poco escuchadores\u2014 y se instalaron en las oficinas secuestradas de la <strong>Rector\u00eda<\/strong> con el \u00fanico objetivo de seguir usando el presupuesto y la administraci\u00f3n para mantenerse en el control de la m\u00e1xima casa de estudios de <strong>Veracruz<\/strong>.<\/p>\n\n\n\n<figure class=\"wp-block-image size-full\"><a href=\" https:\/\/legisver.gob.mx\/Inicio.php?p=sliderInfoNP&amp;i=8785682\"><img loading=\"lazy\" decoding=\"async\" width=\"728\" height=\"90\" src=\"https:\/\/lospoliticosveracruz.com.mx\/wp-content\/uploads\/2025\/10\/Legis-Cintillo.png\" alt=\"\" class=\"wp-image-155724\" srcset=\"https:\/\/lospoliticosveracruz.com.mx\/wp-content\/uploads\/2025\/10\/Legis-Cintillo.png 728w, https:\/\/lospoliticosveracruz.com.mx\/wp-content\/uploads\/2025\/10\/Legis-Cintillo-300x37.png 300w\" sizes=\"auto, (max-width: 728px) 100vw, 728px\" \/><\/a><\/figure>\n\n\n\n<p>Y el poder los trae locos.<\/p>\n\n\n\n<p>La m\u00e1s reciente de sus marruller\u00edas es que se orden\u00f3 al sumiso y reciente <strong>Director de la Facultad de Psicolog\u00eda, Axel Navarro Hern\u00e1ndez<\/strong>, que inventara que se hab\u00eda realizado una encuesta entre los alumnos, en la que la mayor\u00eda estar\u00eda en contra del paro de actividades decretado por la <strong>asamblea estudiantil de la Facultad<\/strong>, con el fin de sembrar en la opini\u00f3n p\u00fablica la idea de que es solamente un grupo min\u00fasculo el que se opone a la pr\u00f3rroga que se le dio al <strong>Rector<\/strong>.<\/p>\n\n\n\n<p>Tal vez, como son psic\u00f3logos y no matem\u00e1ticos, a <strong>Axel<\/strong> y sus muchachos del cuerpo directivo de la Facultad no se les dan muy bien las cuentas, o probablemente es su deseo inmenso de quedar bien con el se\u00f1or <strong>Mart\u00edn Aguilar<\/strong>, pero en la consulta que hicieron afirman que <strong>130 alumnos<\/strong> se manifestaron en contra del paro y, con eso, se lanzaron a ordenar que se reiniciaran las clases este mismo lunes. Pero ese n\u00famero es \u201cconsiderablemente menor a lo que orden\u00f3 democr\u00e1ticamente (la asamblea estudiantil) por <strong>MANTENER EL PARO<\/strong> y transitar a un <em>paro activo<\/em> (entregas en l\u00ednea) el 18 de noviembre\u201d.<\/p>\n\n\n\n<p>Dice el vulgo que a los malos psic\u00f3logos de repente se les desconecta la mollera y llegan a pensar, por ejemplo, que 130 es mayor que 509.<\/p>\n\n\n\n<p>Los alumnos organizados de <strong>Psicolog\u00eda<\/strong>, a quienes tuve la oportunidad de entrevistar el jueves pasado (se puede ver en l\u00ednea la charla completa en el portal <a href=\"http:\/\/www.sintacto.org\">www.sintacto.org<\/a>), mantienen una postura firme y madura en defensa de su <strong>Universidad<\/strong> y de sus derechos, y desde ayer mismo han acusado al director <strong>Axel Navarro<\/strong> por:<\/p>\n\n\n\n<p>\u201cSus t\u00e1cticas de sabotaje, la promoci\u00f3n de desinformaci\u00f3n, la creaci\u00f3n de un ambiente de conflicto y las citaciones intimidatorias a alumnos en horarios no acad\u00e9micos (6:00 AM) y sin observancia\u201d, y aseguran que estas acciones \u201cson, en s\u00ed mismas, conductas que atentan contra nuestra integridad\u201d.<\/p>\n\n\n\n<p>Ante la creciente inconformidad de la comunidad universitaria, <strong>Mart\u00edn Aguilar<\/strong> y sus 40 secuaces pasan de la desesperaci\u00f3n al temor, y ambas son muy malas consejeras, porque los hacen cometer errores, injusticias y delitos. Pero lo peor de todo es que, trepados en su ambici\u00f3n sin l\u00edmites y en su deseo enfermizo de no entregar el control, est\u00e1n atentando ya contra la seguridad, la integridad y los derechos de los estudiantes, que son los verdaderos due\u00f1os de la <strong>Universidad Veracruzana<\/strong>.<\/p>\n\n\n\n<p>sglevet@gmail.com<\/p>\n","protected":false},"excerpt":{"rendered":"<p>Sergio Gonz\u00e1lez LevetSin tacto Cuando una autoridad deja de escuchar a sus gobernados, pasa en autom\u00e1tico de popular a fascista, de legal a ilegal, de genuina a espuria. En la Universidad Veracruzana (UV), Mart\u00edn Aguilar y sus 40 secuaces cerraron sus o\u00eddos \u2014de por s\u00ed poco escuchadores\u2014 y se instalaron en las oficinas secuestradas de [&hellip;]<\/p>\n","protected":false},"author":2,"featured_media":141432,"comment_status":"closed","ping_status":"closed","sticky":false,"template":"","format":"standard","meta":{"_jetpack_newsletter_access":"","_jetpack_dont_email_post_to_subs":false,"_jetpack_newsletter_tier_id":0,"_jetpack_memberships_contains_paywalled_content":false,"_jetpack_memberships_contains_paid_content":false,"footnotes":""},"categories":[70],"tags":[46939,46936,32730,46938,219],"class_list":["post-155781","post","type-post","status-publish","format-standard","has-post-thumbnail","hentry","category-de-opinion","tag-derechos-universitarios","tag-facultad-de-psicologia-uv","tag-martin-aguilar","tag-paro-estudiantil","tag-universidad-veracruzana"],"jetpack_featured_media_url":"https:\/\/lospoliticosveracruz.com.mx\/wp-content\/uploads\/2025\/04\/Levet.jpg","jetpack_sharing_enabled":true,"jetpack_shortlink":"https:\/\/wp.me\/p4Qcd3-EwB","_links":{"self":[{"href":"https:\/\/lospoliticosveracruz.com.mx\/index.php?rest_route=\/wp\/v2\/posts\/155781","targetHints":{"allow":["GET"]}}],"collection":[{"href":"https:\/\/lospoliticosveracruz.com.mx\/index.php?rest_route=\/wp\/v2\/posts"}],"about":[{"href":"https:\/\/lospoliticosveracruz.com.mx\/index.php?rest_route=\/wp\/v2\/types\/post"}],"author":[{"embeddable":true,"href":"https:\/\/lospoliticosveracruz.com.mx\/index.php?rest_route=\/wp\/v2\/users\/2"}],"replies":[{"embeddable":true,"href":"https:\/\/lospoliticosveracruz.com.mx\/index.php?rest_route=%2Fwp%2Fv2%2Fcomments&post=155781"}],"version-history":[{"count":1,"href":"https:\/\/lospoliticosveracruz.com.mx\/index.php?rest_route=\/wp\/v2\/posts\/155781\/revisions"}],"predecessor-version":[{"id":155782,"href":"https:\/\/lospoliticosveracruz.com.mx\/index.php?rest_route=\/wp\/v2\/posts\/155781\/revisions\/155782"}],"wp:featuredmedia":[{"embeddable":true,"href":"https:\/\/lospoliticosveracruz.com.mx\/index.php?rest_route=\/wp\/v2\/media\/141432"}],"wp:attachment":[{"href":"https:\/\/lospoliticosveracruz.com.mx\/index.php?rest_route=%2Fwp%2Fv2%2Fmedia&parent=155781"}],"wp:term":[{"taxonomy":"category","embeddable":true,"href":"https:\/\/lospoliticosveracruz.com.mx\/index.php?rest_route=%2Fwp%2Fv2%2Fcategories&post=155781"},{"taxonomy":"post_tag","embeddable":true,"href":"https:\/\/lospoliticosveracruz.com.mx\/index.php?rest_route=%2Fwp%2Fv2%2Ftags&post=155781"}],"curies":[{"name":"wp","href":"https:\/\/api.w.org\/{rel}","templated":true}]}}