{"id":155783,"date":"2025-11-03T09:34:28","date_gmt":"2025-11-03T15:34:28","guid":{"rendered":"https:\/\/lospoliticosveracruz.com.mx\/?p=155783"},"modified":"2025-11-03T09:34:51","modified_gmt":"2025-11-03T15:34:51","slug":"sheinbaum-de-nuez","status":"publish","type":"post","link":"https:\/\/lospoliticosveracruz.com.mx\/?p=155783","title":{"rendered":"SHEINBAUM, DE NUEZ!"},"content":{"rendered":"\n<p>S\u00edguenos ahora tambi\u00e9n en WhatsApp.\u00a0\u00a1<a href=\"https:\/\/whatsapp.com\/channel\/0029Va8zRWlEKyZIP3Z1dF0e\"><strong>Da clic aqu\u00ed<\/strong><\/a><strong>!<\/strong><\/p>\n\n\n\n<p><strong>Karla M\u00e9ndez<\/strong><\/p>\n\n\n\n<p>La <strong>gobernadora Roc\u00edo Nahle Garc\u00eda<\/strong> dio a conocer que este fin de semana la <strong>presidenta de la Rep\u00fablica, Claudia Sheinbaum Pardo<\/strong>, regresar\u00e1 al estado de <strong>Veracruz<\/strong> para dar seguimiento al rescate de la zona norte.<\/p>\n\n\n\n<p>En entrevista telef\u00f3nica, la mandataria estatal mencion\u00f3 que aunque a\u00fan no se ha confirmado el municipio que visitar\u00e1, se sabe que supervisar\u00e1 la entrega de los apoyos a las familias afectadas por las pasadas lluvias que causaron grandes inundaciones, sobre todo en <strong>\u00c1lamo<\/strong> y <strong>Poza Rica<\/strong>, as\u00ed como en zonas serranas.<\/p>\n\n\n\n<p>\u201cTenemos una presidenta que quiere mucho a <strong>Veracruz<\/strong>, ya lo he dicho y nosotros la queremos mucho. El fin de semana estar\u00e1 nuevamente ac\u00e1 en <strong>Veracruz<\/strong>. No me han informado en qu\u00e9 sitio, para darle seguimiento al rescate, para darle seguimiento al apoyo de las entregas de los apoyos de bienestar.\u201d<\/p>\n\n\n\n<p>En ese sentido, la <strong>gobernadora Roc\u00edo Nahle<\/strong> reiter\u00f3 el apoyo que la <strong>Presidenta Claudia Sheinbaum<\/strong> ha dado al estado, adem\u00e1s de sus visitas constantes, que demuestran el inter\u00e9s y la cercan\u00eda de ayudar a los veracruzanos.<\/p>\n\n\n\n<p>Ser\u00eda la <strong>quinta visita de la presidenta<\/strong> al estado de <strong>Veracruz<\/strong> despu\u00e9s de las inundaciones del pasado <strong>10 de octubre<\/strong>, que dejaron grandes p\u00e9rdidas a las familias de la zona norte.<\/p>\n","protected":false},"excerpt":{"rendered":"<p>Karla M\u00e9ndez La gobernadora Roc\u00edo Nahle Garc\u00eda dio a conocer que este fin de semana la presidenta de la Rep\u00fablica, Claudia Sheinbaum Pardo, regresar\u00e1 al estado de Veracruz para dar seguimiento al rescate de la zona norte. En entrevista telef\u00f3nica, la mandataria estatal mencion\u00f3 que aunque a\u00fan no se ha confirmado el municipio que visitar\u00e1, [&hellip;]<\/p>\n","protected":false},"author":2,"featured_media":137917,"comment_status":"closed","ping_status":"closed","sticky":false,"template":"","format":"standard","meta":{"_jetpack_newsletter_access":"","_jetpack_dont_email_post_to_subs":false,"_jetpack_newsletter_tier_id":0,"_jetpack_memberships_contains_paywalled_content":false,"_jetpack_memberships_contains_paid_content":false,"footnotes":""},"categories":[6446],"tags":[9627,46941,1267,3578,11159],"class_list":["post-155783","post","type-post","status-publish","format-standard","has-post-thumbnail","hentry","category-la-nota","tag-claudia-sheinbaum","tag-inundaciones-alamo","tag-poza-rica","tag-rocio-nahle","tag-veracruz-norte"],"jetpack_featured_media_url":"https:\/\/lospoliticosveracruz.com.mx\/wp-content\/uploads\/2025\/02\/IMG_0431-e1739665255653.jpeg","jetpack_sharing_enabled":true,"jetpack_shortlink":"https:\/\/wp.me\/p4Qcd3-EwD","_links":{"self":[{"href":"https:\/\/lospoliticosveracruz.com.mx\/index.php?rest_route=\/wp\/v2\/posts\/155783","targetHints":{"allow":["GET"]}}],"collection":[{"href":"https:\/\/lospoliticosveracruz.com.mx\/index.php?rest_route=\/wp\/v2\/posts"}],"about":[{"href":"https:\/\/lospoliticosveracruz.com.mx\/index.php?rest_route=\/wp\/v2\/types\/post"}],"author":[{"embeddable":true,"href":"https:\/\/lospoliticosveracruz.com.mx\/index.php?rest_route=\/wp\/v2\/users\/2"}],"replies":[{"embeddable":true,"href":"https:\/\/lospoliticosveracruz.com.mx\/index.php?rest_route=%2Fwp%2Fv2%2Fcomments&post=155783"}],"version-history":[{"count":1,"href":"https:\/\/lospoliticosveracruz.com.mx\/index.php?rest_route=\/wp\/v2\/posts\/155783\/revisions"}],"predecessor-version":[{"id":155784,"href":"https:\/\/lospoliticosveracruz.com.mx\/index.php?rest_route=\/wp\/v2\/posts\/155783\/revisions\/155784"}],"wp:featuredmedia":[{"embeddable":true,"href":"https:\/\/lospoliticosveracruz.com.mx\/index.php?rest_route=\/wp\/v2\/media\/137917"}],"wp:attachment":[{"href":"https:\/\/lospoliticosveracruz.com.mx\/index.php?rest_route=%2Fwp%2Fv2%2Fmedia&parent=155783"}],"wp:term":[{"taxonomy":"category","embeddable":true,"href":"https:\/\/lospoliticosveracruz.com.mx\/index.php?rest_route=%2Fwp%2Fv2%2Fcategories&post=155783"},{"taxonomy":"post_tag","embeddable":true,"href":"https:\/\/lospoliticosveracruz.com.mx\/index.php?rest_route=%2Fwp%2Fv2%2Ftags&post=155783"}],"curies":[{"name":"wp","href":"https:\/\/api.w.org\/{rel}","templated":true}]}}