{"id":155785,"date":"2025-11-03T09:47:26","date_gmt":"2025-11-03T15:47:26","guid":{"rendered":"https:\/\/lospoliticosveracruz.com.mx\/?p=155785"},"modified":"2025-11-03T09:47:59","modified_gmt":"2025-11-03T15:47:59","slug":"se-fueron-de-puente","status":"publish","type":"post","link":"https:\/\/lospoliticosveracruz.com.mx\/?p=155785","title":{"rendered":"SE FUERON DE PUENTE&#8230;"},"content":{"rendered":"\n<p>S\u00edguenos ahora tambi\u00e9n en WhatsApp.\u00a0\u00a1<a href=\"https:\/\/whatsapp.com\/channel\/0029Va8zRWlEKyZIP3Z1dF0e\"><strong>Da clic aqu\u00ed<\/strong><\/a><strong>!<\/strong><\/p>\n\n\n\n<p><strong>Oved Contreras<\/strong><br><em>Secas Mecas<\/em><\/p>\n\n\n\n<p>Los damnificados pueden esperar porque la <strong>T\u00eda Berrinches<\/strong> y todo el gabinete ni sus luces el fin de semana&#8230; ten\u00edan d\u00edas libres y no los aprovecharon para ir a ayudar en la <strong>Zona Cero<\/strong>, sino que prefirieron irse de pachanga para festejar el <em>Jalog\u00fcinnn<\/em>.<\/p>\n\n\n\n<figure class=\"wp-block-image size-full\"><a href=\" https:\/\/legisver.gob.mx\/Inicio.php?p=sliderInfoNP&amp;i=8785682\"><img loading=\"lazy\" decoding=\"async\" width=\"728\" height=\"90\" src=\"https:\/\/lospoliticosveracruz.com.mx\/wp-content\/uploads\/2025\/10\/Legis-Cintillo.png\" alt=\"\" class=\"wp-image-155724\" srcset=\"https:\/\/lospoliticosveracruz.com.mx\/wp-content\/uploads\/2025\/10\/Legis-Cintillo.png 728w, https:\/\/lospoliticosveracruz.com.mx\/wp-content\/uploads\/2025\/10\/Legis-Cintillo-300x37.png 300w\" sizes=\"auto, (max-width: 728px) 100vw, 728px\" \/><\/a><\/figure>\n\n\n\n<p>La emergencia la \u201catendieron\u201d desde la capirucha con puro bolet\u00edn de promesas: que todo ya est\u00e1 levantado, que \u201c<strong>Veracruz se reconstruye<\/strong>\u201d y que \u201cya no habr\u00e1 m\u00e1s inundaciones en el futuro\u201d&#8230; as\u00ed merito lo dijo <strong>do\u00f1a Zacatecas<\/strong>. Vean la p\u00e1gina del <strong>Gobierno Estatal<\/strong>: que la zona de desastre ya es tema atendido y \u201ca lo que sigue\u201d.<\/p>\n\n\n\n<p>Si nos atenemos a lo que afirma la <strong>goberneitar<\/strong>, pos uno se imagina que ya est\u00e1 a todo dar el norte veracruzano; que todo est\u00e1 limpio y reconstruido; y que los damnificados andan m\u00e1s que felices nadando \u2014pero en la abundancia\u2014 y retecontentos porque las inundaciones les hicieron lo que el viento a Ju\u00e1rez. \u00a1Juar juar juar!<br>Eso quieren dar a entender las declaraciones de la <strong>T\u00eda Corajienta<\/strong>, sus boletines y sus voceros en la prensa. Como quieren decir que \u201caqu\u00ed no pas\u00f3 nada\u201d y sigan su camino&#8230; luego van a salir con que <strong>Poza Rica<\/strong> y <strong>\u00c1lamo<\/strong> est\u00e1n mejor que <strong>Dinamarca<\/strong> o <strong>Nueva York<\/strong>&#8230; todo gracias a la 4T. \u00a1Na m\u00e1s esp\u00e9rense!<\/p>\n\n\n\n<p>Pero las malas lenguas intrigosas cuentan que la <strong>T\u00eda Enojona<\/strong> se fue al mero <strong>R\u00edo Grande<\/strong> a honrar a sus difuntos&#8230; y tons no hay modo de dividirse en dos: estar en el norte de <strong>Veracruz<\/strong> o en su parroquia donde est\u00e1n sus ancestros. Pero apenas se fue el gato y ac\u00e1 hicieron fiesta los ratones&#8230; nadie se par\u00f3 por el norte en estos d\u00edas.<\/p>\n\n\n\n<p><strong>LE NEGARON LA SELFIE&#8230;<\/strong><br>Los enterados cuentan que el chaparr\u00f3n del <strong>Bienestar<\/strong>, durante los momentos m\u00e1s cr\u00edticos posteriores a la inundaci\u00f3n en <strong>Poza Rica<\/strong>, andaba desesperado buscando una foto con <strong>Ariadna Montiel<\/strong>, titular de la <strong>Secretar\u00eda del Bienestar<\/strong>, pero su c\u00edrculo no se lo permiti\u00f3\u2026 que cuando intentaba acercarse, la funcionaria puso tierra de por medio y le mand\u00f3 a decir, a trav\u00e9s de terceros, que es momento de ayudar a la gente, no de tomarse fotos.<br>Por eso \u00faltimamente el <strong>Car\u00f3n<\/strong> fue subir puras fotos a sus redes de la gente anot\u00e1ndose en los censos y los eventos, pero de lejos&#8230; se retrata con la flota de a pie.<\/p>\n\n\n\n<p>Incluso gente de <strong>Bienestar<\/strong> que sirvi\u00f3 de choferes en los veh\u00edculos donde se trasladaba <strong>Ariadna Montiel<\/strong> escuch\u00f3 que la funcionaria dijo varias veces que <strong>Cazar\u00edn<\/strong> era puro postear en <strong>Facebook<\/strong>, pero que a eso no se debe ir a una zona siniestrada.<\/p>\n\n\n\n<p><strong>SOLO EN LA B\u00daSQUEDA&#8230;<\/strong><br>Los que s\u00ed andan en el norte documentando period\u00edsticamente la tragedia son los colegas <strong>Miguel \u00c1ngel Carmona<\/strong> y el fotoperiodista <strong>Ra\u00fal Estrella<\/strong>, y cuentan historias muy diferentes a las que dice la <strong>T\u00eda Ch\u00edo<\/strong> y sus corifeos: nada est\u00e1 de pie, nadie est\u00e1 contento y todav\u00eda siguen buscando a sus seres queridos que fueron devorados por las aguas.<\/p>\n\n\n\n<p>Como el caso de <strong>\u00c9dgar Vargas<\/strong>, que a casi un mes del desastre todav\u00eda sigue buscando a su esposa y a su hija desaparecidas y nadie en el gobierno lo ayuda. Que <strong>do\u00f1a Lutgarda Madrigal<\/strong>, de la <strong>Comisi\u00f3n de B\u00fasqueda del Estado<\/strong>, ni siquiera le ha tomado la llamada y mucho menos se ha aparecido en la regi\u00f3n para atender ese caso y los de otras cinco familias m\u00e1s que buscan a sus desaparecidos.<\/p>\n\n\n\n<p>Vale la pena leer el texto que el colega <strong>Carmona<\/strong> poste\u00f3 en sus redes sociales:<br>\u201cDesde hace 25 d\u00edas, <strong>\u00c9dgar Vargas<\/strong> no ha hecho otra cosa que buscar a su esposa, la maestra <strong>Lupita<\/strong>, y a su hija <strong>Allison<\/strong>, de 7 a\u00f1os. La casa donde ambas rentaban, en la comunidad de <strong>Chahuatl\u00e1n<\/strong>, fue devorada por el <strong>r\u00edo Ilamatl\u00e1n<\/strong> durante las inundaciones en el norte de <strong>Veracruz<\/strong>.<br>\u00c9dgar ha recorrido comunidades enteras (cl\u00ednicas, albergues y morgues) buscando pistas de sus tesoros pero no ha tenido suerte. Por instrucciones de la <strong>gobernadora Roc\u00edo Nahle<\/strong>, tres polic\u00edas de la <strong>Unidad Canina de la SSP<\/strong> lo han acompa\u00f1ado en su caminar a lo largo de esta peligrosa afluente que conecta a <strong>Veracruz<\/strong> con el estado de <strong>Hidalgo<\/strong>.<br>El colega incluso pidi\u00f3 en sus redes a conocidos que ayuden a compartir la informaci\u00f3n de estas mujeres y que alienten a <strong>\u00c9dgar<\/strong> con sus mensajes. Hoy sus d\u00edas son as\u00ed: dormir por las noches en un albergue de <strong>Poza Rica<\/strong>, para al d\u00eda siguiente tomar un helic\u00f3ptero y seguir buscando por todos los rincones del <strong>r\u00edo Ilamatl\u00e1n<\/strong>. \u2018No hay d\u00eda que no piense en ellas\u2019, dice \u00c9dgar, y les promete que las va a encontrar. Estoy seguro que as\u00ed ser\u00e1\u201d, escribi\u00f3.<\/p>\n\n\n\n<p>Tambi\u00e9n hubo el caso de un joven de <strong>23 a\u00f1os de Mart\u00ednez de la Torre<\/strong> que se fue de voluntario como rescatista con lancheros de <strong>Costa Esmeralda<\/strong> para rescatar damnificados del <strong>r\u00edo Tecolutla<\/strong> en <strong>Papantla<\/strong>, pero la lancha se volc\u00f3; sobrevivieron dos lancheros y solo ese muchacho no lo encontraban\u2026 su familia estuvo casi tres semanas metida en el r\u00edo recorriendo kil\u00f3metros del afluente sin ayuda oficial, solo un buzo de <strong>Mart\u00ednez de la Torre<\/strong> que se uni\u00f3 a la b\u00fasqueda, hasta que encontr\u00f3 su cuerpo sin vida: <strong>Orlando L\u00f3pez Tapia<\/strong>.<br>Y para variar, tuvieron que enfrentar un viacrucis para poder sacar el cuerpo del r\u00edo porque no hab\u00eda servicios periciales en <strong>Papantla<\/strong> ni personal de guardia, y los restos de <strong>Orlando<\/strong> tuvieron que quedarse 24 horas m\u00e1s en el agua hasta que lleg\u00f3 el <strong>fiscal<\/strong> a dar fe del hecho y entregarlo a la familia.<\/p>\n\n\n\n<p>Eso contradice todo lo que aseguran en el <strong>Gobierno Estatal<\/strong>: que todo est\u00e1 \u201crebi\u00e9n\u201d, que la tragedia ya est\u00e1 superada, que es cosa del pasado, y que los de all\u00e1 est\u00e1n retecontentos con la atenci\u00f3n \u201ccuatrotera\u201d. Que se los crea quien no los conozca.<\/p>\n","protected":false},"excerpt":{"rendered":"<p>Oved ContrerasSecas Mecas Los damnificados pueden esperar porque la T\u00eda Berrinches y todo el gabinete ni sus luces el fin de semana&#8230; ten\u00edan d\u00edas libres y no los aprovecharon para ir a ayudar en la Zona Cero, sino que prefirieron irse de pachanga para festejar el Jalog\u00fcinnn. La emergencia la \u201catendieron\u201d desde la capirucha con [&hellip;]<\/p>\n","protected":false},"author":2,"featured_media":141426,"comment_status":"closed","ping_status":"closed","sticky":false,"template":"","format":"standard","meta":{"_jetpack_newsletter_access":"","_jetpack_dont_email_post_to_subs":false,"_jetpack_newsletter_tier_id":0,"_jetpack_memberships_contains_paywalled_content":false,"_jetpack_memberships_contains_paid_content":false,"footnotes":""},"categories":[70],"tags":[45238,46585,46943,3578],"class_list":["post-155785","post","type-post","status-publish","format-standard","has-post-thumbnail","hentry","category-de-opinion","tag-busqueda-de-desaparecidos","tag-poza-rica-inundaciones","tag-rio-ilamatlan","tag-rocio-nahle"],"jetpack_featured_media_url":"https:\/\/lospoliticosveracruz.com.mx\/wp-content\/uploads\/2025\/04\/Oved-Contreras.jpg","jetpack_sharing_enabled":true,"jetpack_shortlink":"https:\/\/wp.me\/p4Qcd3-EwF","_links":{"self":[{"href":"https:\/\/lospoliticosveracruz.com.mx\/index.php?rest_route=\/wp\/v2\/posts\/155785","targetHints":{"allow":["GET"]}}],"collection":[{"href":"https:\/\/lospoliticosveracruz.com.mx\/index.php?rest_route=\/wp\/v2\/posts"}],"about":[{"href":"https:\/\/lospoliticosveracruz.com.mx\/index.php?rest_route=\/wp\/v2\/types\/post"}],"author":[{"embeddable":true,"href":"https:\/\/lospoliticosveracruz.com.mx\/index.php?rest_route=\/wp\/v2\/users\/2"}],"replies":[{"embeddable":true,"href":"https:\/\/lospoliticosveracruz.com.mx\/index.php?rest_route=%2Fwp%2Fv2%2Fcomments&post=155785"}],"version-history":[{"count":1,"href":"https:\/\/lospoliticosveracruz.com.mx\/index.php?rest_route=\/wp\/v2\/posts\/155785\/revisions"}],"predecessor-version":[{"id":155786,"href":"https:\/\/lospoliticosveracruz.com.mx\/index.php?rest_route=\/wp\/v2\/posts\/155785\/revisions\/155786"}],"wp:featuredmedia":[{"embeddable":true,"href":"https:\/\/lospoliticosveracruz.com.mx\/index.php?rest_route=\/wp\/v2\/media\/141426"}],"wp:attachment":[{"href":"https:\/\/lospoliticosveracruz.com.mx\/index.php?rest_route=%2Fwp%2Fv2%2Fmedia&parent=155785"}],"wp:term":[{"taxonomy":"category","embeddable":true,"href":"https:\/\/lospoliticosveracruz.com.mx\/index.php?rest_route=%2Fwp%2Fv2%2Fcategories&post=155785"},{"taxonomy":"post_tag","embeddable":true,"href":"https:\/\/lospoliticosveracruz.com.mx\/index.php?rest_route=%2Fwp%2Fv2%2Ftags&post=155785"}],"curies":[{"name":"wp","href":"https:\/\/api.w.org\/{rel}","templated":true}]}}