{"id":155800,"date":"2025-11-03T12:40:12","date_gmt":"2025-11-03T18:40:12","guid":{"rendered":"https:\/\/lospoliticosveracruz.com.mx\/?p=155800"},"modified":"2025-11-03T12:40:32","modified_gmt":"2025-11-03T18:40:32","slug":"por-fin-los-conoceran","status":"publish","type":"post","link":"https:\/\/lospoliticosveracruz.com.mx\/?p=155800","title":{"rendered":"POR FIN LOS CONOCER\u00c1N!"},"content":{"rendered":"\n<p><strong>Isabel Ortega<\/strong><\/p>\n\n\n\n<p>A mediados de noviembre iniciar\u00e1 la glosa del primer informe de gobierno de Roc\u00edo Nahle Garc\u00eda, proceso en el que las y los secretarios de despacho deber\u00e1n comparecer ante el Congreso del Estado para rendir cuentas sobre el estado que guarda la administraci\u00f3n p\u00fablica.<\/p>\n\n\n\n<p>El diputado del Partido del Trabajo (PT), Ram\u00f3n D\u00edaz \u00c1vila, consider\u00f3 que las comparecencias no solo permitir\u00e1n evaluar el trabajo del primer a\u00f1o de gesti\u00f3n, sino que ser\u00e1n una oportunidad para conocer personalmente a los nuevos integrantes del gabinete estatal.<\/p>\n\n\n\n<p>\u201cLas comparecencias servir\u00e1n para conocer a varios de los secretarios. Hemos visto el actuar de la gobernadora, que tiene mucha participaci\u00f3n, pero la verdad es que no hemos visto a muchos secretarios, hay algunos que ni conocemos\u201d, expres\u00f3 el legislador.<\/p>\n\n\n\n<p>D\u00edaz \u00c1vila coment\u00f3 que hasta ahora los \u00fanicos funcionarios con los que los diputados han tenido contacto son Igor Roj\u00ed, secretario de Turismo y exdiputado local; Ricardo Ahued, secretario de Gobierno, y Claudia Tello, titular de la Secretar\u00eda de Educaci\u00f3n de Veracruz (SEV).<\/p>\n\n\n\n<p>Oficina de enlace limita contacto con los secretarios<\/p>\n\n\n\n<p>El legislador petista explic\u00f3 que, a diferencia de administraciones anteriores, los diputados ya no realizan gesti\u00f3n directa con las dependencias estatales, pues el actual gobierno cre\u00f3 una oficina de enlace gubernamental con el Congreso para canalizar las peticiones.<\/p>\n\n\n\n<p>Los diputados ya no hacen gesti\u00f3n directa con los secretarios, \u201ctenemos una oficina de enlace gubernamental con el Congreso, as\u00ed que no andamos visitando a los secretarios\u201d, precis\u00f3.<\/p>\n\n\n\n<p>De acuerdo con la Constituci\u00f3n y la Ley Org\u00e1nica del Poder Legislativo, la gobernadora debe entregar su informe de labores cada 10 de septiembre, y posteriormente, el Congreso realiza el an\u00e1lisis correspondiente y cita a los titulares de las dependencias estatales para comparecer bajo protesta de decir verdad.<\/p>\n\n\n\n<p>Una vez concluidas las comparecencias, la gobernadora comparecer\u00e1 ante el Pleno para responder las preguntas de las y los diputados.<\/p>\n\n\n\n<p>Los titulares de las dependencias que deber\u00e1n comparecer ante el Congreso<\/p>\n\n\n\n<p>1. Secretar\u00eda de Gobierno (Segob)<\/p>\n\n\n\n<p>2. Secretar\u00eda de Seguridad P\u00fablica (SSP)<\/p>\n\n\n\n<p>3. Secretar\u00eda de Finanzas y Planeaci\u00f3n (Sefiplan)<\/p>\n\n\n\n<p>4. Secretar\u00eda de Educaci\u00f3n de Veracruz (SEV)<\/p>\n\n\n\n<p>5. Secretar\u00eda de Trabajo, Previsi\u00f3n Social y Productividad<\/p>\n\n\n\n<p>6. Secretar\u00eda de Desarrollo Econ\u00f3mico y Portuario (Sedecop)<\/p>\n\n\n\n<p>7. Secretar\u00eda de Infraestructura y Obras P\u00fablicas (SIOP)<\/p>\n\n\n\n<p>8. Secretar\u00eda de Desarrollo Social (Sedesol)<\/p>\n\n\n\n<p>9. Secretar\u00eda de Medio Ambiente (Sedema)<\/p>\n\n\n\n<p>10. Secretar\u00eda de Desarrollo Agropecuario, Rural y Pesca (Sedarpa)<\/p>\n\n\n\n<p>11. Secretar\u00eda de Salud (SS)<\/p>\n\n\n\n<p>12. Secretar\u00eda de Turismo (Sectur)<\/p>\n\n\n\n<p>13. Secretar\u00eda de Protecci\u00f3n Civil (SPC)<\/p>\n\n\n\n<p>14. Secretar\u00eda de Cultura<\/p>\n\n\n\n<p>15. Contralor\u00eda General del Estado<\/p>\n\n\n\n<p>16. Coordinaci\u00f3n General de Comunicaci\u00f3n Social<\/p>\n","protected":false},"excerpt":{"rendered":"<p>Isabel Ortega A mediados de noviembre iniciar\u00e1 la glosa del primer informe de gobierno de Roc\u00edo Nahle Garc\u00eda, proceso en el que las y los secretarios de despacho deber\u00e1n comparecer ante el Congreso del Estado para rendir cuentas sobre el estado que guarda la administraci\u00f3n p\u00fablica. El diputado del Partido del Trabajo (PT), Ram\u00f3n D\u00edaz [&hellip;]<\/p>\n","protected":false},"author":2,"featured_media":0,"comment_status":"closed","ping_status":"closed","sticky":false,"template":"","format":"standard","meta":{"_jetpack_newsletter_access":"","_jetpack_dont_email_post_to_subs":false,"_jetpack_newsletter_tier_id":0,"_jetpack_memberships_contains_paywalled_content":false,"_jetpack_memberships_contains_paid_content":false,"footnotes":""},"categories":[6446],"tags":[],"class_list":["post-155800","post","type-post","status-publish","format-standard","hentry","category-la-nota"],"jetpack_featured_media_url":"","jetpack_sharing_enabled":true,"jetpack_shortlink":"https:\/\/wp.me\/p4Qcd3-EwU","_links":{"self":[{"href":"https:\/\/lospoliticosveracruz.com.mx\/index.php?rest_route=\/wp\/v2\/posts\/155800","targetHints":{"allow":["GET"]}}],"collection":[{"href":"https:\/\/lospoliticosveracruz.com.mx\/index.php?rest_route=\/wp\/v2\/posts"}],"about":[{"href":"https:\/\/lospoliticosveracruz.com.mx\/index.php?rest_route=\/wp\/v2\/types\/post"}],"author":[{"embeddable":true,"href":"https:\/\/lospoliticosveracruz.com.mx\/index.php?rest_route=\/wp\/v2\/users\/2"}],"replies":[{"embeddable":true,"href":"https:\/\/lospoliticosveracruz.com.mx\/index.php?rest_route=%2Fwp%2Fv2%2Fcomments&post=155800"}],"version-history":[{"count":1,"href":"https:\/\/lospoliticosveracruz.com.mx\/index.php?rest_route=\/wp\/v2\/posts\/155800\/revisions"}],"predecessor-version":[{"id":155802,"href":"https:\/\/lospoliticosveracruz.com.mx\/index.php?rest_route=\/wp\/v2\/posts\/155800\/revisions\/155802"}],"wp:attachment":[{"href":"https:\/\/lospoliticosveracruz.com.mx\/index.php?rest_route=%2Fwp%2Fv2%2Fmedia&parent=155800"}],"wp:term":[{"taxonomy":"category","embeddable":true,"href":"https:\/\/lospoliticosveracruz.com.mx\/index.php?rest_route=%2Fwp%2Fv2%2Fcategories&post=155800"},{"taxonomy":"post_tag","embeddable":true,"href":"https:\/\/lospoliticosveracruz.com.mx\/index.php?rest_route=%2Fwp%2Fv2%2Ftags&post=155800"}],"curies":[{"name":"wp","href":"https:\/\/api.w.org\/{rel}","templated":true}]}}