{"id":155814,"date":"2025-11-03T21:39:59","date_gmt":"2025-11-04T03:39:59","guid":{"rendered":"https:\/\/lospoliticosveracruz.com.mx\/?p=155814"},"modified":"2025-11-06T07:56:55","modified_gmt":"2025-11-06T13:56:55","slug":"manzo-y-colosio","status":"publish","type":"post","link":"https:\/\/lospoliticosveracruz.com.mx\/?p=155814","title":{"rendered":"MANZO Y COLOSIO"},"content":{"rendered":"\n<p>S\u00edguenos ahora tambi\u00e9n en WhatsApp.\u00a0\u00a1<a href=\"https:\/\/whatsapp.com\/channel\/0029Va8zRWlEKyZIP3Z1dF0e\"><strong>Da clic aqu\u00ed<\/strong><\/a><strong>!<\/strong><\/p>\n\n\n\n<p><strong>Salvador Mu\u00f1oz<\/strong><br><em>Los Pol\u00edticos<\/em><\/p>\n\n\n\n<p><strong>Carlos Manzo<\/strong> es, hoy por hoy, el estandarte de la <strong>Oposici\u00f3n<\/strong> y el anatema del <strong>Gobierno<\/strong>.<br>Algunos lo comparan con <strong>Luis Donaldo Colosio<\/strong>, quiz\u00e1 por la forma en que su agresor lo victim\u00f3; otros, m\u00e1s audaces, por el \u201cfuturo\u201d que representaba, como aqu\u00e9l que muchos siguen atribuyendo a <strong>Colosio<\/strong>.<\/p>\n\n\n\n<figure class=\"wp-block-image size-full\"><a href=\" https:\/\/legisver.gob.mx\/Inicio.php?p=sliderInfoNP&amp;i=8785682\"><img loading=\"lazy\" decoding=\"async\" width=\"728\" height=\"90\" src=\"https:\/\/lospoliticosveracruz.com.mx\/wp-content\/uploads\/2025\/10\/Legis-Cintillo.png\" alt=\"\" class=\"wp-image-155724\" srcset=\"https:\/\/lospoliticosveracruz.com.mx\/wp-content\/uploads\/2025\/10\/Legis-Cintillo.png 728w, https:\/\/lospoliticosveracruz.com.mx\/wp-content\/uploads\/2025\/10\/Legis-Cintillo-300x37.png 300w\" sizes=\"auto, (max-width: 728px) 100vw, 728px\" \/><\/a><\/figure>\n\n\n\n<p>Me explico: hab\u00eda quienes ya ve\u00edan en <strong>Carlos Manzo<\/strong> al futuro gobernador de <strong>Michoac\u00e1n<\/strong>, incluso a un posible candidato presidencial rumbo al 2030.<br>A <strong>Colosio<\/strong> se le recuerda como el presidente ideal que nunca fue, elevado a ese pedestal por su tr\u00e1gica muerte y por aquel discurso del 6 de marzo de 1994: <em>\u201cVeo a un M\u00e9xico con hambre de justicia\u2026\u201d<\/em><\/p>\n\n\n\n<p><strong>Manzo<\/strong> atrajo los reflectores cuando, desde las redes, llam\u00f3 o ret\u00f3 a <strong>Claudia Sheinbaum<\/strong> y a <strong>Omar Garc\u00eda Harfuch<\/strong> a no dejar solo a <strong>Uruapan<\/strong> \u201cen el combate a los delitos federales que corresponde atender a la <strong>Federaci\u00f3n<\/strong>\u201d, mientras anunciaba su lucha municipal contra la inseguridad.<\/p>\n\n\n\n<p>Desde <strong>Morena<\/strong>, fue uno de los cr\u00edticos m\u00e1s severos del clima de violencia que se viv\u00eda en su municipio, su distrito y su estado. Incluso lleg\u00f3 a ser v\u00edctima de esa misma inseguridad, a manos \u2013seg\u00fan denunci\u00f3\u2013 de la propia <strong>Guardia Nacional<\/strong>.<br>Ah\u00ed hay m\u00e1s similitudes con <strong>Colosio<\/strong>.<\/p>\n\n\n\n<p>\u00bfQui\u00e9n mat\u00f3 a <strong>Colosio<\/strong>? Para muchos, no fue <strong>Aburto<\/strong>. En la narrativa popular, la responsabilidad recay\u00f3 en <strong>Carlos Salinas de Gortari<\/strong>.<br>\u00bfQui\u00e9n mat\u00f3 a <strong>Manzo<\/strong>? Para la <strong>Oposici\u00f3n<\/strong>, la historia ya tiene un culpable asignado: <strong>#FueClaudia<\/strong>.<\/p>\n\n\n\n<p><strong>Colosio<\/strong>, quien ten\u00eda todas las de perder como candidato del <strong>PRI<\/strong>, se convirti\u00f3 tras su muerte en el sentimiento de una naci\u00f3n que termin\u00f3 votando por el mismo partido.<br><strong>Manzo<\/strong>, con apenas un a\u00f1o como presidente municipal, ya era visto por muchos de sus seguidores como figura con talla de gobernador y m\u00e1s all\u00e1. Hoy, todav\u00eda es dif\u00edcil dimensionar el efecto pol\u00edtico y social que su muerte tendr\u00e1, al menos de aqu\u00ed al 2027.<\/p>\n\n\n\n<p><strong>Carlos Manzo<\/strong> es, en este momento, un estandarte para la sociedad y, de paso, para la <strong>Oposici\u00f3n<\/strong>: una bandera para ondear contra el partido en el poder, contra la presidenta <strong>Claudia Sheinbaum<\/strong> y, si se descuida, hasta contra el puntero en la carrera presidencial del 2030, <strong>Omar Garc\u00eda Harfuch<\/strong>.<\/p>\n\n\n\n<p>El problema no es que <strong>Carlos Manzo<\/strong> sea un estandarte del ciudadano. El problema es que lo sea para la <strong>Oposici\u00f3n<\/strong>.<\/p>\n\n\n\n<p>Es cierto, no lo ser\u00e1 para <strong>Movimiento Ciudadano<\/strong>, que en su <strong>Colosio<\/strong> ya tiene su propio s\u00edmbolo. Pero en el <strong>PRI<\/strong>, \u00bfqui\u00e9n tomar\u00e1 esa bandera de lucha por la justicia? \u00bfQui\u00e9n en el <strong>PAN<\/strong>?<\/p>\n\n\n\n<p>No hay duda: <strong>Carlos Manzo<\/strong> se ha convertido en un referente, un personaje tr\u00e1gico, un h\u00e9roe que, al igual que <strong>Colosio<\/strong>, no pudo ver realizado su sue\u00f1o.<br><strong>Colosio<\/strong> so\u00f1\u00f3 con un M\u00e9xico sin hambre de justicia; <strong>Manzo<\/strong>, con un <strong>Uruapan<\/strong> sin violencia. Ambos, en distinta escala, en diferente dimensi\u00f3n, y post mortem, encarnan la esperanza de millones de ciudadanos que sue\u00f1an con un mejor <strong>M\u00e9xico<\/strong>.<\/p>\n","protected":false},"excerpt":{"rendered":"<p>Salvador Mu\u00f1ozLos Pol\u00edticos Carlos Manzo es, hoy por hoy, el estandarte de la Oposici\u00f3n y el anatema del Gobierno.Algunos lo comparan con Luis Donaldo Colosio, quiz\u00e1 por la forma en que su agresor lo victim\u00f3; otros, m\u00e1s audaces, por el \u201cfuturo\u201d que representaba, como aqu\u00e9l que muchos siguen atribuyendo a Colosio. Me explico: hab\u00eda quienes [&hellip;]<\/p>\n","protected":false},"author":2,"featured_media":141805,"comment_status":"closed","ping_status":"closed","sticky":false,"template":"","format":"standard","meta":{"_jetpack_newsletter_access":"","_jetpack_dont_email_post_to_subs":false,"_jetpack_newsletter_tier_id":0,"_jetpack_memberships_contains_paywalled_content":false,"_jetpack_memberships_contains_paid_content":false,"footnotes":""},"categories":[70],"tags":[44793,9627,13512,2200,46958,2327],"class_list":["post-155814","post","type-post","status-publish","format-standard","has-post-thumbnail","hentry","category-de-opinion","tag-carlos-manzo","tag-claudia-sheinbaum","tag-guardia-nacional","tag-luis-donaldo-colosio","tag-michoacan-uruapan","tag-movimiento-ciudadano"],"jetpack_featured_media_url":"https:\/\/lospoliticosveracruz.com.mx\/wp-content\/uploads\/2025\/04\/Chava-Munoz-1.jpg","jetpack_sharing_enabled":true,"jetpack_shortlink":"https:\/\/wp.me\/p4Qcd3-Ex8","_links":{"self":[{"href":"https:\/\/lospoliticosveracruz.com.mx\/index.php?rest_route=\/wp\/v2\/posts\/155814","targetHints":{"allow":["GET"]}}],"collection":[{"href":"https:\/\/lospoliticosveracruz.com.mx\/index.php?rest_route=\/wp\/v2\/posts"}],"about":[{"href":"https:\/\/lospoliticosveracruz.com.mx\/index.php?rest_route=\/wp\/v2\/types\/post"}],"author":[{"embeddable":true,"href":"https:\/\/lospoliticosveracruz.com.mx\/index.php?rest_route=\/wp\/v2\/users\/2"}],"replies":[{"embeddable":true,"href":"https:\/\/lospoliticosveracruz.com.mx\/index.php?rest_route=%2Fwp%2Fv2%2Fcomments&post=155814"}],"version-history":[{"count":2,"href":"https:\/\/lospoliticosveracruz.com.mx\/index.php?rest_route=\/wp\/v2\/posts\/155814\/revisions"}],"predecessor-version":[{"id":155969,"href":"https:\/\/lospoliticosveracruz.com.mx\/index.php?rest_route=\/wp\/v2\/posts\/155814\/revisions\/155969"}],"wp:featuredmedia":[{"embeddable":true,"href":"https:\/\/lospoliticosveracruz.com.mx\/index.php?rest_route=\/wp\/v2\/media\/141805"}],"wp:attachment":[{"href":"https:\/\/lospoliticosveracruz.com.mx\/index.php?rest_route=%2Fwp%2Fv2%2Fmedia&parent=155814"}],"wp:term":[{"taxonomy":"category","embeddable":true,"href":"https:\/\/lospoliticosveracruz.com.mx\/index.php?rest_route=%2Fwp%2Fv2%2Fcategories&post=155814"},{"taxonomy":"post_tag","embeddable":true,"href":"https:\/\/lospoliticosveracruz.com.mx\/index.php?rest_route=%2Fwp%2Fv2%2Ftags&post=155814"}],"curies":[{"name":"wp","href":"https:\/\/api.w.org\/{rel}","templated":true}]}}