{"id":155881,"date":"2025-11-04T21:09:37","date_gmt":"2025-11-05T03:09:37","guid":{"rendered":"https:\/\/lospoliticosveracruz.com.mx\/?p=155881"},"modified":"2025-11-04T21:10:03","modified_gmt":"2025-11-05T03:10:03","slug":"estatizacion","status":"publish","type":"post","link":"https:\/\/lospoliticosveracruz.com.mx\/?p=155881","title":{"rendered":"ESTATIZACI\u00d3N"},"content":{"rendered":"\n<p>S\u00edguenos ahora tambi\u00e9n en WhatsApp.\u00a0\u00a1<a href=\"https:\/\/whatsapp.com\/channel\/0029Va8zRWlEKyZIP3Z1dF0e\"><strong>Da clic aqu\u00ed<\/strong><\/a><strong>!<\/strong><\/p>\n\n\n\n<p><strong>Guadalupe H. Mar<\/strong><br><em>Mira Pol\u00edtica<\/em><\/p>\n\n\n\n<p><strong>DEL TRANSPORTE\u2026<\/strong> La ma\u00f1ana del pasado <strong>viernes 31 de octubre<\/strong>, en el municipio de <strong>Boca del R\u00edo<\/strong>, dieron el banderazo de salida a los <strong>102 autobuses chinos Yutong Bus<\/strong> adquiridos por el <strong>Gobierno del Estado de Veracruz<\/strong> como parte del proyecto <strong>\u201cUl\u00faa\u201d<\/strong>, para modernizar el servicio de transporte de pasajeros en varias ciudades de la entidad.<br>El evento se realiz\u00f3 en la llamada <strong>\u201cPlaza de los Valores\u201d<\/strong> y asistieron autoridades locales, estatales, permisionarios e invitados.<\/p>\n\n\n\n<figure class=\"wp-block-image size-full\"><a href=\" https:\/\/legisver.gob.mx\/Inicio.php?p=sliderInfoNP&amp;i=8785682\"><img loading=\"lazy\" decoding=\"async\" width=\"728\" height=\"90\" src=\"https:\/\/lospoliticosveracruz.com.mx\/wp-content\/uploads\/2025\/10\/Legis-Cintillo.png\" alt=\"\" class=\"wp-image-155724\" srcset=\"https:\/\/lospoliticosveracruz.com.mx\/wp-content\/uploads\/2025\/10\/Legis-Cintillo.png 728w, https:\/\/lospoliticosveracruz.com.mx\/wp-content\/uploads\/2025\/10\/Legis-Cintillo-300x37.png 300w\" sizes=\"auto, (max-width: 728px) 100vw, 728px\" \/><\/a><\/figure>\n\n\n\n<p>Ese mismo d\u00eda, m\u00e1s temprano, apareci\u00f3 la <strong>Gaceta Oficial del Gobierno del Estado de Veracruz<\/strong>, N\u00famero Extraordinario 436, donde la <strong>Oficina de la Gobernadora<\/strong> public\u00f3 dos decretos relacionados con el inicio de actividades de los proyectos <strong>\u201cUl\u00faa\u201d<\/strong> y <strong>\u201cQuetzalli\u201d<\/strong>, este \u00faltimo para <strong>Coatzacoalcos<\/strong>.<\/p>\n\n\n\n<p>El primer decreto <strong>\u201creforma y adiciona el similar por el que se ordena la constituci\u00f3n de un fideicomiso p\u00fablico, irrevocable de administraci\u00f3n, inversi\u00f3n y pagos para la modernizaci\u00f3n del sistema de transporte p\u00fablico de pasajeros\u201d<\/strong>, y el segundo <strong>\u201cestablece el programa de modernizaci\u00f3n del sistema de transporte p\u00fablico en la modalidad de transporte de pasajeros, submodalidades de urbano, suburbano y for\u00e1neo, consideradas en el art\u00edculo 118 fracci\u00f3n I incisos a), b) y c) de la Ley N\u00famero 589 de Tr\u00e1nsito y Transporte para el Estado de Veracruz de Ignacio de la Llave\u201d<\/strong>.<\/p>\n\n\n\n<p>Ambos decretos son algo as\u00ed como la letra chiquita de los contratos: pocos los leen, pero dada su importancia, deben revisarse detenidamente, pues ambos se refieren brevemente al pasado, pero muy ampliamente al presente y al futuro de lo que se pretende en la actual <strong>administraci\u00f3n estatal<\/strong> en relaci\u00f3n con el servicio de transporte p\u00fablico de pasajeros, incluidas por supuesto las <strong>actualizaciones tarifarias<\/strong>.<\/p>\n\n\n\n<p>El primer decreto, publicado el pasado <strong>31 de octubre<\/strong>, reforma y adiciona el similar del <strong>9 de abril<\/strong>, por el que se ordena la constituci\u00f3n de un <strong>Fideicomiso P\u00fablico, Irrevocable de Administraci\u00f3n, Inversi\u00f3n y Pagos para la Modernizaci\u00f3n del Sistema de Transporte P\u00fablico de Pasajeros<\/strong>, estableciendo en principio que dicho fideicomiso estar\u00e1 sectorizado a la <strong>Secretar\u00eda de Finanzas y Planeaci\u00f3n (Sefiplan)<\/strong>.<br>Se instruye a dicha dependencia para que efect\u00fae la suscripci\u00f3n del contrato constitutivo del mismo en los t\u00e9rminos del Art\u00edculo 1, con una <strong>instituci\u00f3n fiduciaria<\/strong> integrada al <strong>Sistema Financiero Mexicano<\/strong>, que ofrezca las mejores condiciones de contrataci\u00f3n, operaci\u00f3n y administraci\u00f3n para el Estado, en cuanto a precio, experiencia y calidad de los servicios.<\/p>\n\n\n\n<p>Ese fideicomiso tendr\u00e1 como fin <strong>\u201cotorgar subvenciones a los concesionarios de transporte p\u00fablico de pasajeros como parte del financiamiento para la renovaci\u00f3n de sus unidades\u201d<\/strong>, as\u00ed como <strong>\u201cfinanciar infraestructura relacionada directamente con el servicio de transporte p\u00fablico de pasajeros\u201d<\/strong>.<\/p>\n\n\n\n<p>De acuerdo con el diccionario, \u201csubvenci\u00f3n\u201d significa <em>ayuda econ\u00f3mica que se da a una persona o instituci\u00f3n para que realice una actividad considerada de inter\u00e9s general<\/em>, mientras que \u201cfinanciamiento\u201d es el proceso mediante el cual se proporciona capital a una empresa o persona para ejecutar un proyecto o negocio.<\/p>\n\n\n\n<p>En pocas palabras, y a reserva de que lo detallemos al abordar el segundo decreto publicado el viernes pasado en la <strong>Gaceta Oficial del Estado de Veracruz<\/strong> (<a href=\"https:\/\/www.veracruz.gob.mx\/gaceta-oficial\/\">https:\/\/www.veracruz.gob.mx\/gaceta-oficial\/<\/a>), el <strong>transporte p\u00fablico de pasajeros tiende a la estatizaci\u00f3n<\/strong> en el estado de <strong>Veracruz<\/strong>, entendido este concepto como \u201chacer que algo pase a estar bajo el control o la administraci\u00f3n del Estado\u201d.<\/p>\n\n\n\n<p>En resumen, el <strong>Gobierno del Estado de Veracruz<\/strong> asume el <strong>control financiero<\/strong> de la modernizaci\u00f3n y de todo lo relacionado con el servicio de transporte p\u00fablico de pasajeros, les guste o no.<\/p>\n\n\n\n<p>Pero calma, amables lectoras y lectores: en el pa\u00eds existen varios casos de <strong>sistemas de transporte p\u00fablico masivo o colectivo<\/strong> operados o administrados, al menos en parte, por gobiernos estatales o locales, algunos de ellos bastante exitosos.<\/p>\n\n\n\n<p>Por ejemplo, la <strong>Ciudad de M\u00e9xico<\/strong> cuenta con una extensa <strong>Red de Movilidad Integrada<\/strong>, operada por entidades gubernamentales como el <strong>Sistema de Transporte Colectivo (STC) Metro<\/strong>, <strong>Metrob\u00fas<\/strong>, <strong>Red de Transporte de Pasajeros (RTP)<\/strong>, <strong>Troleb\u00fas<\/strong>, <strong>Tren Ligero<\/strong> y <strong>Cableb\u00fas<\/strong>.<br>En el <strong>Estado de M\u00e9xico<\/strong>, una entidad gubernamental opera sistemas como el <strong>Mexib\u00fas<\/strong> y el <strong>Mexicable<\/strong>, que son transportes masivos en la Zona Metropolitana del Valle de M\u00e9xico.<br>En <strong>Jalisco<\/strong>, el gobierno estatal, a trav\u00e9s del <strong>Sistema de Tren El\u00e9ctrico Urbano (SITEUR)<\/strong>, opera el <strong>Tren El\u00e9ctrico Urbano de Guadalajara<\/strong>.<br>En <strong>Nuevo Le\u00f3n<\/strong>, el gobierno opera el sistema de metro conocido como <strong>Metrorrey<\/strong>, en Monterrey y su \u00e1rea metropolitana.<br>Nuestros vecinos de <strong>Puebla<\/strong> cuentan con el sistema de autob\u00fas de tr\u00e1nsito r\u00e1pido <strong>Metrob\u00fas o RUTA (Red Urbana de Transporte Articulado)<\/strong>, administrado por el gobierno estatal.<br>En <strong>Quer\u00e9taro<\/strong>, operan sistemas de transporte urbano como el <strong>Qrob\u00fas<\/strong>, regulado por el gobierno.<br>En <strong>Hidalgo<\/strong>, la ciudad de <strong>Pachuca<\/strong> cuenta con un sistema de transporte masivo, el <strong>Tuzob\u00fas<\/strong>, administrado por el gobierno estatal.<\/p>\n\n\n\n<p>Por ello, y dado que otros gobiernos del pa\u00eds ya lo hacen desde hace muchos a\u00f1os, habr\u00e1 que darle el <strong>beneficio de la duda<\/strong> o un <strong>voto de confianza<\/strong> al <strong>Gobierno Estatal Veracruzano<\/strong> en esta <strong>estatizaci\u00f3n del sistema de transporte p\u00fablico de pasajeros<\/strong>.<\/p>\n\n\n\n<p><strong>D\u00cdGALO SIN MIEDO\u2026<\/strong> al correo electr\u00f3nico <strong><a>guadalupehmar@gmail.com<\/a><\/strong><\/p>\n","protected":false},"excerpt":{"rendered":"<p>Guadalupe H. MarMira Pol\u00edtica DEL TRANSPORTE\u2026 La ma\u00f1ana del pasado viernes 31 de octubre, en el municipio de Boca del R\u00edo, dieron el banderazo de salida a los 102 autobuses chinos Yutong Bus adquiridos por el Gobierno del Estado de Veracruz como parte del proyecto \u201cUl\u00faa\u201d, para modernizar el servicio de transporte de pasajeros en [&hellip;]<\/p>\n","protected":false},"author":2,"featured_media":141398,"comment_status":"closed","ping_status":"closed","sticky":false,"template":"","format":"standard","meta":{"_jetpack_newsletter_access":"","_jetpack_dont_email_post_to_subs":false,"_jetpack_newsletter_tier_id":0,"_jetpack_memberships_contains_paywalled_content":false,"_jetpack_memberships_contains_paid_content":false,"footnotes":""},"categories":[70],"tags":[46973,46972,46975,1606,46974,46976],"class_list":["post-155881","post","type-post","status-publish","format-standard","has-post-thumbnail","hentry","category-de-opinion","tag-estatizacion-transporte-veracruz","tag-fideicomiso-sefiplan","tag-gaceta-oficial-veracruz","tag-guadalupe-h-mar","tag-modernizacion-transporte-publico","tag-proyecto-ulua"],"jetpack_featured_media_url":"https:\/\/lospoliticosveracruz.com.mx\/wp-content\/uploads\/2025\/04\/Lupita-H-Mar.jpg","jetpack_sharing_enabled":true,"jetpack_shortlink":"https:\/\/wp.me\/p4Qcd3-Eyd","_links":{"self":[{"href":"https:\/\/lospoliticosveracruz.com.mx\/index.php?rest_route=\/wp\/v2\/posts\/155881","targetHints":{"allow":["GET"]}}],"collection":[{"href":"https:\/\/lospoliticosveracruz.com.mx\/index.php?rest_route=\/wp\/v2\/posts"}],"about":[{"href":"https:\/\/lospoliticosveracruz.com.mx\/index.php?rest_route=\/wp\/v2\/types\/post"}],"author":[{"embeddable":true,"href":"https:\/\/lospoliticosveracruz.com.mx\/index.php?rest_route=\/wp\/v2\/users\/2"}],"replies":[{"embeddable":true,"href":"https:\/\/lospoliticosveracruz.com.mx\/index.php?rest_route=%2Fwp%2Fv2%2Fcomments&post=155881"}],"version-history":[{"count":1,"href":"https:\/\/lospoliticosveracruz.com.mx\/index.php?rest_route=\/wp\/v2\/posts\/155881\/revisions"}],"predecessor-version":[{"id":155882,"href":"https:\/\/lospoliticosveracruz.com.mx\/index.php?rest_route=\/wp\/v2\/posts\/155881\/revisions\/155882"}],"wp:featuredmedia":[{"embeddable":true,"href":"https:\/\/lospoliticosveracruz.com.mx\/index.php?rest_route=\/wp\/v2\/media\/141398"}],"wp:attachment":[{"href":"https:\/\/lospoliticosveracruz.com.mx\/index.php?rest_route=%2Fwp%2Fv2%2Fmedia&parent=155881"}],"wp:term":[{"taxonomy":"category","embeddable":true,"href":"https:\/\/lospoliticosveracruz.com.mx\/index.php?rest_route=%2Fwp%2Fv2%2Fcategories&post=155881"},{"taxonomy":"post_tag","embeddable":true,"href":"https:\/\/lospoliticosveracruz.com.mx\/index.php?rest_route=%2Fwp%2Fv2%2Ftags&post=155881"}],"curies":[{"name":"wp","href":"https:\/\/api.w.org\/{rel}","templated":true}]}}