{"id":155883,"date":"2025-11-04T21:36:37","date_gmt":"2025-11-05T03:36:37","guid":{"rendered":"https:\/\/lospoliticosveracruz.com.mx\/?p=155883"},"modified":"2025-11-04T21:37:10","modified_gmt":"2025-11-05T03:37:10","slug":"disminuyen-remesas-a-mexico","status":"publish","type":"post","link":"https:\/\/lospoliticosveracruz.com.mx\/?p=155883","title":{"rendered":"DISMINUYEN REMESAS A M\u00c9XICO"},"content":{"rendered":"\n<p>S\u00edguenos ahora tambi\u00e9n en WhatsApp.\u00a0\u00a1<a href=\"https:\/\/whatsapp.com\/channel\/0029Va8zRWlEKyZIP3Z1dF0e\"><strong>Da clic aqu\u00ed<\/strong><\/a><strong>!<\/strong><\/p>\n\n\n\n<p><strong>Carlos Miguel Acosta Bravo<\/strong>*<br><em>Impronta<\/em><\/p>\n\n\n\n<p>El comportamiento de las <strong>remesas enviadas por mexicanos en Estados Unidos<\/strong> a sus familias en M\u00e9xico ha mostrado una tendencia a la baja en los \u00faltimos meses de <strong>2025<\/strong>, afectada principalmente por los <strong>operativos antiinmigrantes del gobierno de Donald Trump<\/strong> y el clima econ\u00f3mico adverso generado por los <strong>aranceles<\/strong>.<\/p>\n\n\n\n<figure class=\"wp-block-image size-full\"><a href=\" https:\/\/legisver.gob.mx\/Inicio.php?p=sliderInfoNP&amp;i=8785682\"><img loading=\"lazy\" decoding=\"async\" width=\"728\" height=\"90\" src=\"https:\/\/lospoliticosveracruz.com.mx\/wp-content\/uploads\/2025\/10\/Legis-Cintillo.png\" alt=\"\" class=\"wp-image-155724\" srcset=\"https:\/\/lospoliticosveracruz.com.mx\/wp-content\/uploads\/2025\/10\/Legis-Cintillo.png 728w, https:\/\/lospoliticosveracruz.com.mx\/wp-content\/uploads\/2025\/10\/Legis-Cintillo-300x37.png 300w\" sizes=\"auto, (max-width: 728px) 100vw, 728px\" \/><\/a><\/figure>\n\n\n\n<p>Durante los primeros ocho meses de 2025, las remesas hacia M\u00e9xico sumaron aproximadamente <strong>40,467 millones de d\u00f3lares<\/strong>, cifra que representa una disminuci\u00f3n del <strong>5.9%<\/strong> respecto al mismo periodo de 2024, cuando se enviaron cerca de <strong>43,000 millones de d\u00f3lares<\/strong>. Esta ca\u00edda acumulada se ha prolongado por al menos seis meses consecutivos, con un descenso anual del <strong>5.5%<\/strong>.<\/p>\n\n\n\n<p>Se observa adem\u00e1s que el n\u00famero de env\u00edos ha disminuido cerca del <strong>4.7%<\/strong>, aunque el monto promedio por env\u00edo ha aumentado ligeramente en <strong>2.1%<\/strong>, indicando que menos personas env\u00edan dinero, pero con cantidades algo mayores.<\/p>\n\n\n\n<p>Los <strong>operativos para localizar y deportar migrantes indocumentados<\/strong> y la ret\u00f3rica adversa hacia la migraci\u00f3n, sumados a las <strong>propuestas de impuestos a las remesas<\/strong> por parte del <strong>Partido Republicano<\/strong>, han generado una contracci\u00f3n en el env\u00edo de dinero. Esta pol\u00edtica ha provocado una ca\u00edda del <strong>2.5%<\/strong> en remesas en los primeros cuatro meses de 2025, con una cifra de <strong>19,015 millones<\/strong> frente a <strong>19,591 millones<\/strong> en el mismo lapso de 2024. Adem\u00e1s, la inseguridad generada por estas pol\u00edticas dificulta que algunos migrantes con ingresos env\u00eden dinero regularmente.<\/p>\n\n\n\n<p>Los <strong>aranceles impuestos por Estados Unidos<\/strong> han afectado indirectamente la econom\u00eda de las familias mexicanas en ese pa\u00eds, ya que generan <strong>presiones inflacionarias<\/strong> y un aumento en los <strong>costos de producci\u00f3n<\/strong>, lo que a su vez puede afectar el <strong>empleo y estabilidad econ\u00f3mica<\/strong> en sectores donde laboran mexicanos. Se estima que estos aranceles han contribuido a un <strong>ambiente de recesi\u00f3n<\/strong> en M\u00e9xico y a factores de incertidumbre para los migrantes, lo que incide en la <strong>disminuci\u00f3n de remesas<\/strong> y en la reducci\u00f3n del poder adquisitivo de estas familias.<\/p>\n\n\n\n<p>En los \u00faltimos seis meses, las remesas a M\u00e9xico han disminuido alrededor de un <strong>5.5% a 6%<\/strong> con respecto al mismo periodo en 2024. Esta ca\u00edda refleja la suma de impactos por <strong>pol\u00edticas migratorias restrictivas<\/strong> y <strong>condiciones econ\u00f3micas adversas<\/strong> provocadas o exacerbadas por los aranceles y la incertidumbre en el empleo.<\/p>\n\n\n\n<p>Estas cifras y factores indican que las <strong>pol\u00edticas antiinmigrantes y arancelarias de Estados Unidos<\/strong> influyen negativamente en el flujo de dinero que las familias migrantes mexicanas env\u00edan a sus hogares, afectando la <strong>econom\u00eda mexicana<\/strong> que depende de este importante ingreso. Los aranceles impuestos por Estados Unidos han afectado significativamente el <strong>empleo y los salarios de los mexicanos<\/strong>, tanto en M\u00e9xico como en su actividad econ\u00f3mica en ese pa\u00eds.<\/p>\n\n\n\n<p>Estudios y an\u00e1lisis indican que los aranceles podr\u00edan provocar la <strong>p\u00e9rdida de m\u00e1s de 2 millones de empleos en 2025<\/strong> relacionados con la econom\u00eda mexicana. La <strong>Organizaci\u00f3n Internacional del Trabajo (OIT)<\/strong> advirti\u00f3 que hasta el <strong>17% del empleo vinculado al comercio con EE.UU.<\/strong>, que involucra a m\u00e1s de 13 millones de personas en M\u00e9xico y Canad\u00e1, est\u00e1 en riesgo debido a estas pol\u00edticas arancelarias. El incremento en los <strong>costos productivos<\/strong> afecta a las empresas que emplean a mexicanos, generando reducci\u00f3n en contrataci\u00f3n y mayor incertidumbre laboral.<\/p>\n\n\n\n<p>Adem\u00e1s, los <strong>operativos migratorios<\/strong> y el clima adverso para los migrantes mexicanos en EE.UU. aumentan la presi\u00f3n sobre el mercado laboral, generando un excedente de mano de obra con menor oferta de empleo disponible, lo que deteriora la estabilidad laboral y reduce oportunidades para los trabajadores mexicanos.<\/p>\n\n\n\n<p>En sectores como la <strong>industria automotriz<\/strong>, uno de los m\u00e1s afectados por los aranceles, los incrementos salariales han sido m\u00e1s conservadores. Por ejemplo, para <strong>2026<\/strong> se proyecta un aumento salarial del <strong>6.3%<\/strong>, menor al <strong>7%<\/strong> de 2025, reflejando la cautela de las empresas ante la incertidumbre econ\u00f3mica. En otros sectores como el <strong>petrolero<\/strong>, los salarios est\u00e1n siendo recortados y ajustados a la baja debido a la crisis generada tambi\u00e9n por estas pol\u00edticas.<\/p>\n\n\n\n<p>Los aranceles afectan negativamente el empleo de mexicanos en Estados Unidos principalmente por la <strong>p\u00e9rdida potencial de millones de empleos ligados al comercio bilateral<\/strong>. La mayor oferta de mano de obra migrante con menos empleos disponibles presiona a la baja los salarios. Se observan incrementos salariales m\u00e1s moderados o recortes en sectores clave debido a la incertidumbre y a los costos adicionales impuestos por los aranceles.<\/p>\n\n\n\n<p>Estas condiciones generan un <strong>deterioro en la calidad del empleo<\/strong> y limitan la capacidad de crecimiento salarial para los trabajadores mexicanos en EE.UU., afectando tambi\u00e9n el flujo de remesas y la <strong>estabilidad econ\u00f3mica de las familias mexicanas<\/strong>.<\/p>\n\n\n\n<p>Comente u opine a:<br><strong><a>cacostabravo@yahoo.com.mx<\/a><\/strong><\/p>\n\n\n\n<p><em>Maestro en Comunicaci\u00f3n por la <strong>Universidad Iberoamericana<\/strong>, de la cual form\u00f3 parte del cuerpo acad\u00e9mico de la <strong>Licenciatura en Comunicaci\u00f3n<\/strong>, as\u00ed como de la <strong>Universidad An\u00e1huac<\/strong>, campus norte de CDMX.<\/em><\/p>\n","protected":false},"excerpt":{"rendered":"<p>Carlos Miguel Acosta Bravo*Impronta El comportamiento de las remesas enviadas por mexicanos en Estados Unidos a sus familias en M\u00e9xico ha mostrado una tendencia a la baja en los \u00faltimos meses de 2025, afectada principalmente por los operativos antiinmigrantes del gobierno de Donald Trump y el clima econ\u00f3mico adverso generado por los aranceles. Durante los [&hellip;]<\/p>\n","protected":false},"author":2,"featured_media":141377,"comment_status":"closed","ping_status":"closed","sticky":false,"template":"","format":"standard","meta":{"_jetpack_newsletter_access":"","_jetpack_dont_email_post_to_subs":false,"_jetpack_newsletter_tier_id":0,"_jetpack_memberships_contains_paywalled_content":false,"_jetpack_memberships_contains_paid_content":false,"footnotes":""},"categories":[70],"tags":[43303,46979,14159,46977,46978,45034],"class_list":["post-155883","post","type-post","status-publish","format-standard","has-post-thumbnail","hentry","category-de-opinion","tag-carlos-miguel-acosta-bravo-2","tag-donald-trump-aranceles","tag-economia-mexicana","tag-empleo-migrante","tag-migracion-mexicana-ee-uu","tag-remesas-mexico-2025"],"jetpack_featured_media_url":"https:\/\/lospoliticosveracruz.com.mx\/wp-content\/uploads\/2025\/04\/Carlos-Miguel-Acosta-Bravo.jpg","jetpack_sharing_enabled":true,"jetpack_shortlink":"https:\/\/wp.me\/p4Qcd3-Eyf","_links":{"self":[{"href":"https:\/\/lospoliticosveracruz.com.mx\/index.php?rest_route=\/wp\/v2\/posts\/155883","targetHints":{"allow":["GET"]}}],"collection":[{"href":"https:\/\/lospoliticosveracruz.com.mx\/index.php?rest_route=\/wp\/v2\/posts"}],"about":[{"href":"https:\/\/lospoliticosveracruz.com.mx\/index.php?rest_route=\/wp\/v2\/types\/post"}],"author":[{"embeddable":true,"href":"https:\/\/lospoliticosveracruz.com.mx\/index.php?rest_route=\/wp\/v2\/users\/2"}],"replies":[{"embeddable":true,"href":"https:\/\/lospoliticosveracruz.com.mx\/index.php?rest_route=%2Fwp%2Fv2%2Fcomments&post=155883"}],"version-history":[{"count":2,"href":"https:\/\/lospoliticosveracruz.com.mx\/index.php?rest_route=\/wp\/v2\/posts\/155883\/revisions"}],"predecessor-version":[{"id":155885,"href":"https:\/\/lospoliticosveracruz.com.mx\/index.php?rest_route=\/wp\/v2\/posts\/155883\/revisions\/155885"}],"wp:featuredmedia":[{"embeddable":true,"href":"https:\/\/lospoliticosveracruz.com.mx\/index.php?rest_route=\/wp\/v2\/media\/141377"}],"wp:attachment":[{"href":"https:\/\/lospoliticosveracruz.com.mx\/index.php?rest_route=%2Fwp%2Fv2%2Fmedia&parent=155883"}],"wp:term":[{"taxonomy":"category","embeddable":true,"href":"https:\/\/lospoliticosveracruz.com.mx\/index.php?rest_route=%2Fwp%2Fv2%2Fcategories&post=155883"},{"taxonomy":"post_tag","embeddable":true,"href":"https:\/\/lospoliticosveracruz.com.mx\/index.php?rest_route=%2Fwp%2Fv2%2Ftags&post=155883"}],"curies":[{"name":"wp","href":"https:\/\/api.w.org\/{rel}","templated":true}]}}