{"id":155889,"date":"2025-11-05T05:00:24","date_gmt":"2025-11-05T11:00:24","guid":{"rendered":"https:\/\/lospoliticosveracruz.com.mx\/?p=155889"},"modified":"2025-11-05T05:00:42","modified_gmt":"2025-11-05T11:00:42","slug":"pequenez-de-humildad-y-sobradez-de-arrogancia","status":"publish","type":"post","link":"https:\/\/lospoliticosveracruz.com.mx\/?p=155889","title":{"rendered":"PEQUE\u00d1EZ DE HUMILDAD Y SOBRADEZ DE ARROGANCIA"},"content":{"rendered":"\n<p><strong>Bernardo Guti\u00e9rrez Parra<\/strong><\/p>\n\n\n\n<p><em>Desde el Caf\u00e9<\/em><br>Resulta que el pueblo y gobierno de Taiw\u00e1n, que est\u00e1 a 21 mil 900 kil\u00f3metros de Veracruz y a unas 25 horas de vuelo en promedio, tuvo la generosidad de enviar v\u00edveres y despensas a los damnificados por los aguaceros del 10 de octubre en el norte de Veracruz, en especial a los de Poza Rica, en un acto humanitario que ennoblece a esa naci\u00f3n y sus habitantes.<\/p>\n\n\n\n<figure class=\"wp-block-image size-full\"><a href=\" https:\/\/legisver.gob.mx\/Inicio.php?p=sliderInfoNP&amp;i=8785682\"><img loading=\"lazy\" decoding=\"async\" width=\"728\" height=\"90\" src=\"https:\/\/lospoliticosveracruz.com.mx\/wp-content\/uploads\/2025\/10\/Legis-Cintillo.png\" alt=\"\" class=\"wp-image-155724\" srcset=\"https:\/\/lospoliticosveracruz.com.mx\/wp-content\/uploads\/2025\/10\/Legis-Cintillo.png 728w, https:\/\/lospoliticosveracruz.com.mx\/wp-content\/uploads\/2025\/10\/Legis-Cintillo-300x37.png 300w\" sizes=\"auto, (max-width: 728px) 100vw, 728px\" \/><\/a><\/figure>\n\n\n\n<p>En bolsas de pl\u00e1stico muy bien surtidas se puede ver una etiqueta con las banderas de Taiw\u00e1n y M\u00e9xico sobre la leyenda \u201cApoyo humanitario a M\u00e9xico y Veracruz. Taiw\u00e1n solidario\u201d. Y en la parte inferior derecha el nombre de la senadora de Morena, Raquel Bonilla Herrera.<\/p>\n\n\n\n<p>\u00bfWhat?<\/p>\n\n\n\n<p>As\u00ed como lo lees, lector.<\/p>\n\n\n\n<p>\u00bfQu\u00e9 tiene que ver la legisladora con esa ayuda?<\/p>\n\n\n\n<p>Sabr\u00e1 Dios, pero ah\u00ed est\u00e1 su nombre bien clarito, en las bolsas con v\u00edveres que el gobierno de Taiw\u00e1n obsequi\u00f3 a los veracruzanos.<\/p>\n\n\n\n<p>Debe haber una raz\u00f3n para tama\u00f1a distinci\u00f3n. Porque la hay \u00bfverdad?<\/p>\n\n\n\n<p>Una versi\u00f3n no confirmada pero tampoco desmentida, dice que fue el equipo de Bonilla Herrera quien agreg\u00f3 su nombre en las bolsas.<\/p>\n\n\n\n<p>Ah caray, \u00bfas\u00ed nom\u00e1s por sus pistolas?<\/p>\n\n\n\n<p>No.<\/p>\n\n\n\n<p>La misma versi\u00f3n asegura que la gente de la senadora, habr\u00eda llegado al sitio donde estaban los v\u00edveres listos para ser repartidos, habr\u00edan dicho a las personas que los custodiaban que esa ayuda proven\u00eda de Taiw\u00e1n y las bolsas deber\u00edan llevar una etiqueta que avalara su procedencia. Y \u00f3rale.<\/p>\n\n\n\n<p>Para curarse en salud la senadora escribi\u00f3 en sus redes: \u201cDesde el otro lado del mundo, Taiw\u00e1n tendi\u00f3 su mano a Veracruz con un gesto profundamente humano: apoyo, cercan\u00eda y solidaridad hacia las familias que perdieron tanto tras la inundaci\u00f3n del 10 de octubre. Hoy, M\u00e9xico y Veracruz guardan gratitud sincera al pueblo y al gobierno de Taiw\u00e1n, que demostraron que la distancia no existe cuando el coraz\u00f3n decide acercarse\u201d.<\/p>\n\n\n\n<p>Todo eso est\u00e1 bien y se oye muy bonito, pero ese no es el punto. Lo p\u00e9simo es que la legisladora haya promovido que pusieran su nombre a unos apoyos en los que no invirti\u00f3 ni un centavo.<\/p>\n\n\n\n<p>\u00bfO acaso alguien le dio el derecho de actuar con tan supina petulancia? Estoy seguro que no. Ni aunque hubiera sido la gestora de esa ayuda, o Taiw\u00e1n y M\u00e9xico la hubieran nombrado \u201centregadora oficial\u201d de esos suministros. Ni as\u00ed.<\/p>\n\n\n\n<p>Pero como dec\u00edan las abuelas; en el pecado llevar\u00e1 la penitencia porque hacer creer que gracias a ella el gobierno taiwan\u00e9s entreg\u00f3 v\u00edveres a los damnificados, es una vil patra\u00f1a que no se la traga nadie.<\/p>\n\n\n\n<p>\u00bfO acaso piensa que recibir\u00e1 el agradecimiento eterno de los pozarricenses por los que no ha hecho nada como senadora?<\/p>\n\n\n\n<p>Si as\u00ed lo cree, qu\u00e9 peque\u00f1ez de humildad y qu\u00e9 sobradez de arrogancia.<\/p>\n\n\n\n<p>bernagup28@gmail.com<\/p>\n","protected":false},"excerpt":{"rendered":"<p>Bernardo Guti\u00e9rrez Parra Desde el Caf\u00e9Resulta que el pueblo y gobierno de Taiw\u00e1n, que est\u00e1 a 21 mil 900 kil\u00f3metros de Veracruz y a unas 25 horas de vuelo en promedio, tuvo la generosidad de enviar v\u00edveres y despensas a los damnificados por los aguaceros del 10 de octubre en el norte de Veracruz, en [&hellip;]<\/p>\n","protected":false},"author":2,"featured_media":141479,"comment_status":"closed","ping_status":"closed","sticky":false,"template":"","format":"standard","meta":{"_jetpack_newsletter_access":"","_jetpack_dont_email_post_to_subs":false,"_jetpack_newsletter_tier_id":0,"_jetpack_memberships_contains_paywalled_content":false,"_jetpack_memberships_contains_paid_content":false,"footnotes":""},"categories":[70],"tags":[10911,46984],"class_list":["post-155889","post","type-post","status-publish","format-standard","has-post-thumbnail","hentry","category-de-opinion","tag-raquel-bonilla-herrera","tag-taiwan"],"jetpack_featured_media_url":"https:\/\/lospoliticosveracruz.com.mx\/wp-content\/uploads\/2025\/04\/Bernardo-Gutierrez-Parra.jpg","jetpack_sharing_enabled":true,"jetpack_shortlink":"https:\/\/wp.me\/p4Qcd3-Eyl","_links":{"self":[{"href":"https:\/\/lospoliticosveracruz.com.mx\/index.php?rest_route=\/wp\/v2\/posts\/155889","targetHints":{"allow":["GET"]}}],"collection":[{"href":"https:\/\/lospoliticosveracruz.com.mx\/index.php?rest_route=\/wp\/v2\/posts"}],"about":[{"href":"https:\/\/lospoliticosveracruz.com.mx\/index.php?rest_route=\/wp\/v2\/types\/post"}],"author":[{"embeddable":true,"href":"https:\/\/lospoliticosveracruz.com.mx\/index.php?rest_route=\/wp\/v2\/users\/2"}],"replies":[{"embeddable":true,"href":"https:\/\/lospoliticosveracruz.com.mx\/index.php?rest_route=%2Fwp%2Fv2%2Fcomments&post=155889"}],"version-history":[{"count":2,"href":"https:\/\/lospoliticosveracruz.com.mx\/index.php?rest_route=\/wp\/v2\/posts\/155889\/revisions"}],"predecessor-version":[{"id":155891,"href":"https:\/\/lospoliticosveracruz.com.mx\/index.php?rest_route=\/wp\/v2\/posts\/155889\/revisions\/155891"}],"wp:featuredmedia":[{"embeddable":true,"href":"https:\/\/lospoliticosveracruz.com.mx\/index.php?rest_route=\/wp\/v2\/media\/141479"}],"wp:attachment":[{"href":"https:\/\/lospoliticosveracruz.com.mx\/index.php?rest_route=%2Fwp%2Fv2%2Fmedia&parent=155889"}],"wp:term":[{"taxonomy":"category","embeddable":true,"href":"https:\/\/lospoliticosveracruz.com.mx\/index.php?rest_route=%2Fwp%2Fv2%2Fcategories&post=155889"},{"taxonomy":"post_tag","embeddable":true,"href":"https:\/\/lospoliticosveracruz.com.mx\/index.php?rest_route=%2Fwp%2Fv2%2Ftags&post=155889"}],"curies":[{"name":"wp","href":"https:\/\/api.w.org\/{rel}","templated":true}]}}