{"id":155913,"date":"2025-11-05T10:14:17","date_gmt":"2025-11-05T16:14:17","guid":{"rendered":"https:\/\/lospoliticosveracruz.com.mx\/?p=155913"},"modified":"2025-11-05T10:14:37","modified_gmt":"2025-11-05T16:14:37","slug":"la-agresion-a-una-presidenta-que-revela-un-pais","status":"publish","type":"post","link":"https:\/\/lospoliticosveracruz.com.mx\/?p=155913","title":{"rendered":"LA AGRESI\u00d3N A UNA PRESIDENTA QUE REVELA UN PA\u00cdS"},"content":{"rendered":"\n<p>S\u00edguenos ahora tambi\u00e9n en WhatsApp.\u00a0\u00a1<a href=\"https:\/\/whatsapp.com\/channel\/0029Va8zRWlEKyZIP3Z1dF0e\"><strong>Da clic aqu\u00ed<\/strong><\/a><strong>!<\/strong><\/p>\n\n\n\n<p><strong>Maribel Ramirez Topete<\/strong><\/p>\n\n\n\n<p>Una escena aparentemente menor volvi\u00f3 a ser viral y recordarnos que el poder no inmuniza a ninguna mujer. Durante un recorrido p\u00fablico, un hombre se acerc\u00f3 a la <strong>presidenta Claudia Sheinbaum<\/strong> y la toc\u00f3 sin su consentimiento. El gesto, r\u00e1pido y cotidiano, fue una agresi\u00f3n. Y s\u00ed, jur\u00eddicamente, tocar a una mujer sin su permiso es una <strong>agresi\u00f3n sexual<\/strong>. No hay matices ni contexto que lo suavicen: es un acto de violencia que invade, que humilla y que refleja lo que a\u00fan somos como sociedad.<\/p>\n\n\n\n<figure class=\"wp-block-image size-full\"><a href=\" https:\/\/legisver.gob.mx\/Inicio.php?p=sliderInfoNP&amp;i=8785682\"><img loading=\"lazy\" decoding=\"async\" width=\"728\" height=\"90\" src=\"https:\/\/lospoliticosveracruz.com.mx\/wp-content\/uploads\/2025\/10\/Legis-Cintillo.png\" alt=\"\" class=\"wp-image-155724\" srcset=\"https:\/\/lospoliticosveracruz.com.mx\/wp-content\/uploads\/2025\/10\/Legis-Cintillo.png 728w, https:\/\/lospoliticosveracruz.com.mx\/wp-content\/uploads\/2025\/10\/Legis-Cintillo-300x37.png 300w\" sizes=\"auto, (max-width: 728px) 100vw, 728px\" \/><\/a><\/figure>\n\n\n\n<p>La imagen de una presidenta agredida en la calle, frente a c\u00e1maras y testigos, desarma la ficci\u00f3n de que la <strong>violencia contra las mujeres<\/strong> pertenece a unas cuantas. No fue un atentado pol\u00edtico, fue un reflejo cultural. En <strong>M\u00e9xico<\/strong>, m\u00e1s del 60 % de las mujeres declara haber sufrido acoso en espacios p\u00fablicos; una de cada dos ha sido v\u00edctima de tocamientos, miradas o comentarios sexuales no consentidos, seg\u00fan datos de la <strong>Encuesta Nacional sobre la Din\u00e1mica de las Relaciones en los Hogares (ENDIREH)<\/strong>. Son cifras que describen un pa\u00eds donde lo violento se ha vuelto cotidiano y donde el acoso ya no escandaliza, solo incomoda.<\/p>\n\n\n\n<p>Nos acostumbramos a mirar sin ver. A escuchar a una mujer relatar su experiencia y pensar que exagera, que \u201cno fue para tanto\u201d. Nos acostumbramos a las bromas, a los \u201cpiropos\u201d en la calle, a la invasi\u00f3n del cuerpo ajeno como si fuera parte de la convivencia urbana. La agresi\u00f3n cometida frente a c\u00e1maras ocurre todos los d\u00edas en la sombra: en el transporte, en las escuelas, en los pasillos de los mercados. La diferencia es que esta vez fue visible.<\/p>\n\n\n\n<p>Pero lo visible no siempre genera conciencia. El problema no es solo el individuo que agrede, sino la estructura social que lo autoriza. Ese sistema no se desmantela con detenciones aisladas ni con discursos moment\u00e1neos: requiere reconstruir el <strong>tejido social<\/strong>, restaurar la empat\u00eda, volver a ense\u00f1arnos que el respeto no se negocia.<\/p>\n\n\n\n<p>El tejido social se destruye cuando la violencia se normaliza. Cada vez que una mujer es tocada sin su consentimiento y el entorno lo calla, algo se rompe en la confianza colectiva. La calle deja de ser espacio compartido y se convierte en territorio de riesgo. La consecuencia no es solo individual: una sociedad donde la mitad de la poblaci\u00f3n camina con miedo es una sociedad enferma de desigualdad.<\/p>\n\n\n\n<p>Por eso, el desaf\u00edo es cultural. No basta con castigar el acoso: hay que desactivar la ra\u00edz que lo sostiene. Hay que cuestionar la idea de poder que mide fuerza con control y la indiferencia que convierte el acoso en un gesto cotidiano. Hay que interpelar a los <strong>medios de comunicaci\u00f3n<\/strong> que trivializan la violencia, a los <strong>l\u00edderes pol\u00edticos<\/strong> que la minimizan, a la <strong>ciudadan\u00eda<\/strong> que se r\u00ede o guarda silencio. Recuperar el tejido social implica volver a mirarnos como iguales.<\/p>\n\n\n\n<p>No fue anecd\u00f3tico: fue un espejo. Nos mostr\u00f3 que incluso quien encarna la m\u00e1xima representaci\u00f3n del poder pol\u00edtico puede ser reducida a un cuerpo invadible. Nos record\u00f3 que la <strong>violencia de g\u00e9nero<\/strong> no desaparece con t\u00edtulos ni con escoltas, y que el respeto sigue siendo una asignatura pendiente.<\/p>\n\n\n\n<p>El camino hacia una sociedad justa comienza por reconocer que el acoso no es inevitable, que la violencia no es normal y que el cambio no depende solo del <strong>Estado<\/strong>, sino de cada uno de nosotros. Si queremos reconstruir el pa\u00eds, primero debemos reconstruir la forma en que nos miramos. Porque mientras una mujer no pueda caminar tranquila, ninguna democracia est\u00e1 completa.<\/p>\n","protected":false},"excerpt":{"rendered":"<p>Maribel Ramirez Topete Una escena aparentemente menor volvi\u00f3 a ser viral y recordarnos que el poder no inmuniza a ninguna mujer. Durante un recorrido p\u00fablico, un hombre se acerc\u00f3 a la presidenta Claudia Sheinbaum y la toc\u00f3 sin su consentimiento. El gesto, r\u00e1pido y cotidiano, fue una agresi\u00f3n. Y s\u00ed, jur\u00eddicamente, tocar a una mujer [&hellip;]<\/p>\n","protected":false},"author":2,"featured_media":141402,"comment_status":"closed","ping_status":"closed","sticky":false,"template":"","format":"standard","meta":{"_jetpack_newsletter_access":"","_jetpack_dont_email_post_to_subs":false,"_jetpack_newsletter_tier_id":0,"_jetpack_memberships_contains_paywalled_content":false,"_jetpack_memberships_contains_paid_content":false,"footnotes":""},"categories":[70],"tags":[2517,9627,3039,46995,3360],"class_list":["post-155913","post","type-post","status-publish","format-standard","has-post-thumbnail","hentry","category-de-opinion","tag-acoso-sexual","tag-claudia-sheinbaum","tag-derechos-de-las-mujeres","tag-igualdad-social","tag-violencia-de-genero"],"jetpack_featured_media_url":"https:\/\/lospoliticosveracruz.com.mx\/wp-content\/uploads\/2025\/04\/Maribel-Ramirez-Topete.jpg","jetpack_sharing_enabled":true,"jetpack_shortlink":"https:\/\/wp.me\/p4Qcd3-EyJ","_links":{"self":[{"href":"https:\/\/lospoliticosveracruz.com.mx\/index.php?rest_route=\/wp\/v2\/posts\/155913","targetHints":{"allow":["GET"]}}],"collection":[{"href":"https:\/\/lospoliticosveracruz.com.mx\/index.php?rest_route=\/wp\/v2\/posts"}],"about":[{"href":"https:\/\/lospoliticosveracruz.com.mx\/index.php?rest_route=\/wp\/v2\/types\/post"}],"author":[{"embeddable":true,"href":"https:\/\/lospoliticosveracruz.com.mx\/index.php?rest_route=\/wp\/v2\/users\/2"}],"replies":[{"embeddable":true,"href":"https:\/\/lospoliticosveracruz.com.mx\/index.php?rest_route=%2Fwp%2Fv2%2Fcomments&post=155913"}],"version-history":[{"count":1,"href":"https:\/\/lospoliticosveracruz.com.mx\/index.php?rest_route=\/wp\/v2\/posts\/155913\/revisions"}],"predecessor-version":[{"id":155914,"href":"https:\/\/lospoliticosveracruz.com.mx\/index.php?rest_route=\/wp\/v2\/posts\/155913\/revisions\/155914"}],"wp:featuredmedia":[{"embeddable":true,"href":"https:\/\/lospoliticosveracruz.com.mx\/index.php?rest_route=\/wp\/v2\/media\/141402"}],"wp:attachment":[{"href":"https:\/\/lospoliticosveracruz.com.mx\/index.php?rest_route=%2Fwp%2Fv2%2Fmedia&parent=155913"}],"wp:term":[{"taxonomy":"category","embeddable":true,"href":"https:\/\/lospoliticosveracruz.com.mx\/index.php?rest_route=%2Fwp%2Fv2%2Fcategories&post=155913"},{"taxonomy":"post_tag","embeddable":true,"href":"https:\/\/lospoliticosveracruz.com.mx\/index.php?rest_route=%2Fwp%2Fv2%2Ftags&post=155913"}],"curies":[{"name":"wp","href":"https:\/\/api.w.org\/{rel}","templated":true}]}}