{"id":155917,"date":"2025-11-05T10:53:52","date_gmt":"2025-11-05T16:53:52","guid":{"rendered":"https:\/\/lospoliticosveracruz.com.mx\/?p=155917"},"modified":"2025-11-05T10:54:14","modified_gmt":"2025-11-05T16:54:14","slug":"plan-michoacan-solo-por-curiosidad","status":"publish","type":"post","link":"https:\/\/lospoliticosveracruz.com.mx\/?p=155917","title":{"rendered":"PLAN MICHOAC\u00c1N: SOLO POR CURIOSIDAD"},"content":{"rendered":"\n<p>S\u00edguenos ahora tambi\u00e9n en WhatsApp.\u00a0\u00a1<a href=\"https:\/\/whatsapp.com\/channel\/0029Va8zRWlEKyZIP3Z1dF0e\"><strong>Da clic aqu\u00ed<\/strong><\/a><strong>!<\/strong><\/p>\n\n\n\n<p><strong>Vicente Luna Hern\u00e1ndez<\/strong><\/p>\n\n\n\n<p>\u00bfAcaso es necesario que ocurra otro asesinato de alto impacto medi\u00e1tico para echar a andar en un Estado del pa\u00eds un plan por la paz y la seguridad? \u00bf<strong>Michoac\u00e1n<\/strong> es la excepci\u00f3n o es la regla \u2013lamentablemente\u2013 de lo que ocurre en <strong>M\u00e9xico<\/strong>? \u00bfPor qu\u00e9 un <strong>Plan Estatal<\/strong> y no un <strong>Plan Nacional<\/strong>? \u00bfMichoac\u00e1n es el infierno y el resto del pa\u00eds el para\u00edso?<\/p>\n\n\n\n<figure class=\"wp-block-image size-full\"><a href=\" https:\/\/legisver.gob.mx\/Inicio.php?p=sliderInfoNP&amp;i=8785682\"><img loading=\"lazy\" decoding=\"async\" width=\"728\" height=\"90\" src=\"https:\/\/lospoliticosveracruz.com.mx\/wp-content\/uploads\/2025\/10\/Legis-Cintillo.png\" alt=\"\" class=\"wp-image-155724\" srcset=\"https:\/\/lospoliticosveracruz.com.mx\/wp-content\/uploads\/2025\/10\/Legis-Cintillo.png 728w, https:\/\/lospoliticosveracruz.com.mx\/wp-content\/uploads\/2025\/10\/Legis-Cintillo-300x37.png 300w\" sizes=\"auto, (max-width: 728px) 100vw, 728px\" \/><\/a><\/figure>\n\n\n\n<p>La reacci\u00f3n del <strong>Gobierno de la Rep\u00fablica<\/strong> ante el lamentable crimen del presidente municipal <strong>Carlos Manzo<\/strong> fue r\u00e1pida y de alta difusi\u00f3n social. El alcalde de <strong>Uruapan<\/strong> en poco tiempo se convirti\u00f3 en una figura pol\u00edtica de gran proyecci\u00f3n nacional; compararlo con <strong>Bukele<\/strong> era su mejor carta de presentaci\u00f3n. El control de la seguridad p\u00fablica por parte del presidente de <strong>El Salvador<\/strong> es reconocido en todo el mundo; sin embargo, no hay punto de comparaci\u00f3n entre la seguridad con la que cuenta un <strong>Jefe de Estado<\/strong> \u2014con la p\u00edrrica, ineficiente y muchas veces c\u00f3mplice de los malos\u2014 con la seguridad con la que cuenta un presidente municipal. Ah\u00ed estuvo el detalle.<\/p>\n\n\n\n<p>Asumir las tareas de seguridad p\u00fablica desde los municipios \u2014sin personal capacitado, sin recursos econ\u00f3micos y materiales\u2014 es una tarea tit\u00e1nica y de riesgo total. M\u00e1s all\u00e1 de las complicidades por acci\u00f3n u omisi\u00f3n de algunas alcaldesas y alcaldes, el \u201crival m\u00e1s d\u00e9bil\u201d para enfrentar al crimen organizado son las <strong>polic\u00edas municipales<\/strong>. De ah\u00ed se debe partir al hacer el diagn\u00f3stico de la realidad en la aplicaci\u00f3n del <strong>Estado de Derecho<\/strong> en M\u00e9xico. \u00bfPor qu\u00e9 no se habla del estado en que se encuentran las polic\u00edas municipales del pa\u00eds? \u00bfA qui\u00e9n quieren enga\u00f1ar?<\/p>\n\n\n\n<p>Algunos analistas consideran que la \u201cguerra contra el narco\u201d en el sexenio <strong>2006\u20132012<\/strong> fue un fracaso; otros dicen que la pol\u00edtica de \u201cabrazos no balazos\u201d fue parte del problema en el gobierno <strong>2018\u20132024<\/strong>. \u00bfCu\u00e1l es el siguiente paso? \u00bfDesempolvar proyectos y cambiar el t\u00edtulo? \u00bfPor qu\u00e9 no se habla de la clase pol\u00edtica \u2014oficialista y de oposici\u00f3n\u2014 que es parte de esa maquinaria del mal? \u00bfPor qu\u00e9 esperar que un pa\u00eds extranjero exhiba las complicidades de esas mujeres y hombres que integran el poder pol\u00edtico y forman parte de esa red de protecci\u00f3n del crimen organizado? \u00bfDe qu\u00e9 <strong>Soberan\u00eda<\/strong> se habla?<\/p>\n\n\n\n<p>Dicen que \u201cla ropa sucia se lava en casa\u201d, pero ante los se\u00f1alamientos de tener v\u00ednculos con grupos terroristas \u2014as\u00ed llamados por el <strong>gobierno de Estados Unidos<\/strong>\u2014 del que han sido objeto integrantes del partido en el poder, se voltea hacia otro lado y se manda un mensaje de complicidad e impunidad que permea entre la sociedad y da\u00f1a la credibilidad en las <strong>instituciones de la Rep\u00fablica<\/strong>.<\/p>\n\n\n\n<p>El grito de auxilio del alcalde de <strong>Uruapan<\/strong> es el grito de auxilio de las y los presidentes municipales de M\u00e9xico. Nada se gana con hacer creer que Michoac\u00e1n es v\u00edctima de los grupos de la delincuencia organizada y que esa realidad es ajena a la del pa\u00eds. Michoac\u00e1n est\u00e1 en el centro del debate nacional, pero las acciones que se echar\u00e1n a andar en un Estado no deben ser motivo para \u201colvidar\u201d la situaci\u00f3n de inseguridad que se vive en otros Estados. Nada gana M\u00e9xico con hacer creer que solo es Michoac\u00e1n donde existen graves hechos del crimen organizado. Cerrar los ojos y taparse los o\u00eddos para no ver ni o\u00edr los reclamos sociales en nada ayuda a pacificar el pa\u00eds. \u00bfQui\u00e9n gana con la debilidad del <strong>Estado de Derecho<\/strong>? \u00bfCu\u00e1l es la diferencia entre el crimen del alcalde de <strong>Chilpancingo<\/strong> y el crimen del alcalde de <strong>Uruapan<\/strong>? \u00bfAcaso no son igual de lamentables los hechos tr\u00e1gicos ocurridos en el proceso electoral pasado en <strong>Veracruz<\/strong>?<\/p>\n\n\n\n<p>Ambos presidentes municipales estaban en Estados de alta incidencia delictiva y ambos sin el acompa\u00f1amiento de la fuerza del Estado. La p\u00e9rdida de vidas en todos los casos es lamentable, pero no hubo la misma respuesta institucional del <strong>Gobierno de la Rep\u00fablica<\/strong>. \u00bfPor qu\u00e9?<\/p>\n\n\n\n<p>El <strong>Plan Michoac\u00e1n<\/strong> debe ser un espejo que se refleje a nivel nacional. \u00bfQu\u00e9 gobernadora o gobernador le dir\u00e1 NO a las siguientes acciones?:<\/p>\n\n\n\n<ol class=\"wp-block-list\">\n<li><strong>Seguridad y Justicia.<\/strong> Fortalecimiento de las fuerzas federales a trav\u00e9s de unidades conjuntas: <strong>Guardia Nacional<\/strong>, <strong>Secretar\u00eda de Seguridad y Protecci\u00f3n Ciudadana<\/strong>, seguridad y <strong>Fiscal\u00eda estatal<\/strong>, enfocadas en homicidios y extorsi\u00f3n. Propuesta al <strong>Congreso<\/strong> y al <strong>Fiscal General<\/strong> para la creaci\u00f3n de una <strong>Fiscal\u00eda Especializada de Investigaci\u00f3n e Inteligencia en Delitos de Alto Impacto<\/strong>. Habr\u00e1 una <strong>Oficina de la Presidencia de la Rep\u00fablica<\/strong> en distintos municipios; Mesas de Seguridad quincenales con el Gabinete de Seguridad; un Sistema de Alerta para presidentes municipales y fortalecimiento de la denuncia an\u00f3nima de extorsi\u00f3n.<\/li>\n\n\n\n<li><strong>Desarrollo Econ\u00f3mico con Justicia.<\/strong> Garantizar seguridad social y salarios dignos a jornaleros agr\u00edcolas y trabajadoras del campo; inversi\u00f3n en infraestructura rural e impulso a convenios con el sector productivo para m\u00e1s <strong>Polos de Desarrollo Econ\u00f3mico para el Bienestar (PODECOBI)<\/strong>.<\/li>\n\n\n\n<li><strong>Educaci\u00f3n y Cultura para la Paz.<\/strong> Escuelas de Cultura de Paz, programas de reinserci\u00f3n y atenci\u00f3n a v\u00edctimas, campa\u00f1as estatales <em>\u201cRecuperemos (ponga el Estado que guste)\u201d<\/em>, Mesas de Di\u00e1logo por la Paz, el programa <em>\u201cEscuelas de Paz\u201d<\/em>, becas de transporte a j\u00f3venes universitarios, impulso al deporte comunitario, Centros de Alto Rendimiento y Centros Regionales de Cultura y Memoria, el programa <em>\u201cArte y Territorio\u201d<\/em>, el festival anual <em>\u201cVoces de (ponga el Estado que guste)\u201d<\/em> y la <strong>Red de Casas de Cultura Segura<\/strong>.<\/li>\n<\/ol>\n\n\n\n<p>Ante los riesgos que viven las y los presidentes municipales, es de resaltar tres acciones del <strong>Plan por la Paz y la Justicia<\/strong>:<\/p>\n\n\n\n<ol class=\"wp-block-list\">\n<li>Habr\u00e1 una <strong>Oficina de la Presidencia de la Rep\u00fablica<\/strong> en distintos municipios.<\/li>\n\n\n\n<li><strong>Mesas de Seguridad<\/strong> quincenales con el Gabinete de Seguridad.<\/li>\n\n\n\n<li>Un <strong>Sistema de Alerta para presidentes municipales<\/strong> y fortalecimiento de la denuncia an\u00f3nima de extorsi\u00f3n.<\/li>\n<\/ol>\n\n\n\n<p>\u00bfAlguna presidenta o presidente municipal que en enero pr\u00f3ximo tomar\u00e1 posesi\u00f3n en <strong>Veracruz<\/strong> le dir\u00e1 NO a este tipo de acciones del gobierno de la Rep\u00fablica?<\/p>\n\n\n\n<p>Bienvenido el <strong>Plan por la Paz y la Justicia.<\/strong><br>La <strong>presidenta Claudia Sheinbaum Pardo<\/strong> manifest\u00f3 de manera categ\u00f3rica:<\/p>\n\n\n\n<blockquote class=\"wp-block-quote is-layout-flow wp-block-quote-is-layout-flow\">\n<p>\u201cA partir del d\u00eda de hoy comenzaremos este trabajo y esperamos que, con este di\u00e1logo abierto a distintos sectores, el fin de semana y si no, a principios de la pr\u00f3xima semana, podamos estar presentando este Plan Integral para la Paz y la Justicia en <strong>Michoac\u00e1n<\/strong>, sustentado no en la violencia, sino en la construcci\u00f3n de la paz, s\u00ed con seguridad, con justicia \u2014como lo dijimos ayer\u2014, pero con una serie de acciones que queremos construir con el pueblo de Michoac\u00e1n\u201d.<\/p>\n<\/blockquote>\n\n\n\n<p>Perd\u00f3name si te hago otra pregunta: \u00bfy si ese tipo de acciones para la construcci\u00f3n de la paz se decide implementarlas con el pueblo de M\u00e9xico? Es una simple curiosidad.<\/p>\n\n\n\n<p><strong>P.D.<\/strong> Con el \u00e1nimo de que, m\u00e1s all\u00e1 del nombre que se le ponga, el Plan logre su noble prop\u00f3sito\u2026 Escribir\u00e9 otro d\u00eda.<\/p>\n","protected":false},"excerpt":{"rendered":"<p>Vicente Luna Hern\u00e1ndez \u00bfAcaso es necesario que ocurra otro asesinato de alto impacto medi\u00e1tico para echar a andar en un Estado del pa\u00eds un plan por la paz y la seguridad? \u00bfMichoac\u00e1n es la excepci\u00f3n o es la regla \u2013lamentablemente\u2013 de lo que ocurre en M\u00e9xico? \u00bfPor qu\u00e9 un Plan Estatal y no un Plan [&hellip;]<\/p>\n","protected":false},"author":2,"featured_media":141415,"comment_status":"closed","ping_status":"closed","sticky":false,"template":"","format":"standard","meta":{"_jetpack_newsletter_access":"","_jetpack_dont_email_post_to_subs":false,"_jetpack_newsletter_tier_id":0,"_jetpack_memberships_contains_paywalled_content":false,"_jetpack_memberships_contains_paid_content":false,"footnotes":""},"categories":[70],"tags":[9627,1100,1286,46998,46997,14835],"class_list":["post-155917","post","type-post","status-publish","format-standard","has-post-thumbnail","hentry","category-de-opinion","tag-claudia-sheinbaum","tag-crimen-organizado","tag-michoacan","tag-paz-y-justicia","tag-plan-michoacan","tag-seguridad-nacional"],"jetpack_featured_media_url":"https:\/\/lospoliticosveracruz.com.mx\/wp-content\/uploads\/2025\/04\/Vicente-Luna-Hernandez.jpg","jetpack_sharing_enabled":true,"jetpack_shortlink":"https:\/\/wp.me\/p4Qcd3-EyN","_links":{"self":[{"href":"https:\/\/lospoliticosveracruz.com.mx\/index.php?rest_route=\/wp\/v2\/posts\/155917","targetHints":{"allow":["GET"]}}],"collection":[{"href":"https:\/\/lospoliticosveracruz.com.mx\/index.php?rest_route=\/wp\/v2\/posts"}],"about":[{"href":"https:\/\/lospoliticosveracruz.com.mx\/index.php?rest_route=\/wp\/v2\/types\/post"}],"author":[{"embeddable":true,"href":"https:\/\/lospoliticosveracruz.com.mx\/index.php?rest_route=\/wp\/v2\/users\/2"}],"replies":[{"embeddable":true,"href":"https:\/\/lospoliticosveracruz.com.mx\/index.php?rest_route=%2Fwp%2Fv2%2Fcomments&post=155917"}],"version-history":[{"count":1,"href":"https:\/\/lospoliticosveracruz.com.mx\/index.php?rest_route=\/wp\/v2\/posts\/155917\/revisions"}],"predecessor-version":[{"id":155918,"href":"https:\/\/lospoliticosveracruz.com.mx\/index.php?rest_route=\/wp\/v2\/posts\/155917\/revisions\/155918"}],"wp:featuredmedia":[{"embeddable":true,"href":"https:\/\/lospoliticosveracruz.com.mx\/index.php?rest_route=\/wp\/v2\/media\/141415"}],"wp:attachment":[{"href":"https:\/\/lospoliticosveracruz.com.mx\/index.php?rest_route=%2Fwp%2Fv2%2Fmedia&parent=155917"}],"wp:term":[{"taxonomy":"category","embeddable":true,"href":"https:\/\/lospoliticosveracruz.com.mx\/index.php?rest_route=%2Fwp%2Fv2%2Fcategories&post=155917"},{"taxonomy":"post_tag","embeddable":true,"href":"https:\/\/lospoliticosveracruz.com.mx\/index.php?rest_route=%2Fwp%2Fv2%2Ftags&post=155917"}],"curies":[{"name":"wp","href":"https:\/\/api.w.org\/{rel}","templated":true}]}}