{"id":155961,"date":"2025-11-06T05:43:15","date_gmt":"2025-11-06T11:43:15","guid":{"rendered":"https:\/\/lospoliticosveracruz.com.mx\/?p=155961"},"modified":"2025-11-06T05:45:31","modified_gmt":"2025-11-06T11:45:31","slug":"duarte-con-un-pie-fuera","status":"publish","type":"post","link":"https:\/\/lospoliticosveracruz.com.mx\/?p=155961","title":{"rendered":"DUARTE, CON UN PIE FUERA"},"content":{"rendered":"\n<p><strong>Fanny Y\u00e9pez<\/strong><br><em>La Columna<\/em><\/p>\n\n\n\n<p>Seg\u00fan una publicaci\u00f3n del peri\u00f3dico El Pa\u00eds, el exgobernador de Veracruz, Javier Duarte de Ochoa, ha solicitado su liberaci\u00f3n anticipada del Reclusorio Norte, en la Ciudad de M\u00e9xico, seg\u00fan han confirmado fuentes penitenciarias y la propia defensa del exmandatario, por lo que es posible que obtenga su libertad en los pr\u00f3ximos meses.<\/p>\n\n\n\n<figure class=\"wp-block-image size-full\"><a href=\" https:\/\/legisver.gob.mx\/Inicio.php?p=sliderInfoNP&amp;i=8785682\"><img loading=\"lazy\" decoding=\"async\" width=\"728\" height=\"90\" src=\"https:\/\/lospoliticosveracruz.com.mx\/wp-content\/uploads\/2025\/10\/Legis-Cintillo.png\" alt=\"\" class=\"wp-image-155724\" srcset=\"https:\/\/lospoliticosveracruz.com.mx\/wp-content\/uploads\/2025\/10\/Legis-Cintillo.png 728w, https:\/\/lospoliticosveracruz.com.mx\/wp-content\/uploads\/2025\/10\/Legis-Cintillo-300x37.png 300w\" sizes=\"auto, (max-width: 728px) 100vw, 728px\" \/><\/a><\/figure>\n\n\n\n<p>Actualmente est\u00e1 preparando su proceso de libertad anticipada, ya que ha cumplido la mayor parte de su condena y ha librado otros procesos penales. La fecha tentativa de su liberaci\u00f3n, si no se presentan apelaciones o nuevos cargos, se ha mencionado para abril de 2026, aunque sus abogados buscan que sea antes.<\/p>\n\n\n\n<p>Una juez federal acord\u00f3 que el pr\u00f3ximo mi\u00e9rcoles 12 de noviembre resolver\u00e1 si concede la libertad anticipada a Javier Duarte de Ochoa, ex Gobernador de Veracruz, tras cumplir el 95 por ciento de su condena de 9 a\u00f1os de prisi\u00f3n, por asociaci\u00f3n delictuosa y lavado de dinero.<\/p>\n\n\n\n<p>\u00c1ngela Zamorano Herrera, juez de ejecuci\u00f3n de sanciones del Centro de Justicia Penal Federal del Reclusorio Norte, determin\u00f3 que su veredicto lo emitir\u00e1 con base en el interrogatorio de 11 testigos y el desahogo de 23 documentales ofrecidos tanto por Duarte como por la Fiscal\u00eda General de la Rep\u00fablica (FGR).<\/p>\n\n\n\n<p>A Duarte le restan s\u00f3lo 5 meses para cumplir su condena de 9 a\u00f1os de prisi\u00f3n, misma que le impusieron tras negociar un criterio de oportunidad con la FGR, es decir, se declar\u00f3 culpable para obtener a cambio la pena m\u00ednima y un descuento adicional a la misma.<\/p>\n\n\n\n<p>En la relator\u00eda que hizo la juez Zamorano, en la diligencia del lunes, refiri\u00f3 que Duarte solicit\u00f3 el beneficio pre liberacional desde el 6 de diciembre de 2024.<\/p>\n\n\n\n<p>La Ley Nacional de Ejecuci\u00f3n Penal prev\u00e9 la libertad anticipada para los sentenciados que han cumplido con, cuando menos, el 70 por ciento de su condena en el caso de delitos dolosos, haber tenido buena conducta y no tener otra sentencia o proceso con prisi\u00f3n preventiva de oficio.<\/p>\n\n\n\n<p>Los abogados del ex mandatario manifestaron en la audiencia que su cliente ha cumplidos todos los requisitos, incluso en exceso, pues el lunes llevaba 3 mil 125 d\u00edas preso en el Reclusorio Norte, de los 3 mil 285 de su castigo, es decir, ya compurg\u00f3 el 95.04 por ciento de la condena.<\/p>\n\n\n\n<p>Tambi\u00e9n dijeron que las autoridades penitenciarias han certificado su buena conducta, pues ha cumplido con el plan de actividades de los internos para su reinserci\u00f3n, ha tomado cursos e impartido clases en el centro penitenciario.<\/p>\n\n\n\n<p>Absuelto de otro cargo: En noviembre de 2024, un juez lo absolvi\u00f3 del delito de desaparici\u00f3n forzada, lo cual elimin\u00f3 un obst\u00e1culo importante para su liberaci\u00f3n anticipada.<\/p>\n\n\n\n<p>Hay que recordar que el pol\u00edtico priista fue sentenciado en 2017 por el desv\u00edo de 1,670 millones de pesos del erario de Veracruz, as\u00ed como por los delitos de blanqueo de recursos y delincuencia organizada. El exmandatario tambi\u00e9n fue procesado por desaparici\u00f3n forzada, pero esta acusaci\u00f3n no prosper\u00f3, lo que le ha despejado el camino para solicitar el beneficio de la liberaci\u00f3n anticipada.<\/p>\n\n\n\n<p>La salida de Duarte de prisi\u00f3n depender\u00e1 de una audiencia que el exmandatario local tendr\u00e1 en el centro judicial de esa prisi\u00f3n la pr\u00f3xima semana. Oficialmente, su excarcelaci\u00f3n estaba programada para abril del pr\u00f3ximo a\u00f1o.<\/p>\n\n\n\n<p>Javidu, como le dec\u00edan en forma coloquial, formaba parte de una generaci\u00f3n de j\u00f3venes pol\u00edticos del PRI que promet\u00edan una renovaci\u00f3n de la administraci\u00f3n p\u00fablica, pero terminaron involucrados en grandes esc\u00e1ndalos de corrupci\u00f3n, ha purgado todas las acusaciones formales en su contra ante la justicia, de acuerdo con su abogado, Pablo Campuzano.<\/p>\n\n\n\n<p>La audiencia del exgobernador comenz\u00f3 el lunes de esta semana, pero la jueza del caso declar\u00f3 un receso e indic\u00f3 que la discusi\u00f3n se reanudar\u00e1 el pr\u00f3ximo 12 de noviembre. En la audiencia, la Fiscal\u00eda General de la Rep\u00fablica (FGR) impugn\u00f3 la petici\u00f3n de libertad anticipada de Duarte, se\u00f1ala Campuzano. Aunque todav\u00eda no hay nada seguro, con la resoluci\u00f3n de la jueza en suspenso, el pol\u00edtico veracruzano conf\u00eda en que triunfar\u00e1 y saldr\u00e1 de prisi\u00f3n en cuesti\u00f3n de d\u00edas.<\/p>\n\n\n\n<p>Este mismo medio de comunicaci\u00f3n espa\u00f1ol, se\u00f1ala que el exgobernador, a quien su partido expuls\u00f3 en octubre de 2016, ya se despidi\u00f3 de sus compa\u00f1eros de reclusi\u00f3n la noche del s\u00e1bado, seg\u00fan las fuentes penitenciarias consultadas. Hubo una mariscada, refrescos y bebidas, en una fiesta en la que estuvieron otros hombres sentenciados por delitos de corrupci\u00f3n y crimen organizado y con los que Duarte conviv\u00eda en el Dormitorio 2.<\/p>\n\n\n\n<p>En esa \u00e1rea del Reclusorio Norte se encuentran el exalcalde de Benito Ju\u00e1rez (Ciudad de M\u00e9xico) Christhian Von Roehrich, acusado de formar parte del Cartel Inmobiliario que hizo negocios il\u00edcitos con constructoras; Ren\u00e9 Gavira, extesorero de Segalmex, se\u00f1alado por el enorme desfalco en la instituci\u00f3n creada por Andr\u00e9s Manuel L\u00f3pez Obrador, y Jos\u00e9 Luis S\u00e1nchez Valencia, alias Chalam\u00e1n, operador financiero del Cartel Jalisco Nueva Generaci\u00f3n (CJNG) y t\u00edo del l\u00edder de la organizaci\u00f3n criminal, Nemesio Oseguera, el Mencho. El exgobernador veracruzano tambi\u00e9n comenz\u00f3 a repartir sus pertenencias entre sus amigos del reclusorio como si se tratase de una herencia, dando por un hecho su salida, han agregado las fuentes.<\/p>\n\n\n\n<p>Se desconoce a que se dedicara Javier Duarte luego de obtener su libertad, aunque algunos han ironizado sobre que buscara una curul federal, aunque esta posibilidad la veo muy absurda debido a que su partido el PRI lo expuls\u00f3, luego del esc\u00e1ndalo de corrupci\u00f3n que se vio envuelto.<\/p>\n\n\n\n<p>Aunque Duarte perdi\u00f3 el respaldo de su partido, sin embargo, pese a ello, goz\u00f3 de favores dentro de la Fiscal\u00eda y el Poder Judicial. La organizaci\u00f3n Tojil denunci\u00f3 en su momento el hecho de que los fiscales encargados del caso contra el exgobernador cambiaron la acusaci\u00f3n de delincuencia organizada por la de asociaci\u00f3n delictuosa, que ameritaba una pena significativamente inferior. Tojil concluy\u00f3 que hab\u00eda indicios de corrupci\u00f3n en este giro inesperado por parte de la Fiscal\u00eda.<\/p>\n\n\n\n<p>En otro p\u00e1rrafo del reportaje que este martes publico el Pa\u00eds, se\u00f1ala que Duarte fue condenado a nueve a\u00f1os de prisi\u00f3n y al pago de una peque\u00f1a multa de 58.000 pesos. Mientras purgaba su sentencia, que comenz\u00f3 a contar desde abril de 2017, enfrent\u00f3 un nuevo proceso por obstruir una investigaci\u00f3n relacionada con desaparici\u00f3n forzada, delito que se agrav\u00f3 en Veracruz durante su mandato (2010-2016). Sin embargo, un juez federal finalmente le exoner\u00f3 de esa acusaci\u00f3n en noviembre de 2024.<\/p>\n\n\n\n<p>El abogado Campuzano se\u00f1ala que su cliente tiene el camino despejado para solicitar el beneficio de la preliberaci\u00f3n, tras haber purgado m\u00e1s del 70% del periodo de su sentencia y no tener ninguna causa pendiente. \u201c\u00c9l tiene derecho, es un beneficio que prev\u00e9 la ley y cumple con todos los requisitos\u201d, dice el letrado. \u201cEn segundo lugar, la libertad se vive en el d\u00eda a d\u00eda, y cada d\u00eda privado de la libertad es un d\u00eda lejos de su familia. Entonces, toda oportunidad que tengamos para obtener su libertad, aunque le queden pocos meses por salir de prisi\u00f3n, vamos a hacer todo el esfuerzo\u201d, agrega.<\/p>\n\n\n\n<p>La situaci\u00f3n actual de los amigos y colaboradores del exgobernador Javier Duarte var\u00eda, con muchos enfrentando procesos legales, algunos en prisi\u00f3n o con \u00f3rdenes de aprehensi\u00f3n, y otros han sido exonerados o est\u00e1n en libertad condicional.<\/p>\n\n\n\n<p>A continuaci\u00f3n, se detalla la situaci\u00f3n de algunos de los nombres m\u00e1s prominentes:<br>Mois\u00e9s Mansur Cisneros: Considerado el principal prestanombres y operador financiero de Duarte, fue acusado de crear empresas inmobiliarias fantasmas. Se encuentra pr\u00f3fugo de la justicia, con una orden de aprehensi\u00f3n en su contra.<\/p>\n\n\n\n<p>Karime Mac\u00edas Tubilla: Esposa de Javier Duarte, est\u00e1 implicada en la red de corrupci\u00f3n. Fue detenida en el Reino Unido y posteriormente obtuvo libertad provisional bajo fianza, con la condici\u00f3n de no salir de Londres, mientras se resuelve su proceso de extradici\u00f3n a M\u00e9xico.<\/p>\n\n\n\n<p>Arturo Berm\u00fadez Zurita: Exsecretario de Seguridad P\u00fablica. Estuvo en prisi\u00f3n, pero posteriormente fue liberado y, en noviembre de 2024, las declaraciones en su contra fueron desestimadas por un juez al considerar que fueron obtenidas bajo tortura.<\/p>\n\n\n\n<p>Gabriel Deantes Ramos: Exsubsecretario de Finanzas. El Tribunal Federal de Justicia Administrativa (TFJA) ratific\u00f3 en 2021 una sanci\u00f3n en su contra por desv\u00edo de fondos, por lo que debe devolver una cantidad millonaria.<\/p>\n\n\n\n<p>Antonio G\u00f3mez Pellegr\u00edn: Otro exsecretario de Finanzas de Duarte. Fue detenido en Xalapa en octubre de 2021, a pesar de contar con amparos, e ingres\u00f3 al penal de Pacho Viejo.<\/p>\n\n\n\n<p>Juan Jos\u00e9 Janeiro Rodr\u00edguez y Rafael Gerardo Rosas Bocardo: Operadores financieros y prestanombres en la compra de propiedades, como el rancho Las Mesas. Est\u00e1n bajo investigaci\u00f3n por el SAT por la creaci\u00f3n de empresas fantasma.<\/p>\n\n\n\n<p>En general, muchos de los exfuncionarios y allegados de Duarte han enfrentado (o siguen enfrentando) procesos judiciales, y en varios casos se han dictado sentencias condenatorias, mientras que otros han logrado sortear la justicia o han sido exonerados por diversas razones legales.<\/p>\n\n\n\n<p>En conclusi\u00f3n, Javier Duarte cumplir\u00e1 su sentencia y muchos amigos y ex colaboradores lo esperan, porque a pesar de esas acusaciones a las que respondi\u00f3, muchos recuerdan los programas que puso en pr\u00e1ctica y la din\u00e1mica que le imprimi\u00f3 a su gobierno, que se movi\u00f3 diariamente a lo largo y ancho de la entidad veracruzana. Antes de \u00e9l, hubo otros ex gobernadores que fueron encarcelados y que retomaron su vida pol\u00edtica y posiblemente, Javier Duarte no sea la excepci\u00f3n.<\/p>\n","protected":false},"excerpt":{"rendered":"<p>Fanny Y\u00e9pezLa Columna Seg\u00fan una publicaci\u00f3n del peri\u00f3dico El Pa\u00eds, el exgobernador de Veracruz, Javier Duarte de Ochoa, ha solicitado su liberaci\u00f3n anticipada del Reclusorio Norte, en la Ciudad de M\u00e9xico, seg\u00fan han confirmado fuentes penitenciarias y la propia defensa del exmandatario, por lo que es posible que obtenga su libertad en los pr\u00f3ximos meses. [&hellip;]<\/p>\n","protected":false},"author":2,"featured_media":141383,"comment_status":"closed","ping_status":"closed","sticky":false,"template":"","format":"standard","meta":{"_jetpack_newsletter_access":"","_jetpack_dont_email_post_to_subs":false,"_jetpack_newsletter_tier_id":0,"_jetpack_memberships_contains_paywalled_content":false,"_jetpack_memberships_contains_paid_content":false,"footnotes":""},"categories":[70],"tags":[1197,260,195],"class_list":["post-155961","post","type-post","status-publish","format-standard","has-post-thumbnail","hentry","category-de-opinion","tag-el-pais","tag-javier-duarte-de-ochoa","tag-veracruz"],"jetpack_featured_media_url":"https:\/\/lospoliticosveracruz.com.mx\/wp-content\/uploads\/2025\/04\/Fanny-Yepez-Luna.jpg","jetpack_sharing_enabled":true,"jetpack_shortlink":"https:\/\/wp.me\/p4Qcd3-Ezv","_links":{"self":[{"href":"https:\/\/lospoliticosveracruz.com.mx\/index.php?rest_route=\/wp\/v2\/posts\/155961","targetHints":{"allow":["GET"]}}],"collection":[{"href":"https:\/\/lospoliticosveracruz.com.mx\/index.php?rest_route=\/wp\/v2\/posts"}],"about":[{"href":"https:\/\/lospoliticosveracruz.com.mx\/index.php?rest_route=\/wp\/v2\/types\/post"}],"author":[{"embeddable":true,"href":"https:\/\/lospoliticosveracruz.com.mx\/index.php?rest_route=\/wp\/v2\/users\/2"}],"replies":[{"embeddable":true,"href":"https:\/\/lospoliticosveracruz.com.mx\/index.php?rest_route=%2Fwp%2Fv2%2Fcomments&post=155961"}],"version-history":[{"count":1,"href":"https:\/\/lospoliticosveracruz.com.mx\/index.php?rest_route=\/wp\/v2\/posts\/155961\/revisions"}],"predecessor-version":[{"id":155962,"href":"https:\/\/lospoliticosveracruz.com.mx\/index.php?rest_route=\/wp\/v2\/posts\/155961\/revisions\/155962"}],"wp:featuredmedia":[{"embeddable":true,"href":"https:\/\/lospoliticosveracruz.com.mx\/index.php?rest_route=\/wp\/v2\/media\/141383"}],"wp:attachment":[{"href":"https:\/\/lospoliticosveracruz.com.mx\/index.php?rest_route=%2Fwp%2Fv2%2Fmedia&parent=155961"}],"wp:term":[{"taxonomy":"category","embeddable":true,"href":"https:\/\/lospoliticosveracruz.com.mx\/index.php?rest_route=%2Fwp%2Fv2%2Fcategories&post=155961"},{"taxonomy":"post_tag","embeddable":true,"href":"https:\/\/lospoliticosveracruz.com.mx\/index.php?rest_route=%2Fwp%2Fv2%2Ftags&post=155961"}],"curies":[{"name":"wp","href":"https:\/\/api.w.org\/{rel}","templated":true}]}}