{"id":155967,"date":"2025-11-06T07:30:20","date_gmt":"2025-11-06T13:30:20","guid":{"rendered":"https:\/\/lospoliticosveracruz.com.mx\/?p=155967"},"modified":"2025-11-06T07:30:20","modified_gmt":"2025-11-06T13:30:20","slug":"carlos-manzo-qepd","status":"publish","type":"post","link":"https:\/\/lospoliticosveracruz.com.mx\/?p=155967","title":{"rendered":"CARLOS MANZO (QEPD)"},"content":{"rendered":"\n<p><strong>Uriel Flores Aguayo<\/strong><\/p>\n\n\n\n<p><em>La Opini\u00f3n no Pedida<\/em><\/p>\n\n\n\n<p>Carlos Manzo, est\u00e1 muerto. Fue asesinado. Muri\u00f3 un ser humano, padre, esposo, hijo, nieto, hermano y t\u00edo. Muri\u00f3 un Alcalde, un pol\u00edtico y un l\u00edder. Muri\u00f3 un futuro gobernador y, en un contexto determinado, un futuro Presidente. <br><\/p>\n\n\n\n<figure class=\"wp-block-image size-full\"><a href=\" https:\/\/legisver.gob.mx\/Inicio.php?p=sliderInfoNP&amp;i=8785682\"><img loading=\"lazy\" decoding=\"async\" width=\"728\" height=\"90\" src=\"https:\/\/lospoliticosveracruz.com.mx\/wp-content\/uploads\/2025\/10\/Legis-Cintillo.png\" alt=\"\" class=\"wp-image-155724\" srcset=\"https:\/\/lospoliticosveracruz.com.mx\/wp-content\/uploads\/2025\/10\/Legis-Cintillo.png 728w, https:\/\/lospoliticosveracruz.com.mx\/wp-content\/uploads\/2025\/10\/Legis-Cintillo-300x37.png 300w\" sizes=\"auto, (max-width: 728px) 100vw, 728px\" \/><\/a><\/figure>\n\n\n\n<p>Muri\u00f3 con valent\u00eda, por asumir riesgos y romper con lo tradicional. Hablaba clarito y directo, nada que ver con el discurso t\u00edpico y hueco de eufemismos y superficialidades. Ese tono con acciones justicieras directas le acarrearon enorme simpat\u00eda popular. R\u00e1pidamente se estaba convirtiendo en un fen\u00f3meno pol\u00edtico. Su actitud puede calificarse de muchas formas, pero nadie le debe quitar los m\u00e9ritos y aciertos. Hablar como lo hac\u00eda en zona narca es un poco de hero\u00edsmo, un tanto de desesperaci\u00f3n y algo de voluntarismo. Un Alcalde no tiene la fuerza ni la competencia para enfrentar a las mafias del narcotrafico. Sin una estrategia conjunta con el Estado y la federaci\u00f3n es pr\u00e1cticamente imposible detener la violencia implacable del gobierno paralelo que significan los carteles de las drogas. El decidi\u00f3 hacer algo a costa de su vida. Uruapan es un poco menor que Xalapa, y es zona productora de aguacate, con la presencia extorcionadora de grupos criminales. El desenlace de su historia personal es la cr\u00f3nica de una muerte anunciada. Obviamente fall\u00f3 el Estado mexicano, lo dej\u00f3 pr\u00e1cticamente solo. Es bochornoso el espect\u00e1culo de la polarizaci\u00f3n que se di\u00f3 con este asesinato: unos implicando sin matices al partido en el poder y otros, los del gobierno, repartiendo culpas al pasado y eludiendo responsabilidades. La muerte de Carlos Manzo, es de esos acontecimientos que sacuden la conciencia nacional. Pretender minimizarlo es ocioso e in\u00fatil. Es una sacudida para todos. Tiene que ver con la vigencia o no del Estado de Derecho, con las capacidades del Gobierno, con el empoderamiento de los narcotraficantes y con una silenciosa y prematura descomposici\u00f3n pol\u00edtica. Muri\u00f3 un pol\u00edtico, por tanto, que su caso se politice es absolutamente natural. No se debe perder de vista su lado humano. Nadie deber\u00eda decir algo sin lamentarlo primero y ofrecer las condolencias respectivas a la familia.<br>Recadito: la honestidad de un gobierno se mide en su aparato de transporte y tr\u00e1nsito.<\/p>\n","protected":false},"excerpt":{"rendered":"<p>Uriel Flores Aguayo La Opini\u00f3n no Pedida Carlos Manzo, est\u00e1 muerto. Fue asesinado. Muri\u00f3 un ser humano, padre, esposo, hijo, nieto, hermano y t\u00edo. Muri\u00f3 un Alcalde, un pol\u00edtico y un l\u00edder. Muri\u00f3 un futuro gobernador y, en un contexto determinado, un futuro Presidente. Muri\u00f3 con valent\u00eda, por asumir riesgos y romper con lo tradicional. [&hellip;]<\/p>\n","protected":false},"author":2,"featured_media":141430,"comment_status":"closed","ping_status":"","sticky":false,"template":"","format":"standard","meta":{"_jetpack_newsletter_access":"","_jetpack_dont_email_post_to_subs":false,"_jetpack_newsletter_tier_id":0,"_jetpack_memberships_contains_paywalled_content":false,"_jetpack_memberships_contains_paid_content":false,"footnotes":""},"categories":[70],"tags":[],"class_list":["post-155967","post","type-post","status-publish","format-standard","has-post-thumbnail","hentry","category-de-opinion"],"jetpack_featured_media_url":"https:\/\/lospoliticosveracruz.com.mx\/wp-content\/uploads\/2025\/04\/Uriel-Flores.jpg","jetpack_sharing_enabled":true,"jetpack_shortlink":"https:\/\/wp.me\/p4Qcd3-EzB","_links":{"self":[{"href":"https:\/\/lospoliticosveracruz.com.mx\/index.php?rest_route=\/wp\/v2\/posts\/155967","targetHints":{"allow":["GET"]}}],"collection":[{"href":"https:\/\/lospoliticosveracruz.com.mx\/index.php?rest_route=\/wp\/v2\/posts"}],"about":[{"href":"https:\/\/lospoliticosveracruz.com.mx\/index.php?rest_route=\/wp\/v2\/types\/post"}],"author":[{"embeddable":true,"href":"https:\/\/lospoliticosveracruz.com.mx\/index.php?rest_route=\/wp\/v2\/users\/2"}],"replies":[{"embeddable":true,"href":"https:\/\/lospoliticosveracruz.com.mx\/index.php?rest_route=%2Fwp%2Fv2%2Fcomments&post=155967"}],"version-history":[{"count":1,"href":"https:\/\/lospoliticosveracruz.com.mx\/index.php?rest_route=\/wp\/v2\/posts\/155967\/revisions"}],"predecessor-version":[{"id":155968,"href":"https:\/\/lospoliticosveracruz.com.mx\/index.php?rest_route=\/wp\/v2\/posts\/155967\/revisions\/155968"}],"wp:featuredmedia":[{"embeddable":true,"href":"https:\/\/lospoliticosveracruz.com.mx\/index.php?rest_route=\/wp\/v2\/media\/141430"}],"wp:attachment":[{"href":"https:\/\/lospoliticosveracruz.com.mx\/index.php?rest_route=%2Fwp%2Fv2%2Fmedia&parent=155967"}],"wp:term":[{"taxonomy":"category","embeddable":true,"href":"https:\/\/lospoliticosveracruz.com.mx\/index.php?rest_route=%2Fwp%2Fv2%2Fcategories&post=155967"},{"taxonomy":"post_tag","embeddable":true,"href":"https:\/\/lospoliticosveracruz.com.mx\/index.php?rest_route=%2Fwp%2Fv2%2Ftags&post=155967"}],"curies":[{"name":"wp","href":"https:\/\/api.w.org\/{rel}","templated":true}]}}