{"id":155970,"date":"2025-11-06T08:29:01","date_gmt":"2025-11-06T14:29:01","guid":{"rendered":"https:\/\/lospoliticosveracruz.com.mx\/?p=155970"},"modified":"2025-11-06T08:29:26","modified_gmt":"2025-11-06T14:29:26","slug":"solo-fue-la-foto","status":"publish","type":"post","link":"https:\/\/lospoliticosveracruz.com.mx\/?p=155970","title":{"rendered":"SOLO FUE LA FOTO\u2026"},"content":{"rendered":"\n<p><\/p>\n\n\n\n<p><strong>Oved Contreras<\/strong><\/p>\n\n\n\n<p><em>Secas Mecas<\/em><\/p>\n\n\n\n<p>La presentaci\u00f3n y banderazo a los&nbsp;<strong>camiones Ul\u00faa<\/strong>, dado por la&nbsp;<strong>T\u00eda Corajes<\/strong>&nbsp;en d\u00edas pasados, s\u00f3lo fue para la foto y para hacerle al cuento, ya que una vez acabado el evento los autobuses volvieron a la explanada del&nbsp;<strong>Auditorio Benito Ju\u00e1rez<\/strong>, donde siguen parados.<\/p>\n\n\n\n<figure class=\"wp-block-image size-full\"><a href=\" https:\/\/legisver.gob.mx\/Inicio.php?p=sliderInfoNP&amp;i=8785682\"><img loading=\"lazy\" decoding=\"async\" width=\"728\" height=\"90\" src=\"https:\/\/lospoliticosveracruz.com.mx\/wp-content\/uploads\/2025\/10\/Legis-Cintillo.png\" alt=\"\" class=\"wp-image-155724\" srcset=\"https:\/\/lospoliticosveracruz.com.mx\/wp-content\/uploads\/2025\/10\/Legis-Cintillo.png 728w, https:\/\/lospoliticosveracruz.com.mx\/wp-content\/uploads\/2025\/10\/Legis-Cintillo-300x37.png 300w\" sizes=\"auto, (max-width: 728px) 100vw, 728px\" \/><\/a><\/figure>\n\n\n\n<p>Pues resulta que los autobuses&nbsp;<strong>no tienen seguro<\/strong>, y as\u00ed los concesionarios a los que se les iban a entregar decidieron decirle a los emisarios de la&nbsp;<strong>Gobernadora<\/strong>&nbsp;que as\u00ed no los van a poner a dar servicio en la zona conurbada, y que&nbsp;<strong>no los aceptan<\/strong>.<\/p>\n\n\n\n<p>As\u00ed que s\u00f3lo est\u00e1n dando servicio un aproximado de ocho autobuses que cubren la ruta del&nbsp;<strong>Palacio Municipal de Boca del R\u00edo<\/strong>&nbsp;al&nbsp;<strong>Palacio Municipal de Veracruz<\/strong>, por el bulevar costero, para que la gente vea que \u201cya circulan\u201d y que fue palabra cumplida, pero la realidad es que en la explanada del Benito Ju\u00e1rez hay m\u00e1s de cien autobuses parados, y no se sabe para cu\u00e1ndo los concesionarios los vayan a aceptar.<\/p>\n\n\n\n<p>El chambero nos dijo que el d\u00eda de la presentaci\u00f3n s\u00f3lo sirvi\u00f3 para hacer un tremendo&nbsp;<strong>caos vehicular<\/strong>en el&nbsp;<strong>bulevar Manuel \u00c1vila Camacho<\/strong>&nbsp;de&nbsp;<strong>Boca del R\u00edo<\/strong>, donde se hizo la pantomima de darles el banderazo de salida, y que al menos cuatro unidades fueron da\u00f1adas en sus retrovisores y calaveras por el mal manejo de los conductores contratados y ense\u00f1ados por el&nbsp;<strong>Gobierno del Estado<\/strong>&nbsp;(ni licencia ped\u00edan en la convocatoria). Ah\u00ed los resultados: ya los bautizaron sin haberlos siquiera estrenado.<\/p>\n\n\n\n<p>Nos dicen que el&nbsp;<strong>Pollo Boussart<\/strong>&nbsp;lanz\u00f3 semanas atr\u00e1s su propia l\u00ednea \u201cPremium\u201d de autobuses de pasaje en la ruta que tiene concesionada, con unidades climatizadas, a\u00f1o 2025, con internet, y que no le piden nada a los autobuses chinos de&nbsp;<strong>Nahle<\/strong>. As\u00ed hay otros concesionarios que ya no quieren aceptar las unidades que les quiere imponer el&nbsp;<strong>Gobierno del Estado<\/strong>, con un esquema financiero todav\u00eda&nbsp;<strong>no definido<\/strong>, sin fideicomiso legalizado y con&nbsp;<strong>unidades sin seguro<\/strong>&nbsp;para circular. El rompimiento del&nbsp;<strong>Pollo Boussart<\/strong>&nbsp;con su ex compadre&nbsp;<strong>Enrique Santos<\/strong>&nbsp;es m\u00e1s que evidente, dicen.<\/p>\n\n\n\n<p><strong>DUARTOCHO LIBRE\u2026<\/strong>&nbsp;una jueza podr\u00eda autorizar la pr\u00f3xima semana la&nbsp;<strong>excarcelaci\u00f3n anticipada de Javier Duarte<\/strong>, y seg\u00fan revel\u00f3 el peri\u00f3dico espa\u00f1ol&nbsp;<strong>El Pa\u00eds<\/strong>, el exgobernador veracruzano ya se despidi\u00f3 de sus compa\u00f1eros de reclusi\u00f3n con una mariscada con refrescos y bebidas alcoh\u00f3licas, en una fiesta donde estuvieron otros hombres sentenciados por delitos de corrupci\u00f3n y crimen organizado.<\/p>\n\n\n\n<p>\u00bfSer\u00e1 un mal momento para que el r\u00e9gimen d\u00e9 luz verde para liberar a un reo acusado de corrupci\u00f3n, o esta liberaci\u00f3n ser\u00e1 la cortina de humo perfecta para quitarle reflectores al caso&nbsp;<strong>Carlos Manzo<\/strong>&nbsp;en&nbsp;<strong>Uruapan<\/strong>? Un error de c\u00e1lculo podr\u00eda ser gasolina para las revueltas que se forman en el pa\u00eds.<\/p>\n\n\n\n<p><strong>Javier Duarte<\/strong>&nbsp;fue condenado a nueve a\u00f1os de prisi\u00f3n y al pago de una peque\u00f1a multa de 58 mil pesos como parte de un procedimiento abreviado. Mientras purgaba su sentencia, que comenz\u00f3 desde abril de 2017, enfrent\u00f3 un nuevo proceso por obstruir una investigaci\u00f3n relacionada con&nbsp;<strong>desaparici\u00f3n forzada<\/strong>, delito que se agrav\u00f3 en&nbsp;<strong>Veracruz<\/strong>&nbsp;durante su mandato, pero un juez federal lo exoner\u00f3 en noviembre de 2024.<\/p>\n\n\n\n<p>Cuentan que en&nbsp;<strong>C\u00f3rdoba<\/strong>&nbsp;ya se habla en los c\u00edrculos cercanos a varios prestanombres y allegados de&nbsp;<strong>Javier Duarte<\/strong>&nbsp;de su salida y las disputas que ya han empezado para recuperar los recursos financieros desviados del&nbsp;<strong>Gobierno de Veracruz<\/strong>.<\/p>\n\n\n\n<p>La salida de Duarte de prisi\u00f3n depender\u00e1 de una audiencia que el exmandatario tendr\u00e1 en el centro judicial la pr\u00f3xima semana. Oficialmente, su excarcelaci\u00f3n estaba programada para abril de 2026. La audiencia comenz\u00f3 el lunes pasado, pero la jueza declar\u00f3 un receso e indic\u00f3 que se reanudar\u00e1 el&nbsp;<strong>12 de noviembre<\/strong>. En la audiencia, la&nbsp;<strong>Fiscal\u00eda General de la Rep\u00fablica (FGR)<\/strong>&nbsp;impugn\u00f3 la petici\u00f3n de libertad anticipada.<\/p>\n\n\n\n<p>Los desv\u00edos documentados en&nbsp;<strong>La Estafa Maestra<\/strong>,&nbsp;<strong>Odebrecht<\/strong>&nbsp;y las&nbsp;<strong>empresas fantasma<\/strong>&nbsp;de Javier Duarte permanecen impunes. A pesar de los montos determinados por la&nbsp;<strong>Auditor\u00eda Superior de la Federaci\u00f3n (ASF)<\/strong>, los desv\u00edos del sexenio de&nbsp;<strong>Enrique Pe\u00f1a Nieto<\/strong>&nbsp;suman m\u00e1s de 9 mil 500 millones de pesos incobrables.<\/p>\n\n\n\n<p><strong>NO FUE INHABILITADA\u2026<\/strong>&nbsp;Ahora resulta que, a pesar de los se\u00f1alamientos de corrupci\u00f3n que pesan sobre la exdirectora de Administraci\u00f3n del&nbsp;<strong>Poder Judicial del Estado de Veracruz<\/strong>,&nbsp;<strong>Joana Marlen Bautista Flores<\/strong>, y actual coordinadora de Compras en el Extranjero del&nbsp;<strong>Sistema de Transporte Metro de la CDMX<\/strong>, no hay inhabilitaci\u00f3n por parte de la&nbsp;<strong>Contralor\u00eda del Estado de Veracruz<\/strong>.<\/p>\n\n\n\n<p>Sin embargo, el periodista&nbsp;<strong>Pepe Ortiz<\/strong>&nbsp;revel\u00f3 que la exfuncionaria&nbsp;<strong>s\u00ed aparece inhabilitada<\/strong>&nbsp;en la plataforma del&nbsp;<strong>Sistema Nacional de Servidores P\u00fablicos y Particulares Sancionados<\/strong>&nbsp;por un periodo de diez a\u00f1os.<\/p>\n\n\n\n<p><strong>Joana Bautista<\/strong>&nbsp;enfrenta se\u00f1alamientos de&nbsp;<strong>corrupci\u00f3n, malos manejos y tr\u00e1fico de influencias<\/strong>, y siempre se mantuvo cercana a figuras del poder en el pasado sexenio, como&nbsp;<strong>Jos\u00e9 Luis Lima Franco<\/strong>,&nbsp;<strong>Eleazar Guerrero P\u00e9rez<\/strong>&nbsp;e incluso&nbsp;<strong>Juan Javier G\u00f3mez Cazar\u00edn<\/strong>.<\/p>\n\n\n\n<p>Cuentan que, desde la&nbsp;<strong>Secretar\u00eda de Finanzas y Planeaci\u00f3n (Sefiplan)<\/strong>&nbsp;y el&nbsp;<strong>Congreso del Estado<\/strong>,&nbsp;<strong>Joana Bautista<\/strong>&nbsp;movi\u00f3 cajas de archivo con dinero en efectivo provenientes de las arcas del&nbsp;<strong>Poder Judicial<\/strong>. La suerte le dio la espalda antes de que terminara el sexenio cuitlahuista, fue vetada por el&nbsp;<strong>Ku\u00edkaras<\/strong>, reneg\u00f3 de quienes la impulsaron y busc\u00f3 redenci\u00f3n con&nbsp;<strong>Roc\u00edo Nahle<\/strong>, pero termin\u00f3 igual: en el exilio pol\u00edtico, hasta ahora que la rescatan para trabajar en el&nbsp;<strong>Metro de la Ciudad de M\u00e9xico<\/strong>.<\/p>\n","protected":false},"excerpt":{"rendered":"<p>Oved Contreras Secas Mecas La presentaci\u00f3n y banderazo a los&nbsp;camiones Ul\u00faa, dado por la&nbsp;T\u00eda Corajes&nbsp;en d\u00edas pasados, s\u00f3lo fue para la foto y para hacerle al cuento, ya que una vez acabado el evento los autobuses volvieron a la explanada del&nbsp;Auditorio Benito Ju\u00e1rez, donde siguen parados. Pues resulta que los autobuses&nbsp;no tienen seguro, y as\u00ed [&hellip;]<\/p>\n","protected":false},"author":2,"featured_media":141426,"comment_status":"closed","ping_status":"closed","sticky":false,"template":"","format":"standard","meta":{"_jetpack_newsletter_access":"","_jetpack_dont_email_post_to_subs":false,"_jetpack_newsletter_tier_id":0,"_jetpack_memberships_contains_paywalled_content":false,"_jetpack_memberships_contains_paid_content":false,"footnotes":""},"categories":[70],"tags":[46982,47017,2932,47019,3578,47018],"class_list":["post-155970","post","type-post","status-publish","format-standard","has-post-thumbnail","hentry","category-de-opinion","tag-carlos-manzo-uruapan","tag-corrupcion-judicial-veracruz","tag-gobierno-de-veracruz","tag-javier-duarte-liberacion","tag-rocio-nahle","tag-transporte-ulua-veracruz"],"jetpack_featured_media_url":"https:\/\/lospoliticosveracruz.com.mx\/wp-content\/uploads\/2025\/04\/Oved-Contreras.jpg","jetpack_sharing_enabled":true,"jetpack_shortlink":"https:\/\/wp.me\/p4Qcd3-EzE","_links":{"self":[{"href":"https:\/\/lospoliticosveracruz.com.mx\/index.php?rest_route=\/wp\/v2\/posts\/155970","targetHints":{"allow":["GET"]}}],"collection":[{"href":"https:\/\/lospoliticosveracruz.com.mx\/index.php?rest_route=\/wp\/v2\/posts"}],"about":[{"href":"https:\/\/lospoliticosveracruz.com.mx\/index.php?rest_route=\/wp\/v2\/types\/post"}],"author":[{"embeddable":true,"href":"https:\/\/lospoliticosveracruz.com.mx\/index.php?rest_route=\/wp\/v2\/users\/2"}],"replies":[{"embeddable":true,"href":"https:\/\/lospoliticosveracruz.com.mx\/index.php?rest_route=%2Fwp%2Fv2%2Fcomments&post=155970"}],"version-history":[{"count":1,"href":"https:\/\/lospoliticosveracruz.com.mx\/index.php?rest_route=\/wp\/v2\/posts\/155970\/revisions"}],"predecessor-version":[{"id":155971,"href":"https:\/\/lospoliticosveracruz.com.mx\/index.php?rest_route=\/wp\/v2\/posts\/155970\/revisions\/155971"}],"wp:featuredmedia":[{"embeddable":true,"href":"https:\/\/lospoliticosveracruz.com.mx\/index.php?rest_route=\/wp\/v2\/media\/141426"}],"wp:attachment":[{"href":"https:\/\/lospoliticosveracruz.com.mx\/index.php?rest_route=%2Fwp%2Fv2%2Fmedia&parent=155970"}],"wp:term":[{"taxonomy":"category","embeddable":true,"href":"https:\/\/lospoliticosveracruz.com.mx\/index.php?rest_route=%2Fwp%2Fv2%2Fcategories&post=155970"},{"taxonomy":"post_tag","embeddable":true,"href":"https:\/\/lospoliticosveracruz.com.mx\/index.php?rest_route=%2Fwp%2Fv2%2Ftags&post=155970"}],"curies":[{"name":"wp","href":"https:\/\/api.w.org\/{rel}","templated":true}]}}