{"id":155972,"date":"2025-11-06T08:50:46","date_gmt":"2025-11-06T14:50:46","guid":{"rendered":"https:\/\/lospoliticosveracruz.com.mx\/?p=155972"},"modified":"2025-11-06T08:51:43","modified_gmt":"2025-11-06T14:51:43","slug":"mc-la-oposicion-real","status":"publish","type":"post","link":"https:\/\/lospoliticosveracruz.com.mx\/?p=155972","title":{"rendered":"MC, LA OPOSICI\u00d3N REAL"},"content":{"rendered":"\n<p><\/p>\n\n\n\n<p><strong>Sergio Gonz\u00e1lez Levet<\/strong><\/p>\n\n\n\n<p><em>Sin tacto<\/em><\/p>\n\n\n\n<p>Dentro de las ocurrencias corrientes que los asesores de comunicaci\u00f3n de&nbsp;<strong>Morena<\/strong>&nbsp;quieren hacer pasar como corriente de pensamiento, el empecinamiento en sembrar la idea de que en&nbsp;<strong>M\u00e9xico<\/strong>&nbsp;no hay una oposici\u00f3n real a la&nbsp;<strong>Cuarta Transformaci\u00f3n<\/strong>&nbsp;persiste cada que se presenta una crisis, que ahora surgen en cascada pr\u00e1cticamente todos los d\u00edas.<\/p>\n\n\n\n<figure class=\"wp-block-image size-full\"><a href=\" https:\/\/legisver.gob.mx\/Inicio.php?p=sliderInfoNP&amp;i=8785682\"><img loading=\"lazy\" decoding=\"async\" width=\"728\" height=\"90\" src=\"https:\/\/lospoliticosveracruz.com.mx\/wp-content\/uploads\/2025\/10\/Legis-Cintillo.png\" alt=\"\" class=\"wp-image-155724\" srcset=\"https:\/\/lospoliticosveracruz.com.mx\/wp-content\/uploads\/2025\/10\/Legis-Cintillo.png 728w, https:\/\/lospoliticosveracruz.com.mx\/wp-content\/uploads\/2025\/10\/Legis-Cintillo-300x37.png 300w\" sizes=\"auto, (max-width: 728px) 100vw, 728px\" \/><\/a><\/figure>\n\n\n\n<p>M\u00e1s que una t\u00e1ctica de comunicaci\u00f3n, eso de presentar a sus opositores como desaparecidos parece un grito desesperado de los gobiernos cuatrote\u00edstas de los tres niveles (<strong>federal, estatal y municipal<\/strong>), que de esa manera exhiben el pavor que le tienen a la p\u00e9rdida de poder y, sobre todo, a sus consecuencias previsiblemente carcelarias.<\/p>\n\n\n\n<p>Las malas conciencias y las plumas compradas insisten en que el movimiento morenista termin\u00f3 por hacer desaparecer a la oposici\u00f3n y que ahora se yergue como la \u00fanica alternativa para conquistar y ejercer el poder en&nbsp;<strong>M\u00e9xico<\/strong>.<\/p>\n\n\n\n<p>Consideran los intelectuales inorg\u00e1nicos de&nbsp;<strong>L\u00f3pez Obrador<\/strong>, frente a los intelectuales org\u00e1nicos de la oposici\u00f3n, que las corrientes opositoras a su movimiento populista est\u00e1n desaparecidas para siempre \u2014quisieran\u2014 y que las \u00fanicas tensiones y confrontaciones se presentan al interior de la&nbsp;<strong>Cuarta Transformaci\u00f3n<\/strong>&nbsp;y de los gobiernos emanados de ella.<\/p>\n\n\n\n<p>Ven al&nbsp;<strong>PRI<\/strong>&nbsp;como un partido en v\u00edas de extinci\u00f3n, preocupado por mantener los pocos lugares de representaci\u00f3n que le quedan y los escas\u00edsimos espacios de representaci\u00f3n popular, y dedicado exclusivamente a repetir consignas cada vez m\u00e1s vac\u00edas en contra de las acciones de gobierno.<\/p>\n\n\n\n<p>En ese orden de ideas, el&nbsp;<strong>PAN<\/strong>&nbsp;est\u00e1 demasiado entretenido en su relanzamiento y olvida ejercer su importante funci\u00f3n de contrapeso, que se ha quedado en la mera denuncia medi\u00e1tica.<\/p>\n\n\n\n<p>Cuando&nbsp;<strong>Luis Carbonell de la Hoz<\/strong>&nbsp;tom\u00f3 posesi\u00f3n del cargo de&nbsp;<strong>coordinador estatal de Movimiento Ciudadano en Veracruz<\/strong>, insisti\u00f3 en continuar al pie de la letra la pol\u00edtica instaurada por&nbsp;<strong>Dante Delgado Rannauro<\/strong>&nbsp;de ir solos en los comicios, y dio c\u00e1tedra de su capacidad de convocatoria al integrar, en tiempo r\u00e9cord, las planillas de los&nbsp;<strong>212 ayuntamientos<\/strong>. Pero no s\u00f3lo eso: consigui\u00f3 el l\u00edder estatal registrar&nbsp;<strong>candidatos competitivos<\/strong>&nbsp;que se unieron y trabajaron en conjunto para que&nbsp;<strong>Movimiento Ciudadano (MC)<\/strong>&nbsp;hiciera la chica y se convirtiera en la&nbsp;<strong>segunda opci\u00f3n electoral de Veracruz<\/strong>, con cerca de&nbsp;<strong>600 mil votos ciudadanos<\/strong>.<\/p>\n\n\n\n<p>Mientras el partido oficial perd\u00eda un 20 por ciento de la votaci\u00f3n \u2014lo que representa un mill\u00f3n de votos menos entre las elecciones de 2024 y 2025\u2014, los abanderados naranjas consiguieron&nbsp;<strong>duplicar su base electoral<\/strong>, y ahora se encaminan a dar una gran batalla en los&nbsp;<strong>comicios legislativos de 2027<\/strong>, en los&nbsp;<strong>municipales de 2029<\/strong>&nbsp;y en la gran guerra por la&nbsp;<strong>gubernatura en 2030<\/strong>.<\/p>\n\n\n\n<p><strong>Luis Carbonell<\/strong>&nbsp;ha demostrado con hechos y con resultados que en&nbsp;<strong>Veracruz<\/strong>&nbsp;s\u00ed existe una&nbsp;<strong>oposici\u00f3n f\u00e9rrea al r\u00e9gimen<\/strong>, representada por el&nbsp;<strong>Movimiento Naranja<\/strong>, que va por recoger sus mejores frutos en las elecciones venideras.<\/p>\n","protected":false},"excerpt":{"rendered":"<p>Sergio Gonz\u00e1lez Levet Sin tacto Dentro de las ocurrencias corrientes que los asesores de comunicaci\u00f3n de&nbsp;Morena&nbsp;quieren hacer pasar como corriente de pensamiento, el empecinamiento en sembrar la idea de que en&nbsp;M\u00e9xico&nbsp;no hay una oposici\u00f3n real a la&nbsp;Cuarta Transformaci\u00f3n&nbsp;persiste cada que se presenta una crisis, que ahora surgen en cascada pr\u00e1cticamente todos los d\u00edas. M\u00e1s que [&hellip;]<\/p>\n","protected":false},"author":2,"featured_media":141432,"comment_status":"closed","ping_status":"closed","sticky":false,"template":"","format":"standard","meta":{"_jetpack_newsletter_access":"","_jetpack_dont_email_post_to_subs":false,"_jetpack_newsletter_tier_id":0,"_jetpack_memberships_contains_paywalled_content":false,"_jetpack_memberships_contains_paid_content":false,"footnotes":""},"categories":[70],"tags":[2219,47020,26406,38166,47021,2328],"class_list":["post-155972","post","type-post","status-publish","format-standard","has-post-thumbnail","hentry","category-de-opinion","tag-dante-delgado","tag-elecciones-2030","tag-luis-carbonell","tag-movimiento-ciudadano-veracruz","tag-oposicion-politica","tag-politica-veracruzana"],"jetpack_featured_media_url":"https:\/\/lospoliticosveracruz.com.mx\/wp-content\/uploads\/2025\/04\/Levet.jpg","jetpack_sharing_enabled":true,"jetpack_shortlink":"https:\/\/wp.me\/p4Qcd3-EzG","_links":{"self":[{"href":"https:\/\/lospoliticosveracruz.com.mx\/index.php?rest_route=\/wp\/v2\/posts\/155972","targetHints":{"allow":["GET"]}}],"collection":[{"href":"https:\/\/lospoliticosveracruz.com.mx\/index.php?rest_route=\/wp\/v2\/posts"}],"about":[{"href":"https:\/\/lospoliticosveracruz.com.mx\/index.php?rest_route=\/wp\/v2\/types\/post"}],"author":[{"embeddable":true,"href":"https:\/\/lospoliticosveracruz.com.mx\/index.php?rest_route=\/wp\/v2\/users\/2"}],"replies":[{"embeddable":true,"href":"https:\/\/lospoliticosveracruz.com.mx\/index.php?rest_route=%2Fwp%2Fv2%2Fcomments&post=155972"}],"version-history":[{"count":1,"href":"https:\/\/lospoliticosveracruz.com.mx\/index.php?rest_route=\/wp\/v2\/posts\/155972\/revisions"}],"predecessor-version":[{"id":155973,"href":"https:\/\/lospoliticosveracruz.com.mx\/index.php?rest_route=\/wp\/v2\/posts\/155972\/revisions\/155973"}],"wp:featuredmedia":[{"embeddable":true,"href":"https:\/\/lospoliticosveracruz.com.mx\/index.php?rest_route=\/wp\/v2\/media\/141432"}],"wp:attachment":[{"href":"https:\/\/lospoliticosveracruz.com.mx\/index.php?rest_route=%2Fwp%2Fv2%2Fmedia&parent=155972"}],"wp:term":[{"taxonomy":"category","embeddable":true,"href":"https:\/\/lospoliticosveracruz.com.mx\/index.php?rest_route=%2Fwp%2Fv2%2Fcategories&post=155972"},{"taxonomy":"post_tag","embeddable":true,"href":"https:\/\/lospoliticosveracruz.com.mx\/index.php?rest_route=%2Fwp%2Fv2%2Ftags&post=155972"}],"curies":[{"name":"wp","href":"https:\/\/api.w.org\/{rel}","templated":true}]}}