{"id":155974,"date":"2025-11-06T10:19:38","date_gmt":"2025-11-06T16:19:38","guid":{"rendered":"https:\/\/lospoliticosveracruz.com.mx\/?p=155974"},"modified":"2025-11-06T10:20:02","modified_gmt":"2025-11-06T16:20:02","slug":"van-por-el-primero","status":"publish","type":"post","link":"https:\/\/lospoliticosveracruz.com.mx\/?p=155974","title":{"rendered":"VAN POR EL PRIMERO!"},"content":{"rendered":"\n<p><strong>Karla M\u00e9ndez<\/strong><\/p>\n\n\n\n<p>El <strong>diputado presidente de la Junta de Coordinaci\u00f3n Pol\u00edtica (JUCOPO)<\/strong>, <strong>Esteban Bautista Hern\u00e1ndez<\/strong>, dio a conocer que sostendr\u00e1 una reuni\u00f3n con la <strong>gobernadora Roc\u00edo Nahle Garc\u00eda<\/strong> para detallar el protocolo de la entrega de su <strong>Primer Informe<\/strong> el pr\u00f3ximo <strong>15 de noviembre<\/strong>.<\/p>\n\n\n\n<figure class=\"wp-block-image size-full\"><a href=\" https:\/\/legisver.gob.mx\/Inicio.php?p=sliderInfoNP&amp;i=8785682\"><img loading=\"lazy\" decoding=\"async\" width=\"728\" height=\"90\" src=\"https:\/\/lospoliticosveracruz.com.mx\/wp-content\/uploads\/2025\/10\/Legis-Cintillo.png\" alt=\"\" class=\"wp-image-155724\" srcset=\"https:\/\/lospoliticosveracruz.com.mx\/wp-content\/uploads\/2025\/10\/Legis-Cintillo.png 728w, https:\/\/lospoliticosveracruz.com.mx\/wp-content\/uploads\/2025\/10\/Legis-Cintillo-300x37.png 300w\" sizes=\"auto, (max-width: 728px) 100vw, 728px\" \/><\/a><\/figure>\n\n\n\n<p>El legislador mencion\u00f3 que a\u00fan no tienen definido el protocolo para la entrega del <strong>Primer Informe de Gobierno<\/strong>, ya que est\u00e1n a la espera de asistir a <strong>Palacio de Gobierno<\/strong> para acordar y afinar los detalles.<\/p>\n\n\n\n<p>\u201c<strong>Todav\u00eda no lo tenemos<\/strong>, nos vamos a reunir con la gobernadora. Estamos esperando, nos van a llamar a Palacio de Gobierno a ponernos de acuerdo y afinar los \u00faltimos detalles. Vamos a ver qui\u00e9n viene o env\u00eda.\u201d<\/p>\n\n\n\n<p>Asimismo, el diputado <strong>Esteban Bautista<\/strong> mencion\u00f3 que ya tienen listo el <strong>calendario de comparecencias<\/strong> de los <strong>secretarios de despacho<\/strong>, que se realizar\u00e1n despu\u00e9s del 15 de noviembre.<\/p>\n\n\n\n<p>Es de recordar que, despu\u00e9s de la entrega de su informe el s\u00e1bado <strong>15 de noviembre<\/strong>, la <strong>gobernadora Roc\u00edo Nahle Garc\u00eda<\/strong> dar\u00e1 un <strong>mensaje a la ciudadan\u00eda<\/strong> el <strong>30 de noviembre<\/strong>.<\/p>\n","protected":false},"excerpt":{"rendered":"<p>Karla M\u00e9ndez El diputado presidente de la Junta de Coordinaci\u00f3n Pol\u00edtica (JUCOPO), Esteban Bautista Hern\u00e1ndez, dio a conocer que sostendr\u00e1 una reuni\u00f3n con la gobernadora Roc\u00edo Nahle Garc\u00eda para detallar el protocolo de la entrega de su Primer Informe el pr\u00f3ximo 15 de noviembre. El legislador mencion\u00f3 que a\u00fan no tienen definido el protocolo para [&hellip;]<\/p>\n","protected":false},"author":2,"featured_media":138781,"comment_status":"closed","ping_status":"closed","sticky":false,"template":"","format":"standard","meta":{"_jetpack_newsletter_access":"","_jetpack_dont_email_post_to_subs":false,"_jetpack_newsletter_tier_id":0,"_jetpack_memberships_contains_paywalled_content":false,"_jetpack_memberships_contains_paid_content":false,"footnotes":""},"categories":[6446],"tags":[],"class_list":["post-155974","post","type-post","status-publish","format-standard","has-post-thumbnail","hentry","category-la-nota"],"jetpack_featured_media_url":"https:\/\/lospoliticosveracruz.com.mx\/wp-content\/uploads\/2025\/02\/Esteban.jpeg","jetpack_sharing_enabled":true,"jetpack_shortlink":"https:\/\/wp.me\/p4Qcd3-EzI","_links":{"self":[{"href":"https:\/\/lospoliticosveracruz.com.mx\/index.php?rest_route=\/wp\/v2\/posts\/155974","targetHints":{"allow":["GET"]}}],"collection":[{"href":"https:\/\/lospoliticosveracruz.com.mx\/index.php?rest_route=\/wp\/v2\/posts"}],"about":[{"href":"https:\/\/lospoliticosveracruz.com.mx\/index.php?rest_route=\/wp\/v2\/types\/post"}],"author":[{"embeddable":true,"href":"https:\/\/lospoliticosveracruz.com.mx\/index.php?rest_route=\/wp\/v2\/users\/2"}],"replies":[{"embeddable":true,"href":"https:\/\/lospoliticosveracruz.com.mx\/index.php?rest_route=%2Fwp%2Fv2%2Fcomments&post=155974"}],"version-history":[{"count":2,"href":"https:\/\/lospoliticosveracruz.com.mx\/index.php?rest_route=\/wp\/v2\/posts\/155974\/revisions"}],"predecessor-version":[{"id":155976,"href":"https:\/\/lospoliticosveracruz.com.mx\/index.php?rest_route=\/wp\/v2\/posts\/155974\/revisions\/155976"}],"wp:featuredmedia":[{"embeddable":true,"href":"https:\/\/lospoliticosveracruz.com.mx\/index.php?rest_route=\/wp\/v2\/media\/138781"}],"wp:attachment":[{"href":"https:\/\/lospoliticosveracruz.com.mx\/index.php?rest_route=%2Fwp%2Fv2%2Fmedia&parent=155974"}],"wp:term":[{"taxonomy":"category","embeddable":true,"href":"https:\/\/lospoliticosveracruz.com.mx\/index.php?rest_route=%2Fwp%2Fv2%2Fcategories&post=155974"},{"taxonomy":"post_tag","embeddable":true,"href":"https:\/\/lospoliticosveracruz.com.mx\/index.php?rest_route=%2Fwp%2Fv2%2Ftags&post=155974"}],"curies":[{"name":"wp","href":"https:\/\/api.w.org\/{rel}","templated":true}]}}