{"id":156069,"date":"2025-11-07T07:49:45","date_gmt":"2025-11-07T13:49:45","guid":{"rendered":"https:\/\/lospoliticosveracruz.com.mx\/?p=156069"},"modified":"2025-11-07T07:50:18","modified_gmt":"2025-11-07T13:50:18","slug":"delia-a-la-asf","status":"publish","type":"post","link":"https:\/\/lospoliticosveracruz.com.mx\/?p=156069","title":{"rendered":"\u00bfDELIA A LA ASF?"},"content":{"rendered":"\n<p>S\u00edguenos ahora tambi\u00e9n en WhatsApp.\u00a0\u00a1<a href=\"https:\/\/whatsapp.com\/channel\/0029Va8zRWlEKyZIP3Z1dF0e\"><strong>Da clic aqu\u00ed<\/strong><\/a><strong>!<\/strong><\/p>\n\n\n\n<p><strong>Omar Z\u00fa\u00f1iga<\/strong><br><em>De Primera Mano<\/em><\/p>\n\n\n\n<p><strong>David Colmenares P\u00e1ramo<\/strong>, <strong>Auditor Superior de la Federaci\u00f3n<\/strong>, termina su periodo al frente de la <strong>ASF<\/strong> a principios del a\u00f1o entrante.<\/p>\n\n\n\n<p><strong>Colmenares P\u00e1ramo<\/strong>, originario de la <strong>Ciudad de M\u00e9xico<\/strong>, con una gran trayectoria a cuestas, no estuvo exento de esc\u00e1ndalos de corrupci\u00f3n que no fueron m\u00e1s all\u00e1, como los ocurridos en el sexenio de <strong>Javier Duarte<\/strong>, cuando fue se\u00f1alado de recibir varios millones de pesos a cambio de la aprobaci\u00f3n de las cuentas p\u00fablicas correspondientes.<\/p>\n\n\n\n<figure class=\"wp-block-image size-full\"><a href=\" https:\/\/legisver.gob.mx\/Inicio.php?p=sliderInfoNP&amp;i=8785682\"><img loading=\"lazy\" decoding=\"async\" width=\"728\" height=\"90\" src=\"https:\/\/lospoliticosveracruz.com.mx\/wp-content\/uploads\/2025\/10\/Legis-Cintillo.png\" alt=\"\" class=\"wp-image-155724\" srcset=\"https:\/\/lospoliticosveracruz.com.mx\/wp-content\/uploads\/2025\/10\/Legis-Cintillo.png 728w, https:\/\/lospoliticosveracruz.com.mx\/wp-content\/uploads\/2025\/10\/Legis-Cintillo-300x37.png 300w\" sizes=\"auto, (max-width: 728px) 100vw, 728px\" \/><\/a><\/figure>\n\n\n\n<p>Su periodo se termina y hoy en d\u00eda empiezan a surgir los nombres de quien habr\u00e1 de relevarlo en ese sensible cargo de revisar a los gobiernos de los estados y, por supuesto, al <strong>gobierno federal<\/strong>. Todos los dineros que provengan de la Federaci\u00f3n deben pasar s\u00ed o s\u00ed por ese tamiz.<\/p>\n\n\n\n<hr class=\"wp-block-separator has-alpha-channel-opacity\"\/>\n\n\n\n<p>La <strong>Auditora General del ORFIS<\/strong>, <strong>Delia Gonz\u00e1lez Cobos<\/strong>, estuvo este jueves en el <strong>Congreso de Veracruz<\/strong> para el arranque de los cursos de capacitaci\u00f3n a las <strong>autoridades municipales electas<\/strong>, que habr\u00e1n de tomar protesta el pr\u00f3ximo <strong>31 de diciembre<\/strong> para entrar en funciones oficialmente el <strong>1 de enero de 2026<\/strong>.<\/p>\n\n\n\n<p>Luego del acto oficial, <strong>Gonz\u00e1lez Cobos<\/strong> fue cuestionada sobre si le interesar\u00eda participar:<br>\u201cCreo que cualquier auditor de la Rep\u00fablica podr\u00eda estar participando. S\u00ed, y siendo mujer, pues ser\u00eda un gran reto para m\u00ed, vamos a ver todav\u00eda\u2026 Primero tiene que salir la convocatoria. En el trabajo que realizamos, siempre ese tipo de retos hay que asumirlos\u201d, respondi\u00f3 en calma, con una contestaci\u00f3n serena, sin sudar fiebres ajenas, sin prisas, pero sin pausas.<\/p>\n\n\n\n<p>Lo cierto es que <strong>Delia Gonz\u00e1lez Cobos<\/strong> ha mostrado y demostrado estar a la altura de cualquier reto que le ha impuesto el <strong>ORFIS<\/strong> y de lo que <strong>Veracruz<\/strong> ha necesitado en materia de revisi\u00f3n de recursos p\u00fablicos.<\/p>\n\n\n\n<p>La grilla bananera que le orquest\u00f3 el tristemente c\u00e9lebre <strong>Juan Javier G\u00f3mez Cazar\u00edn<\/strong>, como presidente de la <strong>JUCOPO<\/strong> en la Legislatura anterior, y su alfil <strong>Rafael Fararoni<\/strong>, cuando fue presidente de la <strong>Comisi\u00f3n de Vigilancia<\/strong>, no prosperaron.<\/p>\n\n\n\n<p>A pesar de los embates de <strong>Francisco Vicente<\/strong>, alias <em>Chuletas<\/em>, a\u00fan bajo su pecunio, como ariete de su guerra de lodo, nom\u00e1s no camin\u00f3.<\/p>\n\n\n\n<p>Hoy en d\u00eda, <strong>Gonz\u00e1lez Cobos<\/strong> tiene extraordinaria relaci\u00f3n y comunicaci\u00f3n con <strong>Esteban Bautista<\/strong>, presidente de la <strong>Junta de Coordinaci\u00f3n Pol\u00edtica<\/strong>, y con la <strong>Comisi\u00f3n de Vigilancia<\/strong>, a cargo de <strong>Miguel Guillermo Pintos<\/strong>.<\/p>\n\n\n\n<p>Y por supuesto, el gran trabajo realizado al frente del <strong>\u00d3rgano de Fiscalizaci\u00f3n Superior del Congreso<\/strong>\u2026 trabajo mata grilla, y <strong>Delia<\/strong> lo ha demostrado. Adem\u00e1s, por si fuera poca cosa su extenso curr\u00edculum, ya hace falta una veracruzana en la <strong>ASF<\/strong>, y qu\u00e9 mejor que la oriunda de <strong>Lerdo<\/strong>.<\/p>\n\n\n\n<hr class=\"wp-block-separator has-alpha-channel-opacity\"\/>\n\n\n\n<p>Este jueves lleg\u00f3 al Congreso la iniciativa de <strong>Roc\u00edo Nahle<\/strong> para \u201cajustar\u201d el formato de las comparecencias de sus secretarios, por la Glosa del Informe.<\/p>\n\n\n\n<p>A quien le compete elaborar el dictamen es a la <strong>Comisi\u00f3n de Gobernaci\u00f3n<\/strong>, presidida por <strong>Dorheny Cayetano<\/strong>, como ella misma se denomina, omitiendo el \u201cGarc\u00eda\u201d, e integrada por <strong>Marcelo Ruiz<\/strong> y <strong>Vicente Chent\u00edn Aguilar<\/strong>.<\/p>\n\n\n\n<p><strong>Dorheny<\/strong> subi\u00f3 a la tribuna para defender dicha iniciativa que reduce el tiempo de comparecencia de los secretarios de despacho. El maldito \u201cpero\u201d de siempre llega cuando, a pesar de manifestarse a favor, a nombre propio y de su bancada, a la flamante diputada se le olvid\u00f3 firmar el dictamen.<\/p>\n\n\n\n<p>Cuando fue increpada sobre el tema, primero dijo que ella \u201cfirma con rosado\u201d, cuando lo m\u00ednimo que sabe cualquier funcionario es que los documentos oficiales se firman con tinta azul o negra, as\u00ed lo marcan los c\u00e1nones no escritos de la decencia pol\u00edtica.<\/p>\n\n\n\n<p>En medio de la mel\u00e9 ocasionada por este \u201cligero\u201d incidente, el mentado dictamen fue pasado como programa de mano y lleg\u00f3 a <strong>Dorheny<\/strong> antes que a nadie y aparentemente fue firmado en ese momento, pero como no me consta, no lo puedo afirmar y mejor no lo digo.<\/p>\n\n\n\n<p>Sin embargo, la diputada priista <strong>Ana Rosa Vald\u00e9s<\/strong> lo exhibi\u00f3 <em>sin la firma de Dorheny<\/em>.<\/p>\n\n\n\n<p>En resumen, la cachorra del clan <strong>Garc\u00eda<\/strong> apoya y exhorta al apoyo, algo que, al parecer, ni siquiera ley\u00f3.<\/p>\n\n\n\n<p>\u00a1Qu\u00e9 barbaridad!<\/p>\n\n\n\n<p><a>deprimera.mano2020@gmail.com<\/a><\/p>\n","protected":false},"excerpt":{"rendered":"<p>Omar Z\u00fa\u00f1igaDe Primera Mano David Colmenares P\u00e1ramo, Auditor Superior de la Federaci\u00f3n, termina su periodo al frente de la ASF a principios del a\u00f1o entrante. Colmenares P\u00e1ramo, originario de la Ciudad de M\u00e9xico, con una gran trayectoria a cuestas, no estuvo exento de esc\u00e1ndalos de corrupci\u00f3n que no fueron m\u00e1s all\u00e1, como los ocurridos en [&hellip;]<\/p>\n","protected":false},"author":2,"featured_media":141427,"comment_status":"closed","ping_status":"closed","sticky":false,"template":"","format":"standard","meta":{"_jetpack_newsletter_access":"","_jetpack_dont_email_post_to_subs":false,"_jetpack_newsletter_tier_id":0,"_jetpack_memberships_contains_paywalled_content":false,"_jetpack_memberships_contains_paid_content":false,"footnotes":""},"categories":[70],"tags":[331,15181,35813,4386],"class_list":["post-156069","post","type-post","status-publish","format-standard","has-post-thumbnail","hentry","category-de-opinion","tag-congreso-del-estado","tag-delia-gonzalez-cobos","tag-orfis-veracruz","tag-rocio-nahle-garcia"],"jetpack_featured_media_url":"https:\/\/lospoliticosveracruz.com.mx\/wp-content\/uploads\/2025\/04\/Omar-Zuniga.jpg","jetpack_sharing_enabled":true,"jetpack_shortlink":"https:\/\/wp.me\/p4Qcd3-EBf","_links":{"self":[{"href":"https:\/\/lospoliticosveracruz.com.mx\/index.php?rest_route=\/wp\/v2\/posts\/156069","targetHints":{"allow":["GET"]}}],"collection":[{"href":"https:\/\/lospoliticosveracruz.com.mx\/index.php?rest_route=\/wp\/v2\/posts"}],"about":[{"href":"https:\/\/lospoliticosveracruz.com.mx\/index.php?rest_route=\/wp\/v2\/types\/post"}],"author":[{"embeddable":true,"href":"https:\/\/lospoliticosveracruz.com.mx\/index.php?rest_route=\/wp\/v2\/users\/2"}],"replies":[{"embeddable":true,"href":"https:\/\/lospoliticosveracruz.com.mx\/index.php?rest_route=%2Fwp%2Fv2%2Fcomments&post=156069"}],"version-history":[{"count":2,"href":"https:\/\/lospoliticosveracruz.com.mx\/index.php?rest_route=\/wp\/v2\/posts\/156069\/revisions"}],"predecessor-version":[{"id":156071,"href":"https:\/\/lospoliticosveracruz.com.mx\/index.php?rest_route=\/wp\/v2\/posts\/156069\/revisions\/156071"}],"wp:featuredmedia":[{"embeddable":true,"href":"https:\/\/lospoliticosveracruz.com.mx\/index.php?rest_route=\/wp\/v2\/media\/141427"}],"wp:attachment":[{"href":"https:\/\/lospoliticosveracruz.com.mx\/index.php?rest_route=%2Fwp%2Fv2%2Fmedia&parent=156069"}],"wp:term":[{"taxonomy":"category","embeddable":true,"href":"https:\/\/lospoliticosveracruz.com.mx\/index.php?rest_route=%2Fwp%2Fv2%2Fcategories&post=156069"},{"taxonomy":"post_tag","embeddable":true,"href":"https:\/\/lospoliticosveracruz.com.mx\/index.php?rest_route=%2Fwp%2Fv2%2Ftags&post=156069"}],"curies":[{"name":"wp","href":"https:\/\/api.w.org\/{rel}","templated":true}]}}