{"id":156072,"date":"2025-11-07T08:04:05","date_gmt":"2025-11-07T14:04:05","guid":{"rendered":"https:\/\/lospoliticosveracruz.com.mx\/?p=156072"},"modified":"2025-11-07T08:04:32","modified_gmt":"2025-11-07T14:04:32","slug":"tenia-17-anos-el-sicario","status":"publish","type":"post","link":"https:\/\/lospoliticosveracruz.com.mx\/?p=156072","title":{"rendered":"TEN\u00cdA 17 A\u00d1OS EL SICARIO"},"content":{"rendered":"\n<p>S\u00edguenos ahora tambi\u00e9n en WhatsApp.\u00a0\u00a1<a href=\"https:\/\/whatsapp.com\/channel\/0029Va8zRWlEKyZIP3Z1dF0e\"><strong>Da clic aqu\u00ed<\/strong><\/a><strong>!<\/strong><\/p>\n\n\n\n<p><strong>Miguel Valera<\/strong><br><em>Contrase\u00f1as<\/em><\/p>\n\n\n\n<p><strong>V\u00edctor Manuel Ubaldo Vidales<\/strong>, un jovencito de apenas <strong>17 a\u00f1os<\/strong>, originario del municipio de <strong>Paracho, Michoac\u00e1n<\/strong>, fue el asesino del <strong>alcalde de Uruapan, Carlos Alberto Manzo Rodr\u00edguez<\/strong>. S\u00ed, as\u00ed como lo lee usted, un muchacho, casi un ni\u00f1o, un adolescente quien ya era adicto a las anfetaminas y que ocho d\u00edas antes sali\u00f3 de su casa y con una pistola 9 mil\u00edmetros le quit\u00f3 la vida al edil michoacano.<\/p>\n\n\n\n<figure class=\"wp-block-image size-full\"><a href=\" https:\/\/legisver.gob.mx\/Inicio.php?p=sliderInfoNP&amp;i=8785682\"><img loading=\"lazy\" decoding=\"async\" width=\"728\" height=\"90\" src=\"https:\/\/lospoliticosveracruz.com.mx\/wp-content\/uploads\/2025\/10\/Legis-Cintillo.png\" alt=\"\" class=\"wp-image-155724\" srcset=\"https:\/\/lospoliticosveracruz.com.mx\/wp-content\/uploads\/2025\/10\/Legis-Cintillo.png 728w, https:\/\/lospoliticosveracruz.com.mx\/wp-content\/uploads\/2025\/10\/Legis-Cintillo-300x37.png 300w\" sizes=\"auto, (max-width: 728px) 100vw, 728px\" \/><\/a><\/figure>\n\n\n\n<p>Los habitantes del poblado de <strong>Nurio<\/strong> \u2014en donde <strong>V\u00edctor Manuel<\/strong> viv\u00eda con su familia\u2014 pidieron que sus restos no fueran sepultados en el pante\u00f3n local. El cuerpo del jovencito lleg\u00f3 en un ata\u00fad blanco y la familia tuvo que rezarle, casi a escondidas. Su padre, <strong>V\u00edctor Ubaldo Ram\u00edrez<\/strong>, fue criticado por el <strong>Consejo Ind\u00edgena de Michoac\u00e1n<\/strong>, quien le record\u00f3 que ya hab\u00eda sido expulsado de esta organizaci\u00f3n.<\/p>\n\n\n\n<p>\u201cUrgente, el <strong>Consejo Supremo Ind\u00edgena de Michoac\u00e1n<\/strong> se deslinda totalmente de <strong>V\u00edctor Ubaldo Ram\u00edrez<\/strong>. Informamos a la opini\u00f3n p\u00fablica que el C. V\u00edctor Manuel Ubaldo Ram\u00edrez, no pertenece al <strong>Consejo Supremo Ind\u00edgena de Michoac\u00e1n (CSIM)<\/strong>, fue expulsado desde hace 2 a\u00f1os por golpear a un adulto mayor y por falta de honorabilidad, esto por decisi\u00f3n de la <strong>Asamblea General de Autoridades<\/strong>, levant\u00e1ndose el acta correspondiente. El <strong>CSIM<\/strong> no defiende, ni defender\u00e1 a personas que no respeten los valores de las comunidades originarias. Exigimos castigo para todos los autores materiales e intelectuales del asesinato del presidente <strong>Carlos Manzo<\/strong>\u201d, indicaron en su cuenta de Facebook.<\/p>\n\n\n\n<p>El reclutamiento de menores por el crimen organizado es un fen\u00f3meno creciente en <strong>M\u00e9xico<\/strong>. El incremento de casos se dio durante la \u201c<strong>Guerra contra el Narcotr\u00e1fico<\/strong>\u201d en el sexenio del presidente <strong>Felipe Calder\u00f3n Hinojosa<\/strong> (2006\u20132012). El fen\u00f3meno sigue vigente hasta el d\u00eda de hoy. En 2011, la <strong>Red por los Derechos de la Infancia en M\u00e9xico (REDIM)<\/strong> dio a conocer que 35 mil ni\u00f1as, ni\u00f1os y adolescentes eran parte de grupos delictivos organizados. En 2018, autoridades gubernamentales del pa\u00eds refirieron que alrededor de 460 mil ni\u00f1as, ni\u00f1os y adolescentes tendr\u00edan alg\u00fan rol dentro de estos grupos delictivos.<\/p>\n\n\n\n<p>La doctora <strong>M\u00f3nica Gonz\u00e1lez Contr\u00f3<\/strong>, investigadora de la <strong>UNAM<\/strong>, ha planteado la pertinencia de contar en M\u00e9xico con \u201cun marco normativo robusto que permita tratar a los ni\u00f1os, ni\u00f1as y adolescentes como v\u00edctimas cuando son reclutados por la delincuencia organizada y, en caso de que hayan cometido alg\u00fan delito, juzgarlos tambi\u00e9n desde esa perspectiva. Esta doble dimensi\u00f3n es muy relevante, pero no est\u00e1 suficientemente visibilizada en M\u00e9xico\u201d.<\/p>\n\n\n\n<p><strong>REINSERTA<\/strong>, una organizaci\u00f3n sin fines de lucro fundada en 2013 por <strong>Saskia Ni\u00f1o de Rivera<\/strong> y <strong>Mercedes Casta\u00f1eda<\/strong>, plantea en su estudio <em>\u201cNi\u00f1as, Ni\u00f1os y Adolescentes reclutados por la delincuencia organizada\u201d<\/em> un llamado a la corresponsabilidad social para poder no solamente superar el ejercicio de violencia, sino garantizar los derechos inherentes e internacionales de ni\u00f1as, ni\u00f1os y adolescentes en nuestro pa\u00eds.<\/p>\n\n\n\n<p>El estudio, encabezado por <strong>Sandra Berenice P\u00e9rez Ochoa<\/strong> con apoyo de <strong>Marina Flores Camargo<\/strong>, <strong>Grecia Granados Hern\u00e1ndez<\/strong>, <strong>Ana Priscila Mart\u00ednez Garc\u00eda<\/strong>, <strong>Pablo Karim Ruiz D\u00edaz<\/strong> y <strong>Anna Karen Gonz\u00e1lez Ruiz<\/strong>, analiza las razones por las que estas infancias fueron interrumpidas y c\u00f3mo cambiaron un juguete por armas y dinero il\u00edcito.<\/p>\n\n\n\n<p>\u201cEl <strong>C\u00e1rtel del Noreste<\/strong> trae puro chaval, puro morro menor. Pura gente que es como quien dice, como plato desechable, nos utilizan y luego pa\u2019 la basura\u201d, dice uno de los testimonios recogidos.<\/p>\n\n\n\n<p>El objetivo de este estudio \u2014comentan los autores\u2014 se centr\u00f3 en conocer los factores de vulnerabilidad de ni\u00f1as, ni\u00f1os y adolescentes que arriesgan a esta poblaci\u00f3n a ser cooptada por la delincuencia organizada; las formas en las que son reclutados, as\u00ed como el impacto y las consecuencias que los grupos delictivos tienen en sus vidas.<\/p>\n\n\n\n<p>\u201cLa crisis de violencia en M\u00e9xico afecta a toda la sociedad. Sin embargo, ni\u00f1as, ni\u00f1os y adolescentes conforman un grupo vulnerable que resiente a\u00fan m\u00e1s el fen\u00f3meno, al verse inmersos en pr\u00e1cticas que transgreden sus derechos humanos e imposibilitan que se desarrollen f\u00edsica y psicol\u00f3gicamente de manera adecuada y acorde a su edad.\u201d<\/p>\n\n\n\n<p>Este estudio, que puede leerse \u00edntegro en sus 332 p\u00e1ginas en el enlace <a href=\"https:\/\/reinserta.org\">https:\/\/reinserta.org<\/a>, es un llamado urgente a atender las causas y el origen de esta violencia en donde ni\u00f1as, ni\u00f1os, adolescentes y j\u00f3venes tambi\u00e9n son v\u00edctimas.<\/p>\n\n\n\n<p>@MValeraH<\/p>\n","protected":false},"excerpt":{"rendered":"<p>Miguel ValeraContrase\u00f1as V\u00edctor Manuel Ubaldo Vidales, un jovencito de apenas 17 a\u00f1os, originario del municipio de Paracho, Michoac\u00e1n, fue el asesino del alcalde de Uruapan, Carlos Alberto Manzo Rodr\u00edguez. S\u00ed, as\u00ed como lo lee usted, un muchacho, casi un ni\u00f1o, un adolescente quien ya era adicto a las anfetaminas y que ocho d\u00edas antes sali\u00f3 [&hellip;]<\/p>\n","protected":false},"author":2,"featured_media":141429,"comment_status":"closed","ping_status":"closed","sticky":false,"template":"","format":"standard","meta":{"_jetpack_newsletter_access":"","_jetpack_dont_email_post_to_subs":false,"_jetpack_newsletter_tier_id":0,"_jetpack_memberships_contains_paywalled_content":false,"_jetpack_memberships_contains_paid_content":false,"footnotes":""},"categories":[70],"tags":[47043,47057,1100,47056],"class_list":["post-156072","post","type-post","status-publish","format-standard","has-post-thumbnail","hentry","category-de-opinion","tag-carlos-manzo-rodriguez","tag-consejo-indigena-michoacan","tag-crimen-organizado","tag-reinserta-estudio"],"jetpack_featured_media_url":"https:\/\/lospoliticosveracruz.com.mx\/wp-content\/uploads\/2025\/04\/Miguel-Valera.jpg","jetpack_sharing_enabled":true,"jetpack_shortlink":"https:\/\/wp.me\/p4Qcd3-EBi","_links":{"self":[{"href":"https:\/\/lospoliticosveracruz.com.mx\/index.php?rest_route=\/wp\/v2\/posts\/156072","targetHints":{"allow":["GET"]}}],"collection":[{"href":"https:\/\/lospoliticosveracruz.com.mx\/index.php?rest_route=\/wp\/v2\/posts"}],"about":[{"href":"https:\/\/lospoliticosveracruz.com.mx\/index.php?rest_route=\/wp\/v2\/types\/post"}],"author":[{"embeddable":true,"href":"https:\/\/lospoliticosveracruz.com.mx\/index.php?rest_route=\/wp\/v2\/users\/2"}],"replies":[{"embeddable":true,"href":"https:\/\/lospoliticosveracruz.com.mx\/index.php?rest_route=%2Fwp%2Fv2%2Fcomments&post=156072"}],"version-history":[{"count":1,"href":"https:\/\/lospoliticosveracruz.com.mx\/index.php?rest_route=\/wp\/v2\/posts\/156072\/revisions"}],"predecessor-version":[{"id":156073,"href":"https:\/\/lospoliticosveracruz.com.mx\/index.php?rest_route=\/wp\/v2\/posts\/156072\/revisions\/156073"}],"wp:featuredmedia":[{"embeddable":true,"href":"https:\/\/lospoliticosveracruz.com.mx\/index.php?rest_route=\/wp\/v2\/media\/141429"}],"wp:attachment":[{"href":"https:\/\/lospoliticosveracruz.com.mx\/index.php?rest_route=%2Fwp%2Fv2%2Fmedia&parent=156072"}],"wp:term":[{"taxonomy":"category","embeddable":true,"href":"https:\/\/lospoliticosveracruz.com.mx\/index.php?rest_route=%2Fwp%2Fv2%2Fcategories&post=156072"},{"taxonomy":"post_tag","embeddable":true,"href":"https:\/\/lospoliticosveracruz.com.mx\/index.php?rest_route=%2Fwp%2Fv2%2Ftags&post=156072"}],"curies":[{"name":"wp","href":"https:\/\/api.w.org\/{rel}","templated":true}]}}