{"id":156085,"date":"2025-11-07T11:04:01","date_gmt":"2025-11-07T17:04:01","guid":{"rendered":"https:\/\/lospoliticosveracruz.com.mx\/?p=156085"},"modified":"2025-11-07T11:04:34","modified_gmt":"2025-11-07T17:04:34","slug":"candil-de-la-calle-2","status":"publish","type":"post","link":"https:\/\/lospoliticosveracruz.com.mx\/?p=156085","title":{"rendered":"CANDIL DE LA CALLE\u2026"},"content":{"rendered":"\n<p><strong>Oved Contreras<\/strong><\/p>\n\n\n\n<p><em>Secas mecas<\/em><\/p>\n\n\n\n<p>Ahora resulta que la gobernadora Roc\u00edo Nahle hac\u00eda fuera, siempre se pronuncia por sancionar con todo el peso de la ley cualquier situaci\u00f3n de agresi\u00f3n sexual o acoso como la que enfrent\u00f3 la presidenta Claudia Sheinbaum, pero hace mutis cuando se denuncian esos casos al interior de su gobierno\u2026ahora s\u00ed como dicen all\u00e1 en el rancho: \u201cCandil de la calle oscuridad de su casa\u201d. Trabajadores de la Sedema del Gobierno de Veracruz denunciaron ser v\u00edctimas de acoso sexual, hostigamiento e intimidaci\u00f3n por parte de Julio C\u00e9sar S\u00e1nchez Baltierrez, secretario particular de la titular de la dependencia, Luz Mar\u00eda Zaleta Mendoza. A ver si aqu\u00ed s\u00ed act\u00faa la t\u00eda Corajes\u2026a ver si es cierto que como ronca duerme.<\/p>\n\n\n\n<figure class=\"wp-block-image size-full\"><a href=\" https:\/\/legisver.gob.mx\/Inicio.php?p=sliderInfoNP&amp;i=8785682\"><img loading=\"lazy\" decoding=\"async\" width=\"728\" height=\"90\" src=\"https:\/\/lospoliticosveracruz.com.mx\/wp-content\/uploads\/2025\/10\/Legis-Cintillo.png\" alt=\"\" class=\"wp-image-155724\" srcset=\"https:\/\/lospoliticosveracruz.com.mx\/wp-content\/uploads\/2025\/10\/Legis-Cintillo.png 728w, https:\/\/lospoliticosveracruz.com.mx\/wp-content\/uploads\/2025\/10\/Legis-Cintillo-300x37.png 300w\" sizes=\"auto, (max-width: 728px) 100vw, 728px\" \/><\/a><\/figure>\n\n\n\n<p>La t\u00eda Ch\u00edo se puso sabrosa en redes sociales condenando el atentado en contra de la presidenta por un sujeto que se propas\u00f3 con ella cuando caminaba en el Centro Hist\u00f3rico de la Ciudad de M\u00e9xico: \u201cMuy bien nuestra presidenta @Claudiashein al presentar denuncia contra el acosador. Las mujeres debemos poner l\u00edmites y rechazar cualquier tipo de violencia. Debe ser delito penal en todos lo estados. RESPETO a la mujer en todos sentidos. No a la re victimizaci\u00f3n por medios\u201d, escribi\u00f3 en sus redes sociales.<\/p>\n\n\n\n<p>Lo malo es que cuando esos hechos de agresi\u00f3n sexual o acoso ocurren dentro de su gobierno, casi nunca pasa nada. Y no importa si el acoso ocurre de un var\u00f3n contra otro var\u00f3n, el caso es que hay funcionarios que se aprovechan de su estatus en alguna dependencia para cometer dichas irregularidades.<\/p>\n\n\n\n<p>Trabajadores de la Secretar\u00eda de Medio Ambiente (Sedema) del Gobierno de Veracruz denunciaron p\u00fablicamente ser v\u00edctimas de acoso sexual, hostigamiento e intimidaci\u00f3n por parte de Julio C\u00e9sar S\u00e1nchez Baltierrez, quien se desempe\u00f1a como secretario particular de la titular de la dependencia, Luz Mar\u00eda Zaleta Mendoza. De acuerdo con el testimonio de uno de los afectados, la situaci\u00f3n ha generado un ambiente laboral insostenible. \u201cCon temor, pero tambi\u00e9n con la necesidad de conservar mi dignidad\u201d, expres\u00f3 el denunciante, quien pidi\u00f3 mantener el anonimato por seguridad.<\/p>\n\n\n\n<p>El trabajador se\u00f1al\u00f3 ser \u201cv\u00edctima de acoso sexual, hostigamiento e intimidaci\u00f3n de parte de este servidor p\u00fablico\u201d, y describi\u00f3 que S\u00e1nchez Baltierrez presume ser sacerdote, contar con maestr\u00eda y doctorado en Psicolog\u00eda, y tener una relaci\u00f3n cercana con la gobernadora Roc\u00edo Nahle Garc\u00eda, as\u00ed como con su familia. Esta cercan\u00eda, seg\u00fan se comenta entre el personal, le habr\u00eda permitido actuar con impunidad, pese a denuncias internas y reportes sobre su conducta inapropiada.<\/p>\n\n\n\n<p>LA CARTA DE LARRA\u2026Gabriel On\u00e9simo Z\u00fa\u00f1iga Obando era la carta fuerte de Esteban \u201cLarra\u201d Zepeta para buscar una magistratura en el Tribunal Electoral de Veracruz (TEV) pero est\u00e1 impedido legalmente para ocupar dicho cargo, ya que funge como el representante legal de MORENA ante los \u00f3rganos electorales y ante el propio TEV, por lo que su candidatura no proceder\u00e1 y se caer\u00e1 como condorito cuando el Senado de la Rep\u00fablica analice los perfiles de los candidatos a ocupar dicho cargo.<\/p>\n\n\n\n<p>\u201cLarra\u201d Zepeta apuntalaba a Z\u00fa\u00f1iga Obando para hacerse de una silla en el Tribunal Electoral de Veracruz (TEV), tras la salida de Claudia D\u00edaz Tablada, cuyo periodo de dos a\u00f1os concluye el pr\u00f3ximo 9 de diciembre. El dirigente morenista ve\u00eda en On\u00e9simo Z\u00fa\u00f1iga una ficha de control pol\u00edtico dentro del \u00f3rgano electoral. Pero en el Senado ya saben que legalmente est\u00e1 impedido para ocupar el cargo.<\/p>\n\n\n\n<p>Z\u00fa\u00f1iga Obando siempre se ha vendido como el gran operador jur\u00eddico del morenismo, aunque su trabajo real se limita a rellenar machotes de denuncias e impugnaciones, y sostiene el chambero que su especialidad es aparentar profundidad en documentos plagados de paja jur\u00eddica. En eso, dicen, compite con el maestro de la mitoman\u00eda, David Jim\u00e9nez.<\/p>\n\n\n\n<p>Pero el descaro no termina ah\u00ed. Mientras \u00e9l busca un asiento en el Tribunal, su esposa Susana Hern\u00e1ndez V\u00e1squez cobra m\u00e1s de 60 mil pesos mensuales como aviadora en el Tecnol\u00f3gico de Huatusco, en el \u00e1rea de Planeaci\u00f3n y Vinculaci\u00f3n. No se presenta, no produce, pero cobra. Los mismos morenistas la est\u00e1n exhibiendo.<\/p>\n\n\n\n<p>SE LOS INTENTAN LLEVAR\u2026El presunto intento de privar de la libertad a 2 elementos activos de la Polic\u00eda Municipal gener\u00f3 una movilizaci\u00f3n de fuerzas de seguridad la ma\u00f1ana de este jueves en Poza Rica. De acuerdo con versiones extraoficiales, los polic\u00edas, identificados con los distintivos \u201cPiedra\u201d y \u201cPayaso\u201d, acababan de concluir su turno y sal\u00edan de la Comandancia ubicada en la colonia Sector Popular cuando fueron interceptados por un comando.<\/p>\n\n\n\n<p>Minutos despu\u00e9s, vecinos de la colonia Nacional reportaron la presencia de hombres armados a bordo de veh\u00edculos particulares en la calle Miguel Alem\u00e1n Vald\u00e9s, lo que deriv\u00f3 en un operativo conjunto de la Secretar\u00eda de Seguridad P\u00fablica (SSP) y la Secretar\u00eda de Marina (SEMAR).<\/p>\n\n\n\n<p>Las fuerzas del orden realizaron recorridos de vigilancia por la zona para ubicar a los sospechosos, sin reporte de resultados. Las&nbsp; autoridades no han emitido informaci\u00f3n oficial sobre los hechos y mantienen hermetismo mientras contin\u00faan las investigaciones, por lo que \u00fanicamente se sabe que no se consum\u00f3 el presunto intento de privar de la libertad a los 2 polic\u00edas.<\/p>\n\n\n\n<p><\/p>\n\n\n\n<p><\/p>\n","protected":false},"excerpt":{"rendered":"<p>Oved Contreras Secas mecas Ahora resulta que la gobernadora Roc\u00edo Nahle hac\u00eda fuera, siempre se pronuncia por sancionar con todo el peso de la ley cualquier situaci\u00f3n de agresi\u00f3n sexual o acoso como la que enfrent\u00f3 la presidenta Claudia Sheinbaum, pero hace mutis cuando se denuncian esos casos al interior de su gobierno\u2026ahora s\u00ed como [&hellip;]<\/p>\n","protected":false},"author":2,"featured_media":141426,"comment_status":"closed","ping_status":"closed","sticky":false,"template":"","format":"standard","meta":{"_jetpack_newsletter_access":"","_jetpack_dont_email_post_to_subs":false,"_jetpack_newsletter_tier_id":0,"_jetpack_memberships_contains_paywalled_content":false,"_jetpack_memberships_contains_paid_content":false,"footnotes":""},"categories":[70],"tags":[9627,47064,3578,47065,6753],"class_list":["post-156085","post","type-post","status-publish","format-standard","has-post-thumbnail","hentry","category-de-opinion","tag-claudia-sheinbaum","tag-poza-rica-seguridad","tag-rocio-nahle","tag-sedema-veracruz","tag-tribunal-electoral-de-veracruz"],"jetpack_featured_media_url":"https:\/\/lospoliticosveracruz.com.mx\/wp-content\/uploads\/2025\/04\/Oved-Contreras.jpg","jetpack_sharing_enabled":true,"jetpack_shortlink":"https:\/\/wp.me\/p4Qcd3-EBv","_links":{"self":[{"href":"https:\/\/lospoliticosveracruz.com.mx\/index.php?rest_route=\/wp\/v2\/posts\/156085","targetHints":{"allow":["GET"]}}],"collection":[{"href":"https:\/\/lospoliticosveracruz.com.mx\/index.php?rest_route=\/wp\/v2\/posts"}],"about":[{"href":"https:\/\/lospoliticosveracruz.com.mx\/index.php?rest_route=\/wp\/v2\/types\/post"}],"author":[{"embeddable":true,"href":"https:\/\/lospoliticosveracruz.com.mx\/index.php?rest_route=\/wp\/v2\/users\/2"}],"replies":[{"embeddable":true,"href":"https:\/\/lospoliticosveracruz.com.mx\/index.php?rest_route=%2Fwp%2Fv2%2Fcomments&post=156085"}],"version-history":[{"count":1,"href":"https:\/\/lospoliticosveracruz.com.mx\/index.php?rest_route=\/wp\/v2\/posts\/156085\/revisions"}],"predecessor-version":[{"id":156087,"href":"https:\/\/lospoliticosveracruz.com.mx\/index.php?rest_route=\/wp\/v2\/posts\/156085\/revisions\/156087"}],"wp:featuredmedia":[{"embeddable":true,"href":"https:\/\/lospoliticosveracruz.com.mx\/index.php?rest_route=\/wp\/v2\/media\/141426"}],"wp:attachment":[{"href":"https:\/\/lospoliticosveracruz.com.mx\/index.php?rest_route=%2Fwp%2Fv2%2Fmedia&parent=156085"}],"wp:term":[{"taxonomy":"category","embeddable":true,"href":"https:\/\/lospoliticosveracruz.com.mx\/index.php?rest_route=%2Fwp%2Fv2%2Fcategories&post=156085"},{"taxonomy":"post_tag","embeddable":true,"href":"https:\/\/lospoliticosveracruz.com.mx\/index.php?rest_route=%2Fwp%2Fv2%2Ftags&post=156085"}],"curies":[{"name":"wp","href":"https:\/\/api.w.org\/{rel}","templated":true}]}}