{"id":156102,"date":"2025-11-07T13:10:25","date_gmt":"2025-11-07T19:10:25","guid":{"rendered":"https:\/\/lospoliticosveracruz.com.mx\/?p=156102"},"modified":"2025-11-07T13:10:42","modified_gmt":"2025-11-07T19:10:42","slug":"tu-que-has-hecho-por-medellin","status":"publish","type":"post","link":"https:\/\/lospoliticosveracruz.com.mx\/?p=156102","title":{"rendered":"T\u00da QU\u00c9 HAS HECHO POR MEDELL\u00cdN?"},"content":{"rendered":"\n<p>S\u00edguenos ahora tambi\u00e9n en WhatsApp.\u00a0\u00a1<a href=\"https:\/\/whatsapp.com\/channel\/0029Va8zRWlEKyZIP3Z1dF0e\"><strong>Da clic aqu\u00ed<\/strong><\/a><strong>!<\/strong><\/p>\n\n\n\n<p><\/p>\n\n\n\n<p><strong>Alejandro \u00c1vila<\/strong><br><strong>Medell\u00edn de Bravo<\/strong><\/p>\n\n\n\n<p>Desde fuera de M\u00e9xico, el ex candidato por <strong>Movimiento Ciudadano<\/strong>, <strong>Guillermo Herrada Jim\u00e9nez<\/strong>, respondi\u00f3 a quienes criticaron su viaje al extranjero y su presunto desentendimiento por los problemas que hoy aquejan al municipio de <strong>Medell\u00edn de Bravo<\/strong>.<\/p>\n\n\n\n<p>La p\u00e1gina de Facebook <strong>\u00abMemes de Medell\u00edn\u00bb<\/strong> se lanz\u00f3 en contra de los cuatro aspirantes a la alcald\u00eda y los acus\u00f3 de no ayudar a encontrar soluci\u00f3n al problema de la basura que tiene semanas afectando a los pobladores medellinenses; del empresario <strong>Guillermo Herrada<\/strong> dijo que se encuentra muy campante de vacaciones y no buscando soluciones para el municipio.<\/p>\n\n\n\n<p>Memo no aguant\u00f3 m\u00e1s las criticas infundadas y respondi\u00f3&#8230;<\/p>\n\n\n\n<p>T\u00fa solo escribes y criticas, pero dime: \u00bfvotaste por m\u00ed? \u00bfQu\u00e9 has aportado t\u00fa \u2014de tu propio esfuerzo o recurso\u2014 para mejorar <strong>Medell\u00edn<\/strong>?<\/p>\n\n\n\n<p>Todos sabemos los problemas que vivimos: la basura, la inseguridad, las escuelas olvidadas\u2026 y son temas que yo siempre he se\u00f1alado, propuesto soluciones e incluso he aportado recursos para mejorarlos, sin tener un cargo ni una obligaci\u00f3n, solo porque quiero ver a mi municipio mejor.<\/p>\n\n\n\n<p>Porque nadie aporta lo que yo aporto a la sociedad, y mucho menos de su propio bolsillo, por amor a <strong>Medell\u00edn<\/strong>.<\/p>\n\n\n\n<p>Hoy la propia gente se da cuenta de las malas decisiones. <strong>Medell\u00edn<\/strong> no cambiar\u00e1 mientras sigamos eligiendo a los mismos de siempre, y ya qued\u00f3 demostrado.<\/p>\n\n\n\n<p>Todos sab\u00edamos c\u00f3mo era el actual <strong>presidente municipal<\/strong>, todos sab\u00edamos c\u00f3mo iba a terminar <strong>Medell\u00edn<\/strong>.<\/p>\n\n\n\n<p>Veremos qu\u00e9 hace esta nueva <strong>administraci\u00f3n<\/strong>, pero todos sab\u00edan lo que ven\u00eda\u2026 y una vez m\u00e1s, <strong>Medell\u00edn<\/strong> lo demostr\u00f3.<\/p>\n\n\n\n<p>Esta <strong>elecci\u00f3n<\/strong> la ganamos, y el pueblo lo sabe.<\/p>\n\n\n\n<p>Ahora toca vigilar y observar lo que viene, porque estoy seguro de cu\u00e1l ser\u00e1 su final\u2026 y entonces el pueblo de <strong>Medell\u00edn<\/strong> decidir\u00e1.<\/p>\n\n\n\n<p>Pero algo s\u00ed puedo decir con total claridad: he hecho m\u00e1s por mi municipio que muchos de los que hoy gobiernan o critican\u2026 incluso m\u00e1s que t\u00fa.<\/p>\n\n\n\n<p><strong>Medell\u00edn<\/strong> sabe que ganamos la <strong>elecci\u00f3n<\/strong> pasada, porque la gente ya ped\u00eda un cambio.<\/p>\n\n\n\n<p>Sin embargo, el municipio tiene lo que eligi\u00f3.<\/p>\n\n\n\n<p>Pero no tengo duda: en la pr\u00f3xima <strong>elecci\u00f3n<\/strong> ser\u00e9 su <strong>presidente municipal<\/strong>, y <strong>Medell\u00edn<\/strong> ser\u00e1 un municipio nuevo y diferente.<\/p>\n\n\n\n<p>Cada viaje que hago me deja aprendizaje, estrategias y nuevas ideas que quiero aplicar cuando gobierne <strong>Medell\u00edn<\/strong>.<\/p>\n\n\n\n<p>Y ese d\u00eda \u2014cuando llegue\u2014 les voy a demostrar, con hechos, c\u00f3mo s\u00ed se puede transformar nuestro municipio.<\/p>\n","protected":false},"excerpt":{"rendered":"<p>Alejandro \u00c1vilaMedell\u00edn de Bravo Desde fuera de M\u00e9xico, el ex candidato por Movimiento Ciudadano, Guillermo Herrada Jim\u00e9nez, respondi\u00f3 a quienes criticaron su viaje al extranjero y su presunto desentendimiento por los problemas que hoy aquejan al municipio de Medell\u00edn de Bravo. La p\u00e1gina de Facebook \u00abMemes de Medell\u00edn\u00bb se lanz\u00f3 en contra de los cuatro [&hellip;]<\/p>\n","protected":false},"author":2,"featured_media":156103,"comment_status":"closed","ping_status":"closed","sticky":false,"template":"","format":"standard","meta":{"_jetpack_newsletter_access":"","_jetpack_dont_email_post_to_subs":false,"_jetpack_newsletter_tier_id":0,"_jetpack_memberships_contains_paywalled_content":false,"_jetpack_memberships_contains_paid_content":false,"footnotes":""},"categories":[6446],"tags":[46736,47076,38166,47077,47079],"class_list":["post-156102","post","type-post","status-publish","format-standard","has-post-thumbnail","hentry","category-la-nota","tag-elecciones-municipales-veracruz","tag-guillermo-herrada-medellin","tag-movimiento-ciudadano-veracruz","tag-presidente-municipal-medellin","tag-respuesta-en-redes-sociales"],"jetpack_featured_media_url":"https:\/\/lospoliticosveracruz.com.mx\/wp-content\/uploads\/2025\/11\/Memo-Herrada.jpeg","jetpack_sharing_enabled":true,"jetpack_shortlink":"https:\/\/wp.me\/p4Qcd3-EBM","_links":{"self":[{"href":"https:\/\/lospoliticosveracruz.com.mx\/index.php?rest_route=\/wp\/v2\/posts\/156102","targetHints":{"allow":["GET"]}}],"collection":[{"href":"https:\/\/lospoliticosveracruz.com.mx\/index.php?rest_route=\/wp\/v2\/posts"}],"about":[{"href":"https:\/\/lospoliticosveracruz.com.mx\/index.php?rest_route=\/wp\/v2\/types\/post"}],"author":[{"embeddable":true,"href":"https:\/\/lospoliticosveracruz.com.mx\/index.php?rest_route=\/wp\/v2\/users\/2"}],"replies":[{"embeddable":true,"href":"https:\/\/lospoliticosveracruz.com.mx\/index.php?rest_route=%2Fwp%2Fv2%2Fcomments&post=156102"}],"version-history":[{"count":1,"href":"https:\/\/lospoliticosveracruz.com.mx\/index.php?rest_route=\/wp\/v2\/posts\/156102\/revisions"}],"predecessor-version":[{"id":156104,"href":"https:\/\/lospoliticosveracruz.com.mx\/index.php?rest_route=\/wp\/v2\/posts\/156102\/revisions\/156104"}],"wp:featuredmedia":[{"embeddable":true,"href":"https:\/\/lospoliticosveracruz.com.mx\/index.php?rest_route=\/wp\/v2\/media\/156103"}],"wp:attachment":[{"href":"https:\/\/lospoliticosveracruz.com.mx\/index.php?rest_route=%2Fwp%2Fv2%2Fmedia&parent=156102"}],"wp:term":[{"taxonomy":"category","embeddable":true,"href":"https:\/\/lospoliticosveracruz.com.mx\/index.php?rest_route=%2Fwp%2Fv2%2Fcategories&post=156102"},{"taxonomy":"post_tag","embeddable":true,"href":"https:\/\/lospoliticosveracruz.com.mx\/index.php?rest_route=%2Fwp%2Fv2%2Ftags&post=156102"}],"curies":[{"name":"wp","href":"https:\/\/api.w.org\/{rel}","templated":true}]}}