{"id":156145,"date":"2025-11-09T11:42:01","date_gmt":"2025-11-09T17:42:01","guid":{"rendered":"https:\/\/lospoliticosveracruz.com.mx\/?p=156145"},"modified":"2025-11-09T11:42:16","modified_gmt":"2025-11-09T17:42:16","slug":"veracruzana-protegida-si-protege","status":"publish","type":"post","link":"https:\/\/lospoliticosveracruz.com.mx\/?p=156145","title":{"rendered":"VERACRUZANA PROTEGIDA S\u00cd PROTEGE!"},"content":{"rendered":"\n<p>S\u00edguenos ahora tambi\u00e9n en WhatsApp.\u00a0\u00a1<a href=\"https:\/\/whatsapp.com\/channel\/0029Va8zRWlEKyZIP3Z1dF0e\"><strong>Da clic aqu\u00ed<\/strong><\/a><strong>!<\/strong><\/p>\n\n\n\n<p>A ocho meses de su lanzamiento, la aplicaci\u00f3n m\u00f3vil <strong>\u201cVeracruzana Protegida\u201d<\/strong> ha permitido emitir mil 276 \u00f3rdenes de protecci\u00f3n en todo el territorio estatal, reflejando la eficacia y el impacto de este mecanismo pionero en el pa\u00eds en el combate a la violencia contra las mujeres y que ha contribuido a la construcci\u00f3n de entornos libres de violencia.<\/p>\n\n\n\n<figure class=\"wp-block-image size-full\"><a href=\" https:\/\/legisver.gob.mx\/Inicio.php?p=sliderInfoNP&amp;i=8785682\"><img loading=\"lazy\" decoding=\"async\" width=\"728\" height=\"90\" src=\"https:\/\/lospoliticosveracruz.com.mx\/wp-content\/uploads\/2025\/10\/Legis-Cintillo.png\" alt=\"\" class=\"wp-image-155724\" srcset=\"https:\/\/lospoliticosveracruz.com.mx\/wp-content\/uploads\/2025\/10\/Legis-Cintillo.png 728w, https:\/\/lospoliticosveracruz.com.mx\/wp-content\/uploads\/2025\/10\/Legis-Cintillo-300x37.png 300w\" sizes=\"auto, (max-width: 728px) 100vw, 728px\" \/><\/a><\/figure>\n\n\n\n<p><strong>Veracruzana Protegida<\/strong>, estrategia impulsada de manera conjunta por el <strong>\u00d3rgano de Administraci\u00f3n del Poder Judicial<\/strong> y el <strong>Gobierno del Estado<\/strong> que encabeza la <strong>gobernadora Roc\u00edo Nahle Garc\u00eda<\/strong>, se ha consolidado como una herramienta auxiliar exitosa, pues permite a las usuarias solicitar medidas de protecci\u00f3n en tiempo real, sin necesidad de interponer denuncia formal.<\/p>\n\n\n\n<p>La aplicaci\u00f3n funciona los 365 d\u00edas del a\u00f1o, las 24 horas, y canaliza de manera inmediata las solicitudes a <strong>juezas y jueces<\/strong>, quienes pueden ordenar acciones como la prohibici\u00f3n de acercamiento, la restricci\u00f3n de acceso al domicilio o la intervenci\u00f3n policial en caso de riesgo.<\/p>\n\n\n\n<p>El \u00e9xito del programa tambi\u00e9n ha requerido capacitaci\u00f3n de <strong>personas juzgadoras<\/strong> para en el uso del sistema en l\u00ednea, garantizando cobertura en todo el estado en tiempo real.<\/p>\n\n\n\n<p>Adem\u00e1s, la aplicaci\u00f3n est\u00e1 disponible en sistemas operativos m\u00f3viles <strong>iOS<\/strong> y <strong>Android<\/strong>, lo que facilita que cualquier mujer pueda activar la solicitud de manera r\u00e1pida y segura desde su tel\u00e9fono celular. Con ello, <strong>Veracruz<\/strong> se convierte en referente nacional al contar con un mecanismo digital de protecci\u00f3n inmediata que articula tecnolog\u00eda, perspectiva de g\u00e9nero, respuesta judicial y protecci\u00f3n policial.<\/p>\n","protected":false},"excerpt":{"rendered":"<p>A ocho meses de su lanzamiento, la aplicaci\u00f3n m\u00f3vil \u201cVeracruzana Protegida\u201d ha permitido emitir mil 276 \u00f3rdenes de protecci\u00f3n en todo el territorio estatal, reflejando la eficacia y el impacto de este mecanismo pionero en el pa\u00eds en el combate a la violencia contra las mujeres y que ha contribuido a la construcci\u00f3n de entornos [&hellip;]<\/p>\n","protected":false},"author":2,"featured_media":156146,"comment_status":"closed","ping_status":"closed","sticky":false,"template":"","format":"standard","meta":{"_jetpack_newsletter_access":"","_jetpack_dont_email_post_to_subs":false,"_jetpack_newsletter_tier_id":0,"_jetpack_memberships_contains_paywalled_content":false,"_jetpack_memberships_contains_paid_content":false,"footnotes":""},"categories":[73],"tags":[47114,45848,47116,4386,47113],"class_list":["post-156145","post","type-post","status-publish","format-standard","has-post-thumbnail","hentry","category-de-boleto","tag-ordenes-de-proteccion-veracruz","tag-poder-judicial-veracruz","tag-proteccion-mujeres-veracruz","tag-rocio-nahle-garcia","tag-veracruzana-protegida"],"jetpack_featured_media_url":"https:\/\/lospoliticosveracruz.com.mx\/wp-content\/uploads\/2025\/11\/WhatsApp-Image-2025-11-09-at-11.38.58.jpeg","jetpack_sharing_enabled":true,"jetpack_shortlink":"https:\/\/wp.me\/p4Qcd3-ECt","_links":{"self":[{"href":"https:\/\/lospoliticosveracruz.com.mx\/index.php?rest_route=\/wp\/v2\/posts\/156145","targetHints":{"allow":["GET"]}}],"collection":[{"href":"https:\/\/lospoliticosveracruz.com.mx\/index.php?rest_route=\/wp\/v2\/posts"}],"about":[{"href":"https:\/\/lospoliticosveracruz.com.mx\/index.php?rest_route=\/wp\/v2\/types\/post"}],"author":[{"embeddable":true,"href":"https:\/\/lospoliticosveracruz.com.mx\/index.php?rest_route=\/wp\/v2\/users\/2"}],"replies":[{"embeddable":true,"href":"https:\/\/lospoliticosveracruz.com.mx\/index.php?rest_route=%2Fwp%2Fv2%2Fcomments&post=156145"}],"version-history":[{"count":1,"href":"https:\/\/lospoliticosveracruz.com.mx\/index.php?rest_route=\/wp\/v2\/posts\/156145\/revisions"}],"predecessor-version":[{"id":156147,"href":"https:\/\/lospoliticosveracruz.com.mx\/index.php?rest_route=\/wp\/v2\/posts\/156145\/revisions\/156147"}],"wp:featuredmedia":[{"embeddable":true,"href":"https:\/\/lospoliticosveracruz.com.mx\/index.php?rest_route=\/wp\/v2\/media\/156146"}],"wp:attachment":[{"href":"https:\/\/lospoliticosveracruz.com.mx\/index.php?rest_route=%2Fwp%2Fv2%2Fmedia&parent=156145"}],"wp:term":[{"taxonomy":"category","embeddable":true,"href":"https:\/\/lospoliticosveracruz.com.mx\/index.php?rest_route=%2Fwp%2Fv2%2Fcategories&post=156145"},{"taxonomy":"post_tag","embeddable":true,"href":"https:\/\/lospoliticosveracruz.com.mx\/index.php?rest_route=%2Fwp%2Fv2%2Ftags&post=156145"}],"curies":[{"name":"wp","href":"https:\/\/api.w.org\/{rel}","templated":true}]}}