{"id":156164,"date":"2025-11-09T19:49:09","date_gmt":"2025-11-10T01:49:09","guid":{"rendered":"https:\/\/lospoliticosveracruz.com.mx\/?p=156164"},"modified":"2025-11-09T19:49:43","modified_gmt":"2025-11-10T01:49:43","slug":"como-afectara-la-ia-el-empleo-en-mexico","status":"publish","type":"post","link":"https:\/\/lospoliticosveracruz.com.mx\/?p=156164","title":{"rendered":"C\u00d3MO AFECTAR\u00c1 LA IA EL EMPLEO EN M\u00c9XICO?"},"content":{"rendered":"\n<p>S\u00edguenos ahora tambi\u00e9n en WhatsApp.\u00a0\u00a1<a href=\"https:\/\/whatsapp.com\/channel\/0029Va8zRWlEKyZIP3Z1dF0e\"><strong>Da clic aqu\u00ed<\/strong><\/a><strong>!<\/strong><\/p>\n\n\n\n<p><strong>Carlos Miguel Acosta Bravo<\/strong>*<br><em>Impronta<\/em><\/p>\n\n\n\n<p>Todos hemos escuchado el vigor, la utilidad y la importancia que la <strong>Inteligencia Artificial (IA)<\/strong> tiene como herramienta para simplificarnos la elaboraci\u00f3n de diversas actividades, pero usted, amigo lector, \u00bfse ha puesto a pensar de qu\u00e9 manera afectar\u00e1 la planta productiva en <strong>M\u00e9xico<\/strong>?<\/p>\n\n\n\n<p>Podr\u00eda significar la p\u00e9rdida potencial de hasta <strong>16 millones de empleos<\/strong>, pues muchas actividades ser\u00e1n realizadas por la <strong>IA<\/strong>, y se estima que podr\u00edan perderse estos empleos en un horizonte de un a\u00f1o y hasta <strong>26 millones en una d\u00e9cada<\/strong> debido a la automatizaci\u00f3n y adopci\u00f3n de esta tecnolog\u00eda en diversos sectores.<\/p>\n\n\n\n<figure class=\"wp-block-image size-full\"><a href=\" https:\/\/legisver.gob.mx\/Inicio.php?p=sliderInfoNP&amp;i=8785682\"><img loading=\"lazy\" decoding=\"async\" width=\"728\" height=\"90\" src=\"https:\/\/lospoliticosveracruz.com.mx\/wp-content\/uploads\/2025\/10\/Legis-Cintillo.png\" alt=\"\" class=\"wp-image-155724\" srcset=\"https:\/\/lospoliticosveracruz.com.mx\/wp-content\/uploads\/2025\/10\/Legis-Cintillo.png 728w, https:\/\/lospoliticosveracruz.com.mx\/wp-content\/uploads\/2025\/10\/Legis-Cintillo-300x37.png 300w\" sizes=\"auto, (max-width: 728px) 100vw, 728px\" \/><\/a><\/figure>\n\n\n\n<p>Los sectores m\u00e1s vulnerables a esta p\u00e9rdida incluyen <strong>manufactura<\/strong>, <strong>servicios<\/strong>, <strong>finanzas<\/strong> y <strong>comunicaciones<\/strong>, donde tareas repetitivas, manuales o de procesamiento de datos est\u00e1n siendo automatizadas progresivamente.<\/p>\n\n\n\n<p>Los estados con fuerte vocaci\u00f3n industrial como <strong>Coahuila<\/strong>, <strong>Aguascalientes<\/strong> y <strong>Quer\u00e9taro<\/strong> tienen actualmente entre 22% y 28% de sus empleos en riesgo de ser reemplazados debido a la automatizaci\u00f3n y a tecnolog\u00edas de <strong>IA<\/strong>, mientras que estados como <strong>Michoac\u00e1n<\/strong>, con menor desarrollo industrial, tienen menor porcentaje de riesgo (16.8%).<\/p>\n\n\n\n<p>Sectores como <strong>agricultura<\/strong> y <strong>comercio<\/strong> tambi\u00e9n est\u00e1n siendo transformados, pero la IA crea nuevas oportunidades en an\u00e1lisis de datos, desarrollo tecnol\u00f3gico y gesti\u00f3n inteligente.<\/p>\n\n\n\n<p>Para evitar ser desplazado laboralmente por la IA, es clave desarrollar <strong>habilidades tecnol\u00f3gicas<\/strong> como programaci\u00f3n, an\u00e1lisis de datos, conocimientos en inteligencia artificial y <strong>ciberseguridad<\/strong>. A la par, se necesitan habilidades blandas como <strong>pensamiento cr\u00edtico<\/strong>, <strong>resoluci\u00f3n de problemas<\/strong>, <strong>comunicaci\u00f3n efectiva<\/strong>, <strong>creatividad<\/strong>, <strong>innovaci\u00f3n<\/strong>, <strong>inteligencia emocional<\/strong> y <strong>adaptabilidad<\/strong>, que la IA no puede reemplazar f\u00e1cilmente.<\/p>\n\n\n\n<p>Una mentalidad de <strong>aprendizaje continuo<\/strong> y actualizaci\u00f3n constante es esencial para mantenerse vigente y competitivo en el mercado laboral.<\/p>\n\n\n\n<p>En esencia, la IA transformar\u00e1 la <strong>productividad en M\u00e9xico<\/strong> con un cambio estructural en empleos y competencias; aunque p\u00e9rdidas significativas se esperan en ciertos sectores, se generar\u00e1n nuevos puestos para quienes posean habilidades tecnol\u00f3gicas avanzadas y competencias humanas exclusivas. Es vital no perder de vista la necesidad de <strong>actualizarse y adquirir nuevas herramientas<\/strong> para poder seguir participando activamente en el sector productivo.<\/p>\n\n\n\n<p><strong>Comente u opine a:<\/strong><br><a>cacostabravo@yahoo.com.mx<\/a><\/p>\n\n\n\n<p>*Maestro en Comunicaci\u00f3n por la <strong>Universidad Iberoamericana<\/strong>, de la cual form\u00f3 parte del cuerpo acad\u00e9mico de la Licenciatura en Comunicaci\u00f3n, as\u00ed como de la <strong>Universidad An\u00e1huac<\/strong>, campus norte de <strong>CDMX<\/strong>.<\/p>\n","protected":false},"excerpt":{"rendered":"<p>Carlos Miguel Acosta Bravo*Impronta Todos hemos escuchado el vigor, la utilidad y la importancia que la Inteligencia Artificial (IA) tiene como herramienta para simplificarnos la elaboraci\u00f3n de diversas actividades, pero usted, amigo lector, \u00bfse ha puesto a pensar de qu\u00e9 manera afectar\u00e1 la planta productiva en M\u00e9xico? Podr\u00eda significar la p\u00e9rdida potencial de hasta 16 [&hellip;]<\/p>\n","protected":false},"author":2,"featured_media":141377,"comment_status":"closed","ping_status":"closed","sticky":false,"template":"","format":"standard","meta":{"_jetpack_newsletter_access":"","_jetpack_dont_email_post_to_subs":false,"_jetpack_newsletter_tier_id":0,"_jetpack_memberships_contains_paywalled_content":false,"_jetpack_memberships_contains_paid_content":false,"footnotes":""},"categories":[70],"tags":[47146,47147,47144,47148,47143],"class_list":["post-156164","post","type-post","status-publish","format-standard","has-post-thumbnail","hentry","category-de-opinion","tag-empleos-en-riesgo-ia","tag-habilidades-tecnologicas-emergentes","tag-inteligencia-artificial-mexico","tag-mercado-laboral-futuro","tag-transformacion-digital-mexico"],"jetpack_featured_media_url":"https:\/\/lospoliticosveracruz.com.mx\/wp-content\/uploads\/2025\/04\/Carlos-Miguel-Acosta-Bravo.jpg","jetpack_sharing_enabled":true,"jetpack_shortlink":"https:\/\/wp.me\/p4Qcd3-ECM","_links":{"self":[{"href":"https:\/\/lospoliticosveracruz.com.mx\/index.php?rest_route=\/wp\/v2\/posts\/156164","targetHints":{"allow":["GET"]}}],"collection":[{"href":"https:\/\/lospoliticosveracruz.com.mx\/index.php?rest_route=\/wp\/v2\/posts"}],"about":[{"href":"https:\/\/lospoliticosveracruz.com.mx\/index.php?rest_route=\/wp\/v2\/types\/post"}],"author":[{"embeddable":true,"href":"https:\/\/lospoliticosveracruz.com.mx\/index.php?rest_route=\/wp\/v2\/users\/2"}],"replies":[{"embeddable":true,"href":"https:\/\/lospoliticosveracruz.com.mx\/index.php?rest_route=%2Fwp%2Fv2%2Fcomments&post=156164"}],"version-history":[{"count":1,"href":"https:\/\/lospoliticosveracruz.com.mx\/index.php?rest_route=\/wp\/v2\/posts\/156164\/revisions"}],"predecessor-version":[{"id":156165,"href":"https:\/\/lospoliticosveracruz.com.mx\/index.php?rest_route=\/wp\/v2\/posts\/156164\/revisions\/156165"}],"wp:featuredmedia":[{"embeddable":true,"href":"https:\/\/lospoliticosveracruz.com.mx\/index.php?rest_route=\/wp\/v2\/media\/141377"}],"wp:attachment":[{"href":"https:\/\/lospoliticosveracruz.com.mx\/index.php?rest_route=%2Fwp%2Fv2%2Fmedia&parent=156164"}],"wp:term":[{"taxonomy":"category","embeddable":true,"href":"https:\/\/lospoliticosveracruz.com.mx\/index.php?rest_route=%2Fwp%2Fv2%2Fcategories&post=156164"},{"taxonomy":"post_tag","embeddable":true,"href":"https:\/\/lospoliticosveracruz.com.mx\/index.php?rest_route=%2Fwp%2Fv2%2Ftags&post=156164"}],"curies":[{"name":"wp","href":"https:\/\/api.w.org\/{rel}","templated":true}]}}