{"id":156166,"date":"2025-11-09T19:55:39","date_gmt":"2025-11-10T01:55:39","guid":{"rendered":"https:\/\/lospoliticosveracruz.com.mx\/?p=156166"},"modified":"2025-11-09T19:56:07","modified_gmt":"2025-11-10T01:56:07","slug":"regidurias-2","status":"publish","type":"post","link":"https:\/\/lospoliticosveracruz.com.mx\/?p=156166","title":{"rendered":"REGIDUR\u00cdAS"},"content":{"rendered":"\n<p>S\u00edguenos ahora tambi\u00e9n en WhatsApp.\u00a0\u00a1<a href=\"https:\/\/whatsapp.com\/channel\/0029Va8zRWlEKyZIP3Z1dF0e\"><strong>Da clic aqu\u00ed<\/strong><\/a><strong>!<\/strong><\/p>\n\n\n\n<p><strong>Enrique Yasser Pompeyo<\/strong><\/p>\n\n\n\n<p>Mesa de Redacci\u00f3n<br><\/p>\n\n\n\n<p>En menos de dos meses las nuevas autoridades municipales rendir\u00e1n protesta de ley para asumir las riendas de los <strong>212 ayuntamientos<\/strong> en la entidad <strong>veracruzana<\/strong>.<\/p>\n\n\n\n<p>Como se recordar\u00e1, tras los resultados electorales de junio pasado, varios candidatos y sus partidos pol\u00edticos realizaron procesos de <strong>impugnaci\u00f3n<\/strong> al se\u00f1alar que hubo supuestas irregularidades en los comicios.<\/p>\n\n\n\n<figure class=\"wp-block-image size-full\"><a href=\" https:\/\/legisver.gob.mx\/Inicio.php?p=sliderInfoNP&amp;i=8785682\"><img loading=\"lazy\" decoding=\"async\" width=\"728\" height=\"90\" src=\"https:\/\/lospoliticosveracruz.com.mx\/wp-content\/uploads\/2025\/10\/Legis-Cintillo.png\" alt=\"\" class=\"wp-image-155724\" srcset=\"https:\/\/lospoliticosveracruz.com.mx\/wp-content\/uploads\/2025\/10\/Legis-Cintillo.png 728w, https:\/\/lospoliticosveracruz.com.mx\/wp-content\/uploads\/2025\/10\/Legis-Cintillo-300x37.png 300w\" sizes=\"auto, (max-width: 728px) 100vw, 728px\" \/><\/a><\/figure>\n\n\n\n<p>No obstante, el <strong>Organismo P\u00fablico Local Electoral de Veracruz (OPLE)<\/strong> llev\u00f3 a cabo la <strong>asignaci\u00f3n de regidur\u00edas<\/strong> en los municipios donde no hubo recursos de inconformidad. Fueron <strong>74 los ayuntamientos<\/strong>.<\/p>\n\n\n\n<p>Por lo que todav\u00eda faltan <strong>138 municipios<\/strong> por asignar los espacios edilicios.<\/p>\n\n\n\n<p>Sin embargo, de ese n\u00famero, los <strong>tribunales electorales<\/strong> estaban en proceso de resolver las impugnaciones en <strong>11 ayuntamientos<\/strong>.<\/p>\n\n\n\n<p>En ese sentido, cuatro se encontraban ante el <strong>Tribunal Electoral del Poder Judicial de la Federaci\u00f3n (TEPJF)<\/strong> y siete estaban en el <strong>Tribunal Electoral de Veracruz (TEV)<\/strong>. Este viernes, el <strong>TEV<\/strong> resolvi\u00f3 el caso de <strong>Camerino Z. Mendoza<\/strong>, donde ratific\u00f3 el triunfo del candidato del <strong>Partido del Trabajo<\/strong>.<\/p>\n\n\n\n<p>De manera que en los pr\u00f3ximos d\u00edas, el <strong>Organismo P\u00fablico Local Electoral de Veracruz (OPLE)<\/strong> asignar\u00eda las regidur\u00edas en <strong>127 municipios<\/strong>.<\/p>\n\n\n\n<p>Las fechas avanzan y el ente comicial local estar\u00eda en tiempo para asignar los espacios edilicios restantes.<\/p>\n\n\n\n<p>Ya se ver\u00e1 c\u00f3mo queda, finalmente, el n\u00famero de regidur\u00edas por <strong>partido pol\u00edtico<\/strong> en los principales municipios de <strong>Veracruz<\/strong>.<\/p>\n\n\n\n<p><strong>CONFERENCIAS<\/strong><\/p>\n\n\n\n<p>Este lunes, la organizaci\u00f3n civil <strong>Equifon\u00eda<\/strong> dar\u00e1 una rueda de prensa. La cita es a las 9 de la ma\u00f1ana en <strong>La Parroquia de Enr\u00edquez<\/strong>.<\/p>\n\n\n\n<p>La <strong>C\u00e1mara Nacional de Comercio de Xalapa (CANACO)<\/strong> ofrecer\u00e1 detalles del <strong>BUEN FIN<\/strong> en su edici\u00f3n 15. La conferencia ser\u00e1 en sus oficinas a las 14 horas.<\/p>\n\n\n\n<p>El <strong>Partido Acci\u00f3n Nacional (PAN)<\/strong> dar\u00e1 su tradicional conferencia a las 11 horas en el <strong>comit\u00e9 estatal<\/strong>.<\/p>\n\n\n\n<p><strong><a>enriquepompeyo@hotmail.com<\/a><\/strong><\/p>\n","protected":false},"excerpt":{"rendered":"<p>Enrique Yasser Pompeyo Mesa de Redacci\u00f3n En menos de dos meses las nuevas autoridades municipales rendir\u00e1n protesta de ley para asumir las riendas de los 212 ayuntamientos en la entidad veracruzana. Como se recordar\u00e1, tras los resultados electorales de junio pasado, varios candidatos y sus partidos pol\u00edticos realizaron procesos de impugnaci\u00f3n al se\u00f1alar que hubo [&hellip;]<\/p>\n","protected":false},"author":2,"featured_media":141425,"comment_status":"closed","ping_status":"closed","sticky":false,"template":"","format":"standard","meta":{"_jetpack_newsletter_access":"","_jetpack_dont_email_post_to_subs":false,"_jetpack_newsletter_tier_id":0,"_jetpack_memberships_contains_paywalled_content":false,"_jetpack_memberships_contains_paid_content":false,"footnotes":""},"categories":[70],"tags":[46736,47151,12446,44582,47149,47150],"class_list":["post-156166","post","type-post","status-publish","format-standard","has-post-thumbnail","hentry","category-de-opinion","tag-elecciones-municipales-veracruz","tag-equifonia-xalapa-canaco-pan","tag-ople-veracruz","tag-partido-del-trabajo-veracruz","tag-regidurias-veracruz-2025","tag-tev-camerino-z-mendoza"],"jetpack_featured_media_url":"https:\/\/lospoliticosveracruz.com.mx\/wp-content\/uploads\/2025\/04\/Pompeyo.jpg","jetpack_sharing_enabled":true,"jetpack_shortlink":"https:\/\/wp.me\/p4Qcd3-ECO","_links":{"self":[{"href":"https:\/\/lospoliticosveracruz.com.mx\/index.php?rest_route=\/wp\/v2\/posts\/156166","targetHints":{"allow":["GET"]}}],"collection":[{"href":"https:\/\/lospoliticosveracruz.com.mx\/index.php?rest_route=\/wp\/v2\/posts"}],"about":[{"href":"https:\/\/lospoliticosveracruz.com.mx\/index.php?rest_route=\/wp\/v2\/types\/post"}],"author":[{"embeddable":true,"href":"https:\/\/lospoliticosveracruz.com.mx\/index.php?rest_route=\/wp\/v2\/users\/2"}],"replies":[{"embeddable":true,"href":"https:\/\/lospoliticosveracruz.com.mx\/index.php?rest_route=%2Fwp%2Fv2%2Fcomments&post=156166"}],"version-history":[{"count":1,"href":"https:\/\/lospoliticosveracruz.com.mx\/index.php?rest_route=\/wp\/v2\/posts\/156166\/revisions"}],"predecessor-version":[{"id":156167,"href":"https:\/\/lospoliticosveracruz.com.mx\/index.php?rest_route=\/wp\/v2\/posts\/156166\/revisions\/156167"}],"wp:featuredmedia":[{"embeddable":true,"href":"https:\/\/lospoliticosveracruz.com.mx\/index.php?rest_route=\/wp\/v2\/media\/141425"}],"wp:attachment":[{"href":"https:\/\/lospoliticosveracruz.com.mx\/index.php?rest_route=%2Fwp%2Fv2%2Fmedia&parent=156166"}],"wp:term":[{"taxonomy":"category","embeddable":true,"href":"https:\/\/lospoliticosveracruz.com.mx\/index.php?rest_route=%2Fwp%2Fv2%2Fcategories&post=156166"},{"taxonomy":"post_tag","embeddable":true,"href":"https:\/\/lospoliticosveracruz.com.mx\/index.php?rest_route=%2Fwp%2Fv2%2Ftags&post=156166"}],"curies":[{"name":"wp","href":"https:\/\/api.w.org\/{rel}","templated":true}]}}