{"id":156170,"date":"2025-11-10T05:48:34","date_gmt":"2025-11-10T11:48:34","guid":{"rendered":"https:\/\/lospoliticosveracruz.com.mx\/?p=156170"},"modified":"2025-11-10T05:50:58","modified_gmt":"2025-11-10T11:50:58","slug":"sheinbaum-al-rescate-del-2027","status":"publish","type":"post","link":"https:\/\/lospoliticosveracruz.com.mx\/?p=156170","title":{"rendered":"SHEINBAUM AL RESCATE DEL 2027!"},"content":{"rendered":"\n<p><strong>Fanny Y\u00e9pez<\/strong><br><em>La Columna<\/em><\/p>\n\n\n\n<p>El sem\u00e1foro rojo de advertencia se prendi\u00f3 en las altas esferas morenistas, el riesgo se not\u00f3 y ahora es urgente mantener la mayor\u00eda guinda en las c\u00e1maras de diputados federales y senadores. Por ello, los estrategas de la 4t le est\u00e1n apostando al efecto Sheinbaum, de ah\u00ed la necesidad de incluir a la Presidenta dentro de las boletas que se utilizar\u00e1n en las elecciones intermedias que se celebrar\u00e1n en junio del 2027.<\/p>\n\n\n\n<figure class=\"wp-block-image size-full\"><a href=\" https:\/\/legisver.gob.mx\/Inicio.php?p=sliderInfoNP&amp;i=8785682\"><img loading=\"lazy\" decoding=\"async\" width=\"728\" height=\"90\" src=\"https:\/\/lospoliticosveracruz.com.mx\/wp-content\/uploads\/2025\/10\/Legis-Cintillo.png\" alt=\"\" class=\"wp-image-155724\" srcset=\"https:\/\/lospoliticosveracruz.com.mx\/wp-content\/uploads\/2025\/10\/Legis-Cintillo.png 728w, https:\/\/lospoliticosveracruz.com.mx\/wp-content\/uploads\/2025\/10\/Legis-Cintillo-300x37.png 300w\" sizes=\"auto, (max-width: 728px) 100vw, 728px\" \/><\/a><\/figure>\n\n\n\n<p>La preocupaci\u00f3n de los morenistas es evidente en los cuartos de guerra de los generales de Morena. Los \u00faltimos acontecimientos sobre asesinatos de pol\u00edticos, que exhibe la inseguridad en varios estados de la rep\u00fablica, aunado a los escandalosos casos de corrupci\u00f3n de altos pol\u00edticos, que militan en el Movimiento de Regeneraci\u00f3n Nacional, han desgastado la imagen de este partido pol\u00edtico.<\/p>\n\n\n\n<p>Uno de los casos m\u00e1s escandalosos que golpeo en la opini\u00f3n p\u00fablica de este instituto es el de Ad\u00e1n Augusto L\u00f3pez, que cada vez se enreda m\u00e1s, hasta los abultados patrimonios rodeados de opacidad de otros de sus pesos pesados, o los derroches en las recientes vacaciones.<\/p>\n\n\n\n<p>El panorama no es nada alentador para la 4t y ha abierto un distanciamiento entre la poblaci\u00f3n votante y Morena, la grieta entre ambos cada d\u00edas es m\u00e1s amplia, es un hecho que el partido guinda est\u00e1 perdiendo el respaldo ciudadano, por ello temen que este aspecto pueda llegar a da\u00f1ar enormemente sus pr\u00f3ximos resultados electorales.<\/p>\n\n\n\n<p>El desgaste de Morena contrasta con la s\u00f3lida aprobaci\u00f3n de la presidenta, Claudia Sheinbaum, al cierre de este primer a\u00f1o de mandato. Detectada la fuga, en el partido ya tienen una soluci\u00f3n en mente: aprovechar el efecto arrastre de la popularidad de la presidenta de cara a las elecciones y juntarlas, todo el mismo d\u00eda. Lo que es seguro que los morenistas le apuesten al voto diferenciado.<\/p>\n\n\n\n<p>M\u00c1S ALL\u00c1 del \u00abEfecto Claudia\u00bb que tendr\u00eda que realizar la votaci\u00f3n para la revocaci\u00f3n de mandato de la presidenta Sheinbaum el mismo d\u00eda de las elecciones federales, locales y judiciales de junio de 2027, juntar los cuatro procesos supondr\u00eda una oportunidad para que la 4T, con el pretexto de promover la consulta.<\/p>\n\n\n\n<p>Y ES QUE los procesos para decidir la permanencia del titular del Ejecutivo federal comienzan con la recolecci\u00f3n de firmas para solicitar su realizaci\u00f3n.<br>EN EL SEXENIO anterior, los partidarios de Andr\u00e9s Manuel L\u00f3pez Obrador salieron a las calles a registrar firmantes desde el 1 de noviembre de 2021 para la jornada de consulta que se realiz\u00f3 el 10 de abril de 2022; es decir, casi cinco meses y medio antes.<\/p>\n\n\n\n<p>DE AH\u00cd que Morena, el PT y el PVEM tendr\u00edan la posibilidad de arrancar su maquinaria electoral con meses de anticipaci\u00f3n a las campa\u00f1as, sin que los sancionen por actos anticipados.<\/p>\n\n\n\n<p>El voto diferenciado (tambi\u00e9n conocido como voto cruzado o split-ticket voting en ingl\u00e9s) es el fen\u00f3meno electoral en el que un votante, durante una misma jornada electoral con m\u00faltiples cargos a elegir (elecciones concurrentes), elige candidatos de partidos pol\u00edticos distintos para diferentes puestos.<br>Caracter\u00edsticas clave<\/p>\n\n\n\n<p>Elecci\u00f3n M\u00faltiple: Ocurre cuando los ciudadanos votan por diferentes niveles de gobierno (por ejemplo, presidente, gobernador, alcaldes, diputados, senadores) o distintos cargos legislativos en la misma elecci\u00f3n.<br>Decisi\u00f3n Consciente: Implica una decisi\u00f3n deliberada del elector de no votar por una sola \u00abplancha\u00bb o \u00abvoto parejo\u00bb para todos los cargos, sino de evaluar a los candidatos o partidos individualmente.<\/p>\n\n\n\n<p>El hecho es que no hay equilibrio de poderes, este tipo de voto a menudo resulta en un gobierno dividido, donde el poder ejecutivo (presidencia o gubernatura) y el poder legislativo (congreso) est\u00e1n controlados por partidos diferentes. Esto puede fomentar la negociaci\u00f3n y servir como contrapeso pol\u00edtico, evitando un poder absoluto en manos de un solo partido.<\/p>\n\n\n\n<p>Sofisticaci\u00f3n del Elector: Se considera un signo de una base de votantes m\u00e1s sofisticada o cr\u00edtica, que no sigue lealtades partidistas ciegas, sino que eval\u00faa las fortalezas y debilidades de candidatos y plataformas espec\u00edfico<\/p>\n\n\n\n<p>En resumen, los estregas de Morena pretenden utilizar como im\u00e1n de atracci\u00f3n del voto la figura de Claudia Sheinbaum, y con ello evitar perder la mayor\u00eda en las c\u00e1maras baja y alta. Porque, aunque se diga hasta el cansancio y se traste de convencer a los ciudadanos que, en este gobierno republicano, hay plena autonom\u00eda en los poderes, lo cierto es que el poder legislativo federal y estatal est\u00e1 subordinado al ejecutivo.<\/p>\n\n\n\n<p>Porque ya lo advirti\u00f3 Grecia Quiroz, en la movilizaci\u00f3n m\u00e1s numerosa desde el asesinato del Alcalde Carlos Manzo, vecinos, comerciantes, bomberos, estudiantes, aguacateros y simpatizantes del Movimiento del Sombrero, que fund\u00f3 el Edil asesinado: \u201cVoto de castigo para Morena en 2027, en memoria de Carlos Manzo\u201d.<\/p>\n\n\n\n<p>La marcha enmarc\u00f3 un paro de actividades de todos los sectores productivos en la zona centro de Uruapan y culmin\u00f3 con una concentraci\u00f3n multitudinaria y un discurso de la Alcaldesa sustituta de Uruapan y viuda de Carlos Manzo, Grecia Quiroz, interrumpido en varios momentos por gritos de \u201c\u00a1No est\u00e1s sola!\u201d.<\/p>\n\n\n\n<p>La gota que derramo el vaso fue el artero asesinato de Carlos Manzo, eso detono una reacci\u00f3n en cadena, esta situaci\u00f3n se est\u00e1 polarizando en varios estados del pa\u00eds y lo est\u00e1n utilizando como estandarte varias organizaciones pol\u00edticas y civiles, est\u00e1n sacando raja de la lamentable situaci\u00f3n.<\/p>\n","protected":false},"excerpt":{"rendered":"<p>Fanny Y\u00e9pezLa Columna El sem\u00e1foro rojo de advertencia se prendi\u00f3 en las altas esferas morenistas, el riesgo se not\u00f3 y ahora es urgente mantener la mayor\u00eda guinda en las c\u00e1maras de diputados federales y senadores. Por ello, los estrategas de la 4t le est\u00e1n apostando al efecto Sheinbaum, de ah\u00ed la necesidad de incluir a [&hellip;]<\/p>\n","protected":false},"author":2,"featured_media":141383,"comment_status":"closed","ping_status":"closed","sticky":false,"template":"","format":"standard","meta":{"_jetpack_newsletter_access":"","_jetpack_dont_email_post_to_subs":false,"_jetpack_newsletter_tier_id":0,"_jetpack_memberships_contains_paywalled_content":false,"_jetpack_memberships_contains_paid_content":false,"footnotes":""},"categories":[70],"tags":[44793,9627,1026,47153,195],"class_list":["post-156170","post","type-post","status-publish","format-standard","has-post-thumbnail","hentry","category-de-opinion","tag-carlos-manzo","tag-claudia-sheinbaum","tag-morena","tag-uruapan","tag-veracruz"],"jetpack_featured_media_url":"https:\/\/lospoliticosveracruz.com.mx\/wp-content\/uploads\/2025\/04\/Fanny-Yepez-Luna.jpg","jetpack_sharing_enabled":true,"jetpack_shortlink":"https:\/\/wp.me\/p4Qcd3-ECS","_links":{"self":[{"href":"https:\/\/lospoliticosveracruz.com.mx\/index.php?rest_route=\/wp\/v2\/posts\/156170","targetHints":{"allow":["GET"]}}],"collection":[{"href":"https:\/\/lospoliticosveracruz.com.mx\/index.php?rest_route=\/wp\/v2\/posts"}],"about":[{"href":"https:\/\/lospoliticosveracruz.com.mx\/index.php?rest_route=\/wp\/v2\/types\/post"}],"author":[{"embeddable":true,"href":"https:\/\/lospoliticosveracruz.com.mx\/index.php?rest_route=\/wp\/v2\/users\/2"}],"replies":[{"embeddable":true,"href":"https:\/\/lospoliticosveracruz.com.mx\/index.php?rest_route=%2Fwp%2Fv2%2Fcomments&post=156170"}],"version-history":[{"count":1,"href":"https:\/\/lospoliticosveracruz.com.mx\/index.php?rest_route=\/wp\/v2\/posts\/156170\/revisions"}],"predecessor-version":[{"id":156171,"href":"https:\/\/lospoliticosveracruz.com.mx\/index.php?rest_route=\/wp\/v2\/posts\/156170\/revisions\/156171"}],"wp:featuredmedia":[{"embeddable":true,"href":"https:\/\/lospoliticosveracruz.com.mx\/index.php?rest_route=\/wp\/v2\/media\/141383"}],"wp:attachment":[{"href":"https:\/\/lospoliticosveracruz.com.mx\/index.php?rest_route=%2Fwp%2Fv2%2Fmedia&parent=156170"}],"wp:term":[{"taxonomy":"category","embeddable":true,"href":"https:\/\/lospoliticosveracruz.com.mx\/index.php?rest_route=%2Fwp%2Fv2%2Fcategories&post=156170"},{"taxonomy":"post_tag","embeddable":true,"href":"https:\/\/lospoliticosveracruz.com.mx\/index.php?rest_route=%2Fwp%2Fv2%2Ftags&post=156170"}],"curies":[{"name":"wp","href":"https:\/\/api.w.org\/{rel}","templated":true}]}}