{"id":156183,"date":"2025-11-10T07:43:01","date_gmt":"2025-11-10T13:43:01","guid":{"rendered":"https:\/\/lospoliticosveracruz.com.mx\/?p=156183"},"modified":"2025-11-10T07:43:29","modified_gmt":"2025-11-10T13:43:29","slug":"a-un-mes-de-la-tragedia","status":"publish","type":"post","link":"https:\/\/lospoliticosveracruz.com.mx\/?p=156183","title":{"rendered":"A UN MES DE LA TRAGEDIA"},"content":{"rendered":"\n<p>S\u00edguenos ahora tambi\u00e9n en WhatsApp.\u00a0\u00a1<a href=\"https:\/\/whatsapp.com\/channel\/0029Va8zRWlEKyZIP3Z1dF0e\"><strong>Da clic aqu\u00ed<\/strong><\/a><strong>!<\/strong><\/p>\n\n\n\n<p><strong>Yamiri Rodr\u00edguez Madrid<\/strong><\/p>\n\n\n\n<p>La vuelta a Veracruz en un teclazo<br><\/p>\n\n\n\n<p>Hace un mes, el norte <strong>veracruzano<\/strong> vivi\u00f3 una de las peores <strong>inundaciones<\/strong> en su historia. En el recuento de los da\u00f1os, el desbordamiento de los r\u00edos <strong>Cazones<\/strong>, <strong>Tecolutla<\/strong> y <strong>Pantepec<\/strong> dej\u00f3 por lo menos <strong>32 muertos<\/strong>, m\u00e1s de una docena de desaparecidos y p\u00e9rdidas materiales en <strong>Poza Rica<\/strong>, <strong>\u00c1lamo<\/strong>, <strong>Tihuatl\u00e1n<\/strong>, <strong>Ilamatl\u00e1n<\/strong> y <strong>Tuxpan<\/strong>, principalmente, aunque tambi\u00e9n se cuentan algunas comunidades de municipios aleda\u00f1os, pues en algunos puntos el nivel del agua subi\u00f3 m\u00e1s de tres metros del nivel de alerta; 2.20 metros en solo un par de horas.<\/p>\n\n\n\n<figure class=\"wp-block-image size-full\"><a href=\" https:\/\/legisver.gob.mx\/Inicio.php?p=sliderInfoNP&amp;i=8785682\"><img loading=\"lazy\" decoding=\"async\" width=\"728\" height=\"90\" src=\"https:\/\/lospoliticosveracruz.com.mx\/wp-content\/uploads\/2025\/10\/Legis-Cintillo.png\" alt=\"\" class=\"wp-image-155724\" srcset=\"https:\/\/lospoliticosveracruz.com.mx\/wp-content\/uploads\/2025\/10\/Legis-Cintillo.png 728w, https:\/\/lospoliticosveracruz.com.mx\/wp-content\/uploads\/2025\/10\/Legis-Cintillo-300x37.png 300w\" sizes=\"auto, (max-width: 728px) 100vw, 728px\" \/><\/a><\/figure>\n\n\n\n<p>Los expertos en <strong>meteorolog\u00eda<\/strong> se\u00f1alan que la <strong>Tormenta Tropical 90-E<\/strong> \u2014no hurac\u00e1n\u2014 provoc\u00f3 acumulados de lluvias de hasta <strong>580 mm<\/strong>, lo que gener\u00f3 que m\u00e1s de una treintena de localidades estuvieran incomunicadas durante d\u00edas; al cierre de esta columna, cuatro siguen as\u00ed. Una sola aseguradora, <strong>HDI M\u00e9xico<\/strong>, estimaba un monto aproximado de <strong>26 millones de pesos<\/strong> en da\u00f1os a veh\u00edculos asegurados y ten\u00eda el reporte de 33 casos de viviendas y establecimientos comerciales con afectaciones, con una estimaci\u00f3n de m\u00e1s de <strong>83 millones de pesos<\/strong> en p\u00e9rdidas.<\/p>\n\n\n\n<p>En una tragedia de esa magnitud, cada minuto cuenta. Autoridades <strong>federales<\/strong> y <strong>estatales<\/strong> \u2014porque la mayor\u00eda de las municipales, salvo <strong>Coatzintla<\/strong>, estuvieron ausentes\u2014 se pusieron a trabajar primero para atender la emergencia y luego para intentar poner de pie a la zona. De acuerdo con el <strong>Censo de Bienestar<\/strong>, m\u00e1s de <strong>56 mil viviendas<\/strong> fueron registradas para recibir apoyos; recordemos que el <strong>Gobierno Federal<\/strong> anunci\u00f3 un fondo inicial de <strong>10 mil millones de pesos<\/strong> y que este lunes 10 viene el segundo pago, del que se avisar\u00e1 mediante mensaje de texto para cobrar en los <strong>Bancos del Bienestar<\/strong>.<\/p>\n\n\n\n<p>La propia presidenta <strong>Claudia Sheinbaum<\/strong>, quien estuvo en varias ocasiones en el norte de <strong>Veracruz<\/strong> durante los d\u00edas m\u00e1s \u00e1lgidos, explic\u00f3 que el apoyo para <strong>reconstrucci\u00f3n de vivienda<\/strong> se determina seg\u00fan el nivel de afectaci\u00f3n: <strong>25 mil pesos<\/strong> por da\u00f1o medio, <strong>40 mil pesos<\/strong> por afectaci\u00f3n mayor y <strong>70 mil pesos<\/strong> por p\u00e9rdida total.<\/p>\n\n\n\n<p>Otras dependencias tambi\u00e9n contin\u00faan con su labor. Este fin de semana, la <strong>Secretar\u00eda de Infraestructura, Comunicaciones y Transportes (SICT)<\/strong>, a trav\u00e9s del <strong>Centro SICT Veracruz<\/strong>, inform\u00f3 que sigue con el retiro de material de deslaves, el relleno en aproches de puentes y la habilitaci\u00f3n de pasos provisionales mediante colocaci\u00f3n de tubos ADS, as\u00ed como con labores de revisi\u00f3n, rehabilitaci\u00f3n y reconstrucci\u00f3n de caminos al norte del estado, en la sierra de <strong>Zontecomatl\u00e1n<\/strong> e <strong>Ilamatl\u00e1n<\/strong>.<\/p>\n\n\n\n<p>De las 68 incidencias registradas en caminos alimentadores de la red carretera federal, la <strong>SICT<\/strong> atiende a\u00fan seis en caminos de la sierra de <strong>Zontecomatl\u00e1n<\/strong> e <strong>Ilamatl\u00e1n<\/strong>, as\u00ed como 26 puentes con afectaciones, de los cuales uno se encuentra colapsado y pr\u00f3ximamente ser\u00e1 intervenido para dar paso provisional. De ese tama\u00f1o fue el impacto de este fen\u00f3meno natural.<\/p>\n\n\n\n<p>Viene ahora lo m\u00e1s dif\u00edcil para las autoridades, que es, insisto, <strong>poner de pie a la zona norte<\/strong>: que el campo vuelva a producir, que las cortinas abran y la gente llegue con dinero y compre, que en los hogares se erradique la zozobra y que vuelva ese punto de <strong>Veracruz<\/strong> a su dinamismo. Apenas ha pasado un mes, aunque para las y los damnificados se siente ya como un a\u00f1o.<\/p>\n\n\n\n<p><strong>@YamiriRodriguez<\/strong><\/p>\n","protected":false},"excerpt":{"rendered":"<p>Yamiri Rodr\u00edguez Madrid La vuelta a Veracruz en un teclazo Hace un mes, el norte veracruzano vivi\u00f3 una de las peores inundaciones en su historia. En el recuento de los da\u00f1os, el desbordamiento de los r\u00edos Cazones, Tecolutla y Pantepec dej\u00f3 por lo menos 32 muertos, m\u00e1s de una docena de desaparecidos y p\u00e9rdidas materiales [&hellip;]<\/p>\n","protected":false},"author":2,"featured_media":141413,"comment_status":"closed","ping_status":"closed","sticky":false,"template":"","format":"standard","meta":{"_jetpack_newsletter_access":"","_jetpack_dont_email_post_to_subs":false,"_jetpack_newsletter_tier_id":0,"_jetpack_memberships_contains_paywalled_content":false,"_jetpack_memberships_contains_paid_content":false,"footnotes":""},"categories":[70],"tags":[47157,45786,47156,47158,47155,47159],"class_list":["post-156183","post","type-post","status-publish","format-standard","has-post-thumbnail","hentry","category-de-opinion","tag-censo-de-bienestar-apoyos","tag-claudia-sheinbaum-veracruz","tag-inundaciones-veracruz-2024","tag-sict-reconstruccion-caminos","tag-tormenta-tropical-90-e","tag-tuxpan-poza-rica-alamo"],"jetpack_featured_media_url":"https:\/\/lospoliticosveracruz.com.mx\/wp-content\/uploads\/2025\/04\/Yamiri-Rodriguez-Madrid.jpg","jetpack_sharing_enabled":true,"jetpack_shortlink":"https:\/\/wp.me\/p4Qcd3-ED5","_links":{"self":[{"href":"https:\/\/lospoliticosveracruz.com.mx\/index.php?rest_route=\/wp\/v2\/posts\/156183","targetHints":{"allow":["GET"]}}],"collection":[{"href":"https:\/\/lospoliticosveracruz.com.mx\/index.php?rest_route=\/wp\/v2\/posts"}],"about":[{"href":"https:\/\/lospoliticosveracruz.com.mx\/index.php?rest_route=\/wp\/v2\/types\/post"}],"author":[{"embeddable":true,"href":"https:\/\/lospoliticosveracruz.com.mx\/index.php?rest_route=\/wp\/v2\/users\/2"}],"replies":[{"embeddable":true,"href":"https:\/\/lospoliticosveracruz.com.mx\/index.php?rest_route=%2Fwp%2Fv2%2Fcomments&post=156183"}],"version-history":[{"count":1,"href":"https:\/\/lospoliticosveracruz.com.mx\/index.php?rest_route=\/wp\/v2\/posts\/156183\/revisions"}],"predecessor-version":[{"id":156184,"href":"https:\/\/lospoliticosveracruz.com.mx\/index.php?rest_route=\/wp\/v2\/posts\/156183\/revisions\/156184"}],"wp:featuredmedia":[{"embeddable":true,"href":"https:\/\/lospoliticosveracruz.com.mx\/index.php?rest_route=\/wp\/v2\/media\/141413"}],"wp:attachment":[{"href":"https:\/\/lospoliticosveracruz.com.mx\/index.php?rest_route=%2Fwp%2Fv2%2Fmedia&parent=156183"}],"wp:term":[{"taxonomy":"category","embeddable":true,"href":"https:\/\/lospoliticosveracruz.com.mx\/index.php?rest_route=%2Fwp%2Fv2%2Fcategories&post=156183"},{"taxonomy":"post_tag","embeddable":true,"href":"https:\/\/lospoliticosveracruz.com.mx\/index.php?rest_route=%2Fwp%2Fv2%2Ftags&post=156183"}],"curies":[{"name":"wp","href":"https:\/\/api.w.org\/{rel}","templated":true}]}}