{"id":156185,"date":"2025-11-10T07:48:14","date_gmt":"2025-11-10T13:48:14","guid":{"rendered":"https:\/\/lospoliticosveracruz.com.mx\/?p=156185"},"modified":"2025-11-10T07:48:26","modified_gmt":"2025-11-10T13:48:26","slug":"a-un-mes-del-aguacerazo","status":"publish","type":"post","link":"https:\/\/lospoliticosveracruz.com.mx\/?p=156185","title":{"rendered":"A UN MES DEL AGUACERAZO"},"content":{"rendered":"\n<p>S\u00edguenos ahora tambi\u00e9n en WhatsApp.\u00a0\u00a1<a href=\"https:\/\/whatsapp.com\/channel\/0029Va8zRWlEKyZIP3Z1dF0e\"><strong>Da clic aqu\u00ed<\/strong><\/a><strong>!<\/strong><\/p>\n\n\n\n<p><strong>Bernardo Guti\u00e9rrez Parra<\/strong><\/p>\n\n\n\n<p><em>Desde el Caf\u00e9<br><\/em><\/p>\n\n\n\n<p>En 1999 cay\u00f3 sobre <strong>Tuxpan<\/strong> uno de los aguaceros m\u00e1s impresionantes de los que se tenga memoria. El r\u00edo se desbord\u00f3 e inund\u00f3 la ciudad casi por completo, afectando adem\u00e1s zonas de la periferia. Tambi\u00e9n llovi\u00f3 sobre <strong>Poza Rica<\/strong> y <strong>\u00c1lamo<\/strong>, pero en comparaci\u00f3n con Tuxpan los da\u00f1os no fueron tan graves.<\/p>\n\n\n\n<figure class=\"wp-block-image size-full\"><a href=\" https:\/\/legisver.gob.mx\/Inicio.php?p=sliderInfoNP&amp;i=8785682\"><img loading=\"lazy\" decoding=\"async\" width=\"728\" height=\"90\" src=\"https:\/\/lospoliticosveracruz.com.mx\/wp-content\/uploads\/2025\/10\/Legis-Cintillo.png\" alt=\"\" class=\"wp-image-155724\" srcset=\"https:\/\/lospoliticosveracruz.com.mx\/wp-content\/uploads\/2025\/10\/Legis-Cintillo.png 728w, https:\/\/lospoliticosveracruz.com.mx\/wp-content\/uploads\/2025\/10\/Legis-Cintillo-300x37.png 300w\" sizes=\"auto, (max-width: 728px) 100vw, 728px\" \/><\/a><\/figure>\n\n\n\n<p>Veintis\u00e9is a\u00f1os despu\u00e9s, otro aguacero cay\u00f3 en la zona norte y en esta ocasi\u00f3n devast\u00f3 <strong>Poza Rica<\/strong> y <strong>\u00c1lamo<\/strong>. En <strong>Tuxpan<\/strong> el r\u00edo volvi\u00f3 a desbordarse, pero ni con mucho ocasion\u00f3 el da\u00f1o de 1999.<\/p>\n\n\n\n<p>\u00bfCu\u00e1l fue la diferencia entre los dos aguacerazos?<\/p>\n\n\n\n<p>El sistema de drenaje y alcantarillado.<\/p>\n\n\n\n<p>En 1999 el <strong>r\u00edo Cazones<\/strong> (que en tiempo de secas es apenas un riachuelo maloliente y lleno de basura) se sali\u00f3 de su cauce, pero no lo suficiente como para provocar las afectaciones de hace un mes, en que barri\u00f3 casi literalmente con la ciudad petrolera.<\/p>\n\n\n\n<p>\u00bfY qu\u00e9 tuvo que ver el sistema de drenaje?<\/p>\n\n\n\n<p>Mucho, porque desde hace a\u00f1os est\u00e1 en la ruina.<\/p>\n\n\n\n<p>El drenaje de <strong>Poza Rica<\/strong> data de los tiempos en que el ingeniero <strong>Jaime J. Merino<\/strong> era el cacique petrolero de esa ciudad. La pavimentaci\u00f3n de sus calles, la construcci\u00f3n de sus mercados, escuelas, iglesias, parques, \u00e1reas deportivas y por supuesto la introducci\u00f3n de la red de drenaje se deben a \u00e9l. Pero cuando se fue (o mejor dicho, cuando \u201clo fueron\u201d, porque el entonces <strong>Procurador de Justicia, Fernando L\u00f3pez Arias<\/strong>, lo persigui\u00f3 judicialmente), todo se detuvo y qued\u00f3 al garete.<\/p>\n\n\n\n<p>Alcaldes van, alcaldes vienen y pocos (si no es que ninguno) se han preocupado por darle mantenimiento al drenaje que ya dio de s\u00ed despu\u00e9s de 70 a\u00f1os de servicio. Y el alcalde <strong>Fernando Remes<\/strong>, menos.<\/p>\n\n\n\n<p>El 10 de octubre y en cuesti\u00f3n de minutos, el <strong>r\u00edo Cazones<\/strong> se convirti\u00f3 en un r\u00edo de respuesta r\u00e1pida que se sali\u00f3 de su cauce llevando consigo toneladas m\u00e9tricas de agua, basura y lodo. Esa agua no pudo desfogarse por el drenaje porque las alcantarillas estaban atascadas por m\u00e1s basura y porque el propio drenaje estaba colapsado de inmundicia por falta de mantenimiento.<\/p>\n\n\n\n<p>Lo dem\u00e1s ya te lo sabes, lector. A un mes de la tragedia y a pesar del apoyo de dos de los tres niveles de gobierno y de la generosidad de los mexicanos (del gobierno municipal del se\u00f1or <strong>Remes<\/strong> mejor ni hablar, porque es un cero a la izquierda), <strong>Poza Rica<\/strong> est\u00e1 a\u00fan lejos de levantarse por completo.<\/p>\n\n\n\n<p>\u00bfY por qu\u00e9 no pas\u00f3 lo mismo en <strong>Tuxpan<\/strong>?<\/p>\n\n\n\n<p>Pues tambi\u00e9n por el drenaje.<\/p>\n\n\n\n<p>No recuerdo si fue antes o despu\u00e9s de 1999 que el entonces legislador <strong>Jos\u00e9 Manuel Pozos Castro<\/strong> gestion\u00f3 el traslado de una draga que desazolv\u00f3 el <strong>r\u00edo Tuxpan<\/strong>. Pero en el a\u00f1o y nueve meses que estuvo como alcalde de ese puerto (del 1 de enero de 2022 al 8 de noviembre del 2023) hizo m\u00e1s, al gestionar con la <strong>Comisi\u00f3n del Agua del Estado de Veracruz (CAEV)<\/strong> la limpieza de toda la red de drenaje y alcantarillado de la ciudad.<\/p>\n\n\n\n<p>\u201cHubo partes en que el drenaje estaba tan tapado que tuvimos que utilizar maquinaria pesada para arrancar basura que se hab\u00eda fosilizado y convertido en roca. S\u00e9 que es dif\u00edcil de creer, pero a la altura de la terminal del <strong>ADO<\/strong> sacamos 16 neum\u00e1ticos, 7 refrigeradores y 4 estufas. Fue una labor tit\u00e1nica y no hubo un solo d\u00eda en que el alcalde <strong>Pozos Castro<\/strong> dejara de inspeccionar nuestro trabajo. La limpieza que hicimos fue a prueba de inundaciones\u201d, me dijo un trabajador de la <strong>CAEV<\/strong>.<\/p>\n\n\n\n<p>Y en efecto, lector, el <strong>r\u00edo Tuxpan<\/strong> se desbord\u00f3, pero (hay que reiterarlo) no caus\u00f3 los estropicios del <strong>Cazones<\/strong>, gracias a que el sistema de drenaje funcion\u00f3.<\/p>\n\n\n\n<p>Otro gallo le estar\u00eda cantando \u2014y muy mal\u2014 a <strong>Tuxpan<\/strong> y los tuxpe\u00f1os si el gobierno municipal de <strong>Jos\u00e9 Manuel Pozos Castro<\/strong> no hubiera sido previsor hace dos a\u00f1os.<\/p>\n\n\n\n<p><strong>PD.<\/strong> <strong>\u00c1lamo<\/strong> ya est\u00e1 de pie, pero de ese municipio te platicar\u00e9 m\u00e1s adelante.<\/p>\n","protected":false},"excerpt":{"rendered":"<p>Bernardo Guti\u00e9rrez Parra Desde el Caf\u00e9 En 1999 cay\u00f3 sobre Tuxpan uno de los aguaceros m\u00e1s impresionantes de los que se tenga memoria. El r\u00edo se desbord\u00f3 e inund\u00f3 la ciudad casi por completo, afectando adem\u00e1s zonas de la periferia. Tambi\u00e9n llovi\u00f3 sobre Poza Rica y \u00c1lamo, pero en comparaci\u00f3n con Tuxpan los da\u00f1os no [&hellip;]<\/p>\n","protected":false},"author":2,"featured_media":141479,"comment_status":"closed","ping_status":"closed","sticky":false,"template":"","format":"standard","meta":{"_jetpack_newsletter_access":"","_jetpack_dont_email_post_to_subs":false,"_jetpack_newsletter_tier_id":0,"_jetpack_memberships_contains_paywalled_content":false,"_jetpack_memberships_contains_paid_content":false,"footnotes":""},"categories":[70],"tags":[47161,33744,11958,46585,47160],"class_list":["post-156185","post","type-post","status-publish","format-standard","has-post-thumbnail","hentry","category-de-opinion","tag-caev-veracruz","tag-fernando-remes","tag-jose-manuel-pozos-castro","tag-poza-rica-inundaciones","tag-tuxpan-drenaje"],"jetpack_featured_media_url":"https:\/\/lospoliticosveracruz.com.mx\/wp-content\/uploads\/2025\/04\/Bernardo-Gutierrez-Parra.jpg","jetpack_sharing_enabled":true,"jetpack_shortlink":"https:\/\/wp.me\/p4Qcd3-ED7","_links":{"self":[{"href":"https:\/\/lospoliticosveracruz.com.mx\/index.php?rest_route=\/wp\/v2\/posts\/156185","targetHints":{"allow":["GET"]}}],"collection":[{"href":"https:\/\/lospoliticosveracruz.com.mx\/index.php?rest_route=\/wp\/v2\/posts"}],"about":[{"href":"https:\/\/lospoliticosveracruz.com.mx\/index.php?rest_route=\/wp\/v2\/types\/post"}],"author":[{"embeddable":true,"href":"https:\/\/lospoliticosveracruz.com.mx\/index.php?rest_route=\/wp\/v2\/users\/2"}],"replies":[{"embeddable":true,"href":"https:\/\/lospoliticosveracruz.com.mx\/index.php?rest_route=%2Fwp%2Fv2%2Fcomments&post=156185"}],"version-history":[{"count":2,"href":"https:\/\/lospoliticosveracruz.com.mx\/index.php?rest_route=\/wp\/v2\/posts\/156185\/revisions"}],"predecessor-version":[{"id":156187,"href":"https:\/\/lospoliticosveracruz.com.mx\/index.php?rest_route=\/wp\/v2\/posts\/156185\/revisions\/156187"}],"wp:featuredmedia":[{"embeddable":true,"href":"https:\/\/lospoliticosveracruz.com.mx\/index.php?rest_route=\/wp\/v2\/media\/141479"}],"wp:attachment":[{"href":"https:\/\/lospoliticosveracruz.com.mx\/index.php?rest_route=%2Fwp%2Fv2%2Fmedia&parent=156185"}],"wp:term":[{"taxonomy":"category","embeddable":true,"href":"https:\/\/lospoliticosveracruz.com.mx\/index.php?rest_route=%2Fwp%2Fv2%2Fcategories&post=156185"},{"taxonomy":"post_tag","embeddable":true,"href":"https:\/\/lospoliticosveracruz.com.mx\/index.php?rest_route=%2Fwp%2Fv2%2Ftags&post=156185"}],"curies":[{"name":"wp","href":"https:\/\/api.w.org\/{rel}","templated":true}]}}