{"id":156188,"date":"2025-11-10T07:56:44","date_gmt":"2025-11-10T13:56:44","guid":{"rendered":"https:\/\/lospoliticosveracruz.com.mx\/?p=156188"},"modified":"2025-11-10T08:06:50","modified_gmt":"2025-11-10T14:06:50","slug":"va-por-tsunami-verde","status":"publish","type":"post","link":"https:\/\/lospoliticosveracruz.com.mx\/?p=156188","title":{"rendered":"VA POR TSUNAMI VERDE!"},"content":{"rendered":"\n<p>S\u00edguenos ahora tambi\u00e9n en WhatsApp.\u00a0\u00a1<a href=\"https:\/\/whatsapp.com\/channel\/0029Va8zRWlEKyZIP3Z1dF0e\"><strong>Da clic aqu\u00ed<\/strong><\/a><strong>!<\/strong><\/p>\n\n\n\n<p><strong>Alejandro \u00c1vila<\/strong><br><em>Veracruz<\/em><\/p>\n\n\n\n<p>Siendo ratificado como <strong>secretario general del Comit\u00e9 Ejecutivo Estatal del Partido Verde en Veracruz<\/strong>, <strong>Edgar Herrera Lendechy<\/strong> se\u00f1al\u00f3 que, la nueva ruta que tendr\u00e1 la <strong>Ola Verde<\/strong> en la entidad se basar\u00e1 en el fortalecimiento del territorio bajo nuevos liderazgos en los <strong>212 municipios<\/strong>.<\/p>\n\n\n\n<blockquote class=\"wp-block-quote is-layout-flow wp-block-quote-is-layout-flow\">\n<p>\u201cEl Verde es una fuerza viva que late en cada veracruzano comprometido con un mejor futuro. El Verde no es de unos cuantos o de uno solo, el Verde son todas y todos los veracruzanos que creen en la fuerza de la esperanza y de la transformaci\u00f3n con causa. Lo mejor est\u00e1 por venir porque lo vamos a construir juntos, con fidelidad, humanismo, justicia y bienestar para todo <strong>Veracruz<\/strong>\u201d, se\u00f1al\u00f3 en su discurso realizado en el municipio de <strong>Puente Nacional<\/strong>.<\/p>\n<\/blockquote>\n\n\n\n<p>Con la presencia de <strong>alcaldes en funciones del Partido Verde<\/strong>, electos que inician su administraci\u00f3n el pr\u00f3ximo <strong>1 de enero del 2026<\/strong> y, <strong>Grupo Legislativo en el Congreso de Veracruz<\/strong> que coordina el diputado, <strong>Carlos Marcelo Ruiz S\u00e1nchez<\/strong>; <strong>Edgar Herrera<\/strong> tom\u00f3 protesta en conjunto con el <strong>Comit\u00e9 Directivo<\/strong> con la acompa\u00f1ar\u00e1 durante el pr\u00f3ximo proceso electoral del <strong>2027<\/strong>.<\/p>\n\n\n\n<p><strong>Edgar Herrera Lendechy<\/strong> destac\u00f3 el trabajo que contin\u00faa realizando en conjunto con el <strong>equipo jur\u00eddico<\/strong> para defender el voto Verde en las pasadas elecciones; al tiempo que, asegur\u00f3 iniciar\u00e1n con una nueva estrategia a partir de <strong>enero del 2026<\/strong> con lo que se reforzar\u00e1 la fidelidad del <strong>Partido Verde<\/strong> con los veracruzanos.<\/p>\n","protected":false},"excerpt":{"rendered":"<p>Alejandro \u00c1vilaVeracruz Siendo ratificado como secretario general del Comit\u00e9 Ejecutivo Estatal del Partido Verde en Veracruz, Edgar Herrera Lendechy se\u00f1al\u00f3 que, la nueva ruta que tendr\u00e1 la Ola Verde en la entidad se basar\u00e1 en el fortalecimiento del territorio bajo nuevos liderazgos en los 212 municipios. \u201cEl Verde es una fuerza viva que late en [&hellip;]<\/p>\n","protected":false},"author":2,"featured_media":156189,"comment_status":"closed","ping_status":"closed","sticky":false,"template":"","format":"standard","meta":{"_jetpack_newsletter_access":"","_jetpack_dont_email_post_to_subs":false,"_jetpack_newsletter_tier_id":0,"_jetpack_memberships_contains_paywalled_content":false,"_jetpack_memberships_contains_paid_content":false,"footnotes":""},"categories":[6446],"tags":[17123,393,41751,47122,5741],"class_list":["post-156188","post","type-post","status-publish","format-standard","has-post-thumbnail","hentry","category-la-nota","tag-carlos-marcelo-ruiz-sanchez","tag-congreso-de-veracruz","tag-edgar-herrera-lendechy","tag-partido-verde-veracruz","tag-puente-nacional"],"jetpack_featured_media_url":"https:\/\/lospoliticosveracruz.com.mx\/wp-content\/uploads\/2025\/11\/Edgar-Herrera-1.jpeg","jetpack_sharing_enabled":true,"jetpack_shortlink":"https:\/\/wp.me\/p4Qcd3-EDa","_links":{"self":[{"href":"https:\/\/lospoliticosveracruz.com.mx\/index.php?rest_route=\/wp\/v2\/posts\/156188","targetHints":{"allow":["GET"]}}],"collection":[{"href":"https:\/\/lospoliticosveracruz.com.mx\/index.php?rest_route=\/wp\/v2\/posts"}],"about":[{"href":"https:\/\/lospoliticosveracruz.com.mx\/index.php?rest_route=\/wp\/v2\/types\/post"}],"author":[{"embeddable":true,"href":"https:\/\/lospoliticosveracruz.com.mx\/index.php?rest_route=\/wp\/v2\/users\/2"}],"replies":[{"embeddable":true,"href":"https:\/\/lospoliticosveracruz.com.mx\/index.php?rest_route=%2Fwp%2Fv2%2Fcomments&post=156188"}],"version-history":[{"count":2,"href":"https:\/\/lospoliticosveracruz.com.mx\/index.php?rest_route=\/wp\/v2\/posts\/156188\/revisions"}],"predecessor-version":[{"id":156192,"href":"https:\/\/lospoliticosveracruz.com.mx\/index.php?rest_route=\/wp\/v2\/posts\/156188\/revisions\/156192"}],"wp:featuredmedia":[{"embeddable":true,"href":"https:\/\/lospoliticosveracruz.com.mx\/index.php?rest_route=\/wp\/v2\/media\/156189"}],"wp:attachment":[{"href":"https:\/\/lospoliticosveracruz.com.mx\/index.php?rest_route=%2Fwp%2Fv2%2Fmedia&parent=156188"}],"wp:term":[{"taxonomy":"category","embeddable":true,"href":"https:\/\/lospoliticosveracruz.com.mx\/index.php?rest_route=%2Fwp%2Fv2%2Fcategories&post=156188"},{"taxonomy":"post_tag","embeddable":true,"href":"https:\/\/lospoliticosveracruz.com.mx\/index.php?rest_route=%2Fwp%2Fv2%2Ftags&post=156188"}],"curies":[{"name":"wp","href":"https:\/\/api.w.org\/{rel}","templated":true}]}}