{"id":156207,"date":"2025-11-10T13:32:12","date_gmt":"2025-11-10T19:32:12","guid":{"rendered":"https:\/\/lospoliticosveracruz.com.mx\/?p=156207"},"modified":"2025-11-10T13:32:34","modified_gmt":"2025-11-10T19:32:34","slug":"se-le-prendio-el-foco-a-igor","status":"publish","type":"post","link":"https:\/\/lospoliticosveracruz.com.mx\/?p=156207","title":{"rendered":"SE LE PRENDI\u00d3 EL FOCO A IGOR!"},"content":{"rendered":"\n<p>S\u00edguenos ahora tambi\u00e9n en WhatsApp.\u00a0\u00a1<a href=\"https:\/\/whatsapp.com\/channel\/0029Va8zRWlEKyZIP3Z1dF0e\"><strong>Da clic aqu\u00ed<\/strong><\/a><strong>!<\/strong><\/p>\n\n\n\n<p><strong>Karla M\u00e9ndez<\/strong><\/p>\n\n\n\n<p>El estado de <strong>Veracruz<\/strong> tiene el proyecto de la creaci\u00f3n de una <strong>Escuela de Servicios Tur\u00edsticos<\/strong>, que contar\u00e1 con el reconocimiento oficial de la <strong>Secretar\u00eda de Educaci\u00f3n de Veracruz (SEV)<\/strong>.<\/p>\n\n\n\n<p>La <strong>gobernadora Roc\u00edo Nahle Garc\u00eda<\/strong> dio a conocer que el proyecto lo plante\u00f3 la <strong>Secretar\u00eda de Turismo (SECTUR)<\/strong>, que encabeza <strong>Igor Roj\u00ed L\u00f3pez<\/strong>, con lo cual se busca preparar a los prestadores de servicios tur\u00edsticos.<\/p>\n\n\n\n<p>Asimismo, mencion\u00f3 que se cuenta con el inmueble que albergar\u00e1 esta nueva instituci\u00f3n, el cual se ubica en el <strong>Puerto de Veracruz<\/strong>, donde el fin es iniciar a la brevedad.<\/p>\n\n\n\n<p>\u201cYa me present\u00f3 <strong>Igor<\/strong>, nosotros vamos a hacer una escuela de <strong>Servicios Tur\u00edsticos<\/strong>, la vamos a hacer en <strong>Veracruz<\/strong>, dentro de unas instalaciones que ya tiene la <strong>Secretar\u00eda de Educaci\u00f3n<\/strong>. Ya me presentaron el programa de trabajo, yo quer\u00eda arrancarlo pues ya en enero, el edificio est\u00e1 bien, vamos a tener que acondicionarlo de acuerdo a lo que nos piden, porque nos piden talleres de servicios, de cocinas, de otras cosas, lo vamos a instalar.\u201d<\/p>\n\n\n\n<p>Finalmente, <strong>Nahle Garc\u00eda<\/strong> adelant\u00f3 que desde ahora tambi\u00e9n se trabaja en las festividades de <strong>Fin de A\u00f1o<\/strong>, donde nuevamente se llevar\u00e1 a cabo la tradicional ceremonia <strong>\u201cdel Viejo\u201d<\/strong> para atraer m\u00e1s turismo.<\/p>\n\n\n\n<p>\u201cTambi\u00e9n este a\u00f1o vuelve el Viejo, ya nos vamos a organizar con m\u00e1s tiempo, porque el a\u00f1o pasado fue muy r\u00e1pido\u201d, finaliz\u00f3.<\/p>\n","protected":false},"excerpt":{"rendered":"<p>Karla M\u00e9ndez El estado de Veracruz tiene el proyecto de la creaci\u00f3n de una Escuela de Servicios Tur\u00edsticos, que contar\u00e1 con el reconocimiento oficial de la Secretar\u00eda de Educaci\u00f3n de Veracruz (SEV). La gobernadora Roc\u00edo Nahle Garc\u00eda dio a conocer que el proyecto lo plante\u00f3 la Secretar\u00eda de Turismo (SECTUR), que encabeza Igor Roj\u00ed L\u00f3pez, [&hellip;]<\/p>\n","protected":false},"author":2,"featured_media":0,"comment_status":"closed","ping_status":"closed","sticky":false,"template":"","format":"standard","meta":{"_jetpack_newsletter_access":"","_jetpack_dont_email_post_to_subs":false,"_jetpack_newsletter_tier_id":0,"_jetpack_memberships_contains_paywalled_content":false,"_jetpack_memberships_contains_paid_content":false,"footnotes":""},"categories":[6446],"tags":[47172,7568,3578,31448,88],"class_list":["post-156207","post","type-post","status-publish","format-standard","hentry","category-la-nota","tag-escuela-de-servicios-turisticos","tag-igor-roji-lopez","tag-rocio-nahle","tag-sectur-veracruz","tag-sev"],"jetpack_featured_media_url":"","jetpack_sharing_enabled":true,"jetpack_shortlink":"https:\/\/wp.me\/p4Qcd3-EDt","_links":{"self":[{"href":"https:\/\/lospoliticosveracruz.com.mx\/index.php?rest_route=\/wp\/v2\/posts\/156207","targetHints":{"allow":["GET"]}}],"collection":[{"href":"https:\/\/lospoliticosveracruz.com.mx\/index.php?rest_route=\/wp\/v2\/posts"}],"about":[{"href":"https:\/\/lospoliticosveracruz.com.mx\/index.php?rest_route=\/wp\/v2\/types\/post"}],"author":[{"embeddable":true,"href":"https:\/\/lospoliticosveracruz.com.mx\/index.php?rest_route=\/wp\/v2\/users\/2"}],"replies":[{"embeddable":true,"href":"https:\/\/lospoliticosveracruz.com.mx\/index.php?rest_route=%2Fwp%2Fv2%2Fcomments&post=156207"}],"version-history":[{"count":1,"href":"https:\/\/lospoliticosveracruz.com.mx\/index.php?rest_route=\/wp\/v2\/posts\/156207\/revisions"}],"predecessor-version":[{"id":156208,"href":"https:\/\/lospoliticosveracruz.com.mx\/index.php?rest_route=\/wp\/v2\/posts\/156207\/revisions\/156208"}],"wp:attachment":[{"href":"https:\/\/lospoliticosveracruz.com.mx\/index.php?rest_route=%2Fwp%2Fv2%2Fmedia&parent=156207"}],"wp:term":[{"taxonomy":"category","embeddable":true,"href":"https:\/\/lospoliticosveracruz.com.mx\/index.php?rest_route=%2Fwp%2Fv2%2Fcategories&post=156207"},{"taxonomy":"post_tag","embeddable":true,"href":"https:\/\/lospoliticosveracruz.com.mx\/index.php?rest_route=%2Fwp%2Fv2%2Ftags&post=156207"}],"curies":[{"name":"wp","href":"https:\/\/api.w.org\/{rel}","templated":true}]}}