{"id":156272,"date":"2025-11-11T11:28:59","date_gmt":"2025-11-11T17:28:59","guid":{"rendered":"https:\/\/lospoliticosveracruz.com.mx\/?p=156272"},"modified":"2025-11-11T11:29:08","modified_gmt":"2025-11-11T17:29:08","slug":"apoyo-internacional-para-mascotas-del-norte","status":"publish","type":"post","link":"https:\/\/lospoliticosveracruz.com.mx\/?p=156272","title":{"rendered":"APOYO INTERNACIONAL PARA MASCOTAS DEL NORTE!"},"content":{"rendered":"\n<p><strong>Alejandro \u00c1vila<\/strong><br><em>Veracruz<\/em><\/p>\n\n\n\n<p>La <strong>secretaria de Medio Ambiente de Veracruz<\/strong>, <strong>Luz Mariela Zaleta Mendoza<\/strong>, confirm\u00f3 que la dependencia a su cargo firm\u00f3 un <strong>convenio de colaboraci\u00f3n<\/strong> con la <strong>Fundaci\u00f3n Internacional \u201cHumane World for Animals\u201d<\/strong>, la cual proporcionar\u00e1 un importante recurso econ\u00f3mico en favor de las mascotas afectadas durante las <strong>inundaciones en la zona norte<\/strong> de la entidad.<\/p>\n\n\n\n<p>La <strong>funcionaria estatal<\/strong> reconoci\u00f3 que muchas mascotas resultaron perdidas y no han regresado a su hogar, ante lo cual realizan un <strong>censo con apoyo de grupos animalistas<\/strong> para regresar a los perros y gatos con sus respectivas familias.<\/p>\n\n\n\n<p>De la misma manera, dio a conocer que la <strong>Secretar\u00eda de Medio Ambiente de Veracruz (SEDEMA)<\/strong> no ha dejado de apoyar a las mascotas y contin\u00faa con las <strong>brigadas de apoyo m\u00e9dico y alimentario<\/strong> para los animales de compa\u00f1\u00eda afectados.<\/p>\n\n\n\n<p>\u201cDimos atenci\u00f3n tanto en <strong>Poza Rica<\/strong> como en <strong>\u00c1lamo<\/strong>; la gente estuvo muy contenta, muy agradecida porque s\u00ed hubo muchos animalitos da\u00f1ados, perdidos. Hay gente que encontraba a los perritos y los gatitos y los ten\u00eda resguardados en sus hogares, pero estaban enfermos. Tambi\u00e9n otra de las aportaciones que hicimos fue la <strong>donaci\u00f3n de medicamentos<\/strong>. Poza Rica cuenta con un <strong>Centro de Salud Animal<\/strong> que fue da\u00f1ado completamente, pero a\u00fan as\u00ed siguieron trabajando y nosotros seguimos dando alimento para los animalitos\u201d, declar\u00f3.<\/p>\n\n\n\n<p>Respecto a algunas notas que surgieron sobre presuntos casos de <strong>acoso al interior de la Secretar\u00eda<\/strong>, asegur\u00f3 que no habr\u00e1 cabida en esta administraci\u00f3n para quien afecte a alguna mujer, por lo que inst\u00f3 a los afectados a <strong>presentar las denuncias formales<\/strong> y as\u00ed las \u00e1reas encargadas den seguimiento e investiguen.<\/p>\n","protected":false},"excerpt":{"rendered":"<p>Alejandro \u00c1vilaVeracruz La secretaria de Medio Ambiente de Veracruz, Luz Mariela Zaleta Mendoza, confirm\u00f3 que la dependencia a su cargo firm\u00f3 un convenio de colaboraci\u00f3n con la Fundaci\u00f3n Internacional \u201cHumane World for Animals\u201d, la cual proporcionar\u00e1 un importante recurso econ\u00f3mico en favor de las mascotas afectadas durante las inundaciones en la zona norte de la [&hellip;]<\/p>\n","protected":false},"author":2,"featured_media":156273,"comment_status":"closed","ping_status":"closed","sticky":false,"template":"","format":"standard","meta":{"_jetpack_newsletter_access":"","_jetpack_dont_email_post_to_subs":false,"_jetpack_newsletter_tier_id":0,"_jetpack_memberships_contains_paywalled_content":false,"_jetpack_memberships_contains_paid_content":false,"footnotes":""},"categories":[6446],"tags":[],"class_list":["post-156272","post","type-post","status-publish","format-standard","has-post-thumbnail","hentry","category-la-nota"],"jetpack_featured_media_url":"https:\/\/lospoliticosveracruz.com.mx\/wp-content\/uploads\/2025\/11\/ayuda-cachorros-Poza-Rica.jpeg","jetpack_sharing_enabled":true,"jetpack_shortlink":"https:\/\/wp.me\/p4Qcd3-EEw","_links":{"self":[{"href":"https:\/\/lospoliticosveracruz.com.mx\/index.php?rest_route=\/wp\/v2\/posts\/156272","targetHints":{"allow":["GET"]}}],"collection":[{"href":"https:\/\/lospoliticosveracruz.com.mx\/index.php?rest_route=\/wp\/v2\/posts"}],"about":[{"href":"https:\/\/lospoliticosveracruz.com.mx\/index.php?rest_route=\/wp\/v2\/types\/post"}],"author":[{"embeddable":true,"href":"https:\/\/lospoliticosveracruz.com.mx\/index.php?rest_route=\/wp\/v2\/users\/2"}],"replies":[{"embeddable":true,"href":"https:\/\/lospoliticosveracruz.com.mx\/index.php?rest_route=%2Fwp%2Fv2%2Fcomments&post=156272"}],"version-history":[{"count":2,"href":"https:\/\/lospoliticosveracruz.com.mx\/index.php?rest_route=\/wp\/v2\/posts\/156272\/revisions"}],"predecessor-version":[{"id":156275,"href":"https:\/\/lospoliticosveracruz.com.mx\/index.php?rest_route=\/wp\/v2\/posts\/156272\/revisions\/156275"}],"wp:featuredmedia":[{"embeddable":true,"href":"https:\/\/lospoliticosveracruz.com.mx\/index.php?rest_route=\/wp\/v2\/media\/156273"}],"wp:attachment":[{"href":"https:\/\/lospoliticosveracruz.com.mx\/index.php?rest_route=%2Fwp%2Fv2%2Fmedia&parent=156272"}],"wp:term":[{"taxonomy":"category","embeddable":true,"href":"https:\/\/lospoliticosveracruz.com.mx\/index.php?rest_route=%2Fwp%2Fv2%2Fcategories&post=156272"},{"taxonomy":"post_tag","embeddable":true,"href":"https:\/\/lospoliticosveracruz.com.mx\/index.php?rest_route=%2Fwp%2Fv2%2Ftags&post=156272"}],"curies":[{"name":"wp","href":"https:\/\/api.w.org\/{rel}","templated":true}]}}