{"id":156306,"date":"2025-11-11T20:19:36","date_gmt":"2025-11-12T02:19:36","guid":{"rendered":"https:\/\/lospoliticosveracruz.com.mx\/?p=156306"},"modified":"2025-11-11T20:19:53","modified_gmt":"2025-11-12T02:19:53","slug":"nostalgicos-de-la-corrupcion","status":"publish","type":"post","link":"https:\/\/lospoliticosveracruz.com.mx\/?p=156306","title":{"rendered":"NOST\u00c1LGICOS DE LA CORRUPCI\u00d3N!"},"content":{"rendered":"\n<p>S\u00edguenos ahora tambi\u00e9n en WhatsApp.\u00a0\u00a1<a href=\"https:\/\/whatsapp.com\/channel\/0029Va8zRWlEKyZIP3Z1dF0e\"><strong>Da clic aqu\u00ed<\/strong><\/a><strong>!<\/strong><\/p>\n\n\n\n<p><\/p>\n\n\n\n<p><\/p>\n\n\n\n<p>Esteban Ram\u00edrez Zepeta, presidente del Comit\u00e9 Ejecutivo Estatal de Morena en Veracruz, afirm\u00f3 que los adversarios pol\u00edticos del movimiento de la Cuarta Transformaci\u00f3n y la derecha se niegan a aceptar la realidad que se vive en todo el pa\u00eds y en el estado: \u201cla transformaci\u00f3n ya est\u00e1 en marcha y cuenta con el respaldo mayoritario del pueblo de M\u00e9xico y del pueblo veracruzano\u201d, sostuvo.<\/p>\n\n\n\n<figure class=\"wp-block-image size-full\"><a href=\" https:\/\/legisver.gob.mx\/Inicio.php?p=sliderInfoNP&amp;i=8785682\"><img loading=\"lazy\" decoding=\"async\" width=\"728\" height=\"90\" src=\"https:\/\/lospoliticosveracruz.com.mx\/wp-content\/uploads\/2025\/10\/Legis-Cintillo.png\" alt=\"\" class=\"wp-image-155724\" srcset=\"https:\/\/lospoliticosveracruz.com.mx\/wp-content\/uploads\/2025\/10\/Legis-Cintillo.png 728w, https:\/\/lospoliticosveracruz.com.mx\/wp-content\/uploads\/2025\/10\/Legis-Cintillo-300x37.png 300w\" sizes=\"auto, (max-width: 728px) 100vw, 728px\" \/><\/a><\/figure>\n\n\n\n<p>El dirigente estatal se\u00f1al\u00f3 que a\u00fan existen sectores y personajes que viv\u00edan de los privilegios y los abusos de los gobiernos del pasado, y que hoy buscan recuperar esos espacios perdidos. \u201cExtra\u00f1an los tiempos en los que la corrupci\u00f3n y la impunidad eran parte de la vida p\u00fablica, cuando lo importante era beneficiar a unos cuantos y no al pueblo\u201d, agreg\u00f3.<\/p>\n\n\n\n<p>Ram\u00edrez Zepeta subray\u00f3 que, ante los avances del proyecto transformador, los adversarios recurren a la desinformaci\u00f3n y al golpeteo pol\u00edtico, pero sin lograr eco en la ciudadan\u00eda. \u201cEl pueblo sabe distinguir la verdad de las mentiras, por eso esos ataques en contra de nuestra gobernadora, la ingeniera Roc\u00edo Nahle, y de nuestro movimiento carecen de legitimidad social\u201d, enfatiz\u00f3.<\/p>\n\n\n\n<p>Finalmente, record\u00f3 una expresi\u00f3n de la gobernadora: \u201ccomo bien dice la ingeniera Roc\u00edo Nahle, son buitres y carro\u00f1eros que inventan carro\u00f1a para aparecer en los medios, pero el pueblo no se los cree. El pueblo est\u00e1 despierto y defiende la transformaci\u00f3n.\u201d<\/p>\n","protected":false},"excerpt":{"rendered":"<p>Esteban Ram\u00edrez Zepeta, presidente del Comit\u00e9 Ejecutivo Estatal de Morena en Veracruz, afirm\u00f3 que los adversarios pol\u00edticos del movimiento de la Cuarta Transformaci\u00f3n y la derecha se niegan a aceptar la realidad que se vive en todo el pa\u00eds y en el estado: \u201cla transformaci\u00f3n ya est\u00e1 en marcha y cuenta con el respaldo mayoritario [&hellip;]<\/p>\n","protected":false},"author":2,"featured_media":139641,"comment_status":"closed","ping_status":"closed","sticky":false,"template":"","format":"standard","meta":{"_jetpack_newsletter_access":"","_jetpack_dont_email_post_to_subs":false,"_jetpack_newsletter_tier_id":0,"_jetpack_memberships_contains_paywalled_content":false,"_jetpack_memberships_contains_paid_content":false,"footnotes":""},"categories":[73],"tags":[47211,12744,17053,25035,3578],"class_list":["post-156306","post","type-post","status-publish","format-standard","has-post-thumbnail","hentry","category-de-boleto","tag-corrupcion-e-impunidad","tag-cuarta-transformacion","tag-esteban-ramirez-zepeta","tag-morena-veracruz","tag-rocio-nahle"],"jetpack_featured_media_url":"https:\/\/lospoliticosveracruz.com.mx\/wp-content\/uploads\/2025\/03\/Esteban-Ramirez-Zepeta.jpeg","jetpack_sharing_enabled":true,"jetpack_shortlink":"https:\/\/wp.me\/p4Qcd3-EF4","_links":{"self":[{"href":"https:\/\/lospoliticosveracruz.com.mx\/index.php?rest_route=\/wp\/v2\/posts\/156306","targetHints":{"allow":["GET"]}}],"collection":[{"href":"https:\/\/lospoliticosveracruz.com.mx\/index.php?rest_route=\/wp\/v2\/posts"}],"about":[{"href":"https:\/\/lospoliticosveracruz.com.mx\/index.php?rest_route=\/wp\/v2\/types\/post"}],"author":[{"embeddable":true,"href":"https:\/\/lospoliticosveracruz.com.mx\/index.php?rest_route=\/wp\/v2\/users\/2"}],"replies":[{"embeddable":true,"href":"https:\/\/lospoliticosveracruz.com.mx\/index.php?rest_route=%2Fwp%2Fv2%2Fcomments&post=156306"}],"version-history":[{"count":1,"href":"https:\/\/lospoliticosveracruz.com.mx\/index.php?rest_route=\/wp\/v2\/posts\/156306\/revisions"}],"predecessor-version":[{"id":156307,"href":"https:\/\/lospoliticosveracruz.com.mx\/index.php?rest_route=\/wp\/v2\/posts\/156306\/revisions\/156307"}],"wp:featuredmedia":[{"embeddable":true,"href":"https:\/\/lospoliticosveracruz.com.mx\/index.php?rest_route=\/wp\/v2\/media\/139641"}],"wp:attachment":[{"href":"https:\/\/lospoliticosveracruz.com.mx\/index.php?rest_route=%2Fwp%2Fv2%2Fmedia&parent=156306"}],"wp:term":[{"taxonomy":"category","embeddable":true,"href":"https:\/\/lospoliticosveracruz.com.mx\/index.php?rest_route=%2Fwp%2Fv2%2Fcategories&post=156306"},{"taxonomy":"post_tag","embeddable":true,"href":"https:\/\/lospoliticosveracruz.com.mx\/index.php?rest_route=%2Fwp%2Fv2%2Ftags&post=156306"}],"curies":[{"name":"wp","href":"https:\/\/api.w.org\/{rel}","templated":true}]}}