{"id":156309,"date":"2025-11-11T20:45:36","date_gmt":"2025-11-12T02:45:36","guid":{"rendered":"https:\/\/lospoliticosveracruz.com.mx\/?p=156309"},"modified":"2025-11-11T20:46:06","modified_gmt":"2025-11-12T02:46:06","slug":"morena-enganabobos","status":"publish","type":"post","link":"https:\/\/lospoliticosveracruz.com.mx\/?p=156309","title":{"rendered":"MORENA, ENGA\u00d1ABOBOS"},"content":{"rendered":"\n<p><br><strong>Inocencio Y\u00e1\u00f1ez Vicencio<\/strong><\/p>\n\n\n\n<p>Dec\u00eda J. Goebells, jefe de la propaganda de Adolfo Hitler, que una mentira repetida muchas veces termina crey\u00e9ndole hasta su mismo autor, no exactamente, pero no me preocupa, porque nunca he visto que la refieran exactamente, pero la letra y el esp\u00edritu es fiel a su intenci\u00f3n. Texto que retrata muy bien a sus alumnos morenistas.<\/p>\n\n\n\n<figure class=\"wp-block-image size-full\"><a href=\" https:\/\/legisver.gob.mx\/Inicio.php?p=sliderInfoNP&amp;i=8785682\"><img loading=\"lazy\" decoding=\"async\" width=\"728\" height=\"90\" src=\"https:\/\/lospoliticosveracruz.com.mx\/wp-content\/uploads\/2025\/10\/Legis-Cintillo.png\" alt=\"\" class=\"wp-image-155724\" srcset=\"https:\/\/lospoliticosveracruz.com.mx\/wp-content\/uploads\/2025\/10\/Legis-Cintillo.png 728w, https:\/\/lospoliticosveracruz.com.mx\/wp-content\/uploads\/2025\/10\/Legis-Cintillo-300x37.png 300w\" sizes=\"auto, (max-width: 728px) 100vw, 728px\" \/><\/a><\/figure>\n\n\n\n<p>Cuando los cuatreros ya destruyeron todas las instituciones de contrapesos y control, pueden hacer todo sin encontrar resistencias org\u00e1nicas, teniendo que lidiar a\u00fan&nbsp;&nbsp;con franjas de medios y representantes de la prensa, que mientras no logr\u00e9 someter, no dejar\u00e1 de insultarlos, amenazarlos y perseguirlos.&nbsp;<\/p>\n\n\n\n<p>En 1979, la editorial Ariel, le p\u00fablico un libro extraordinario a Lutz Winckler, con el t\u00edtulo: La Funci\u00f3n social del lenguaje fascista, que hace un pormenorizado ex\u00e1men del libro del libro Mi lucha, que fue el evangelio del carnicero alem\u00e1n, nacido en Austria y que entre otras cosas entresaca: A ra\u00edz de la discusi\u00f3n de los s\u00edntomas de la decadencia de la Alemania guillermina, Hitler se refiere repitasrmente al \u00bb monstruoso\u00bb poder de la prensa ( pp 262 y ss.); sin detenerse en una preparaci\u00f3n detallada de sus argumentos, para exigir : Rigurosamente y sin contemplaciones, el Estado tiene que asegurarse este poderoso medio de la educaci\u00f3n popular ( p. 264). Hasta aqu\u00ed la cita de Winckler.<\/p>\n\n\n\n<p>No es casual que una dictadura, que no necesariamente tiene que irrumpir por medios violentos, el Partido Nacional Socialista Obrero Alem\u00e1n, igual que Morena, lo logr\u00f3 por la v\u00eda electoral, emprenda tan pronto como&nbsp;&nbsp;tiene en sus manos la maquinar\u00eda del Estado una limpia de cr\u00edticos y opositores. No perdamos de vista que el fascismo de 1922 de Mussolini, el nazismo de Hitler en 1933 y el populismo contrarrevolucionario de AMLO en el 2018, se vistieron de socialistas para enga\u00f1ar a las masas. A prop\u00f3sito,<\/p>\n\n\n\n<p>Los tres movimientos son esencialmente movimientos contra los valores y las instituciones liberales, por lo cual buscan concentrar el poder en unas solas manos y sustituir el dejar hacer dejar pasar, por una econom\u00eda concentrada, reemplazar el voto individual por la aclamaci\u00f3n, viendo la sociedad como algo org\u00e1nico, inclin\u00e1ndose por una representaci\u00f3n holistica frente a la representaci\u00f3n plural, por eso no toleran cuerpos intermedios, cancelando la mediaci\u00f3n entre el l\u00edder y la masa, ocupando un papel central como sujeto, ya no una clase sino un concepto ambiguo de pueblo, donde \u00fanicamente caben sus partidarios y quedan excluidos del todo los adversarios, que pasan a ser enemigos que hay que exterminar.<\/p>\n\n\n\n<p>En estos d\u00edas hemos visto que las consecuencias de un Estado en manos de una banda de v\u00e1ndalos, cada vez escala niveles catastr\u00f3ficos.<\/p>\n\n\n\n<p>El asesinato del alcalde de Uruapan Michoac\u00e1n, ha puesto en evidencia que la direcci\u00f3n morenista del Estado mexicano, no va actuar contra los que extorsionan, secuestran y asesinan al pueblo sino enviando abrazos a sus verdugos.<\/p>\n\n\n\n<p>La muerte del alcalde de Uruapan, Carlos Manzo, es responsabilidad de quienes hoy nos gobiernan, por no brindarle ning\u00fan apoyo a su valiente decisi\u00f3n de enfrentar al cr\u00edmen organizado, cuando es responsabilidad de las fuerzas federales. Claudia, abandona y traiciona a la naci\u00f3n, cuando dice que no va a enfrentar a los c\u00e1rteles con otra guerra, porque deb\u00eda de saber que hay Estado cuando tiene el monopolio de la fuerza, si renuncia, como lo hace ella, nos quedamos sin Estado y ley sin espada, tampoco existe.<\/p>\n\n\n\n<p>Por si faltara, el teatro que arm\u00f3 con el supuesto acoso de Uriel \u00abN\u00bb, ya demostr\u00e9 que lo tomaron de d\u00f3nde lo aprendieron, que es una persona en situaci\u00f3n de calle, afectado de sus facultades mentales,&nbsp;&nbsp;que me he ofrecido y me sigo ofreciendo para cotejar est\u00e1 situaci\u00f3n, que curiosamente a nadie le interesa desmontar para poner en claro que fue un distractor, pero que en su af\u00e1n de enga\u00f1arnos atentaron contra una persona indigente y se burlaron de las mujeres, llev\u00e1ndose entre su maquinaci\u00f3n a quienes siguen la causa feminista, pero que est\u00e1 vez se sumaron a ese escarnio contra la bandera feminista.<\/p>\n\n\n\n<p>No, no paran las burlas. Si revisamos las columnas de hoy, vemos que Raymundo Riva Palacio, exhibe que el Plan Michoac\u00e1n, tima a la poblaci\u00f3n, porque ponen al frente de la&nbsp;&nbsp;movilizaci\u00f3n de 10 mil soldados al principal cabecilla de los c\u00e1rteles, que es el gobernador Bedolla, y si bastara, afirma Salvador Garc\u00eda Soto, que los 57 mil millones para Michoac\u00e1n, son la suma de los recursos de salud, educaci\u00f3n, infraestructura&#8230; que ya est\u00e1n etiquetados en el presupuesto federal para esa entidad.&nbsp;<\/p>\n\n\n\n<p>Para cerrar, en Veracruz no cantamos mal las rancher\u00edas. Roc\u00edo Nahle, anuncia 10 mil millones de pesos, que no aparecen en su presupuesto de 2026. Lo que si aparece es un incremento de su sueldo de 25 por ciento, que no obstante que firm\u00f3, lo niega, con lo que da veracidad al rumor de que no es en Palacio de Gobierno, donde se gobierna ni se toman las decisiones importantes, as\u00ed . Para qu\u00e9 servir\u00e1.<\/p>\n\n\n\n<p>Que esperan de la masa?&nbsp;&nbsp;Dijera Hitler: lo que la masa quiere es el triunfo del m\u00e1s fuerte y la destrucci\u00f3n del d\u00e9bil o su incondicional sometimiento. La masa mexicana est\u00e1 emplazada a no permitir ni m\u00e1s mentiras ni m\u00e1s cuatreros.<\/p>\n","protected":false},"excerpt":{"rendered":"<p>Inocencio Y\u00e1\u00f1ez Vicencio Dec\u00eda J. Goebells, jefe de la propaganda de Adolfo Hitler, que una mentira repetida muchas veces termina crey\u00e9ndole hasta su mismo autor, no exactamente, pero no me preocupa, porque nunca he visto que la refieran exactamente, pero la letra y el esp\u00edritu es fiel a su intenci\u00f3n. Texto que retrata muy bien [&hellip;]<\/p>\n","protected":false},"author":2,"featured_media":141387,"comment_status":"closed","ping_status":"closed","sticky":false,"template":"","format":"standard","meta":{"_jetpack_newsletter_access":"","_jetpack_dont_email_post_to_subs":false,"_jetpack_newsletter_tier_id":0,"_jetpack_memberships_contains_paywalled_content":false,"_jetpack_memberships_contains_paid_content":false,"footnotes":""},"categories":[70],"tags":[],"class_list":["post-156309","post","type-post","status-publish","format-standard","has-post-thumbnail","hentry","category-de-opinion"],"jetpack_featured_media_url":"https:\/\/lospoliticosveracruz.com.mx\/wp-content\/uploads\/2025\/04\/Inocencio-Yanez-Vicencio.jpg","jetpack_sharing_enabled":true,"jetpack_shortlink":"https:\/\/wp.me\/p4Qcd3-EF7","_links":{"self":[{"href":"https:\/\/lospoliticosveracruz.com.mx\/index.php?rest_route=\/wp\/v2\/posts\/156309","targetHints":{"allow":["GET"]}}],"collection":[{"href":"https:\/\/lospoliticosveracruz.com.mx\/index.php?rest_route=\/wp\/v2\/posts"}],"about":[{"href":"https:\/\/lospoliticosveracruz.com.mx\/index.php?rest_route=\/wp\/v2\/types\/post"}],"author":[{"embeddable":true,"href":"https:\/\/lospoliticosveracruz.com.mx\/index.php?rest_route=\/wp\/v2\/users\/2"}],"replies":[{"embeddable":true,"href":"https:\/\/lospoliticosveracruz.com.mx\/index.php?rest_route=%2Fwp%2Fv2%2Fcomments&post=156309"}],"version-history":[{"count":1,"href":"https:\/\/lospoliticosveracruz.com.mx\/index.php?rest_route=\/wp\/v2\/posts\/156309\/revisions"}],"predecessor-version":[{"id":156310,"href":"https:\/\/lospoliticosveracruz.com.mx\/index.php?rest_route=\/wp\/v2\/posts\/156309\/revisions\/156310"}],"wp:featuredmedia":[{"embeddable":true,"href":"https:\/\/lospoliticosveracruz.com.mx\/index.php?rest_route=\/wp\/v2\/media\/141387"}],"wp:attachment":[{"href":"https:\/\/lospoliticosveracruz.com.mx\/index.php?rest_route=%2Fwp%2Fv2%2Fmedia&parent=156309"}],"wp:term":[{"taxonomy":"category","embeddable":true,"href":"https:\/\/lospoliticosveracruz.com.mx\/index.php?rest_route=%2Fwp%2Fv2%2Fcategories&post=156309"},{"taxonomy":"post_tag","embeddable":true,"href":"https:\/\/lospoliticosveracruz.com.mx\/index.php?rest_route=%2Fwp%2Fv2%2Ftags&post=156309"}],"curies":[{"name":"wp","href":"https:\/\/api.w.org\/{rel}","templated":true}]}}