{"id":156385,"date":"2025-11-13T07:22:49","date_gmt":"2025-11-13T13:22:49","guid":{"rendered":"https:\/\/lospoliticosveracruz.com.mx\/?p=156385"},"modified":"2025-11-13T07:23:25","modified_gmt":"2025-11-13T13:23:25","slug":"la-crisis-en-la-uv-y-su-dano-colateral","status":"publish","type":"post","link":"https:\/\/lospoliticosveracruz.com.mx\/?p=156385","title":{"rendered":"LA CRISIS EN LA UV Y SU DA\u00d1O COLATERAL"},"content":{"rendered":"\n<p><strong>Yamiri Rodr\u00edguez Madrid<\/strong><\/p>\n\n\n\n<p><em>La vuelta a Veracruz en un\u00a0teclazo<\/em><\/p>\n\n\n\n<p>La necedad del rector de la Universidad Veracruzana (UV), Mart\u00edn Aguilar S\u00e1nchez, de no dar su brazo a torcer con su permanencia al frente de la m\u00e1xima casa de estudios&nbsp;y del grupo que puya para tumbarlo, est\u00e1 ya pas\u00e1ndole factura&nbsp;no solo a la comunidad universitaria, sino a una parte de la poblaci\u00f3n.<\/p>\n\n\n\n<figure class=\"wp-block-image size-full\"><a href=\" https:\/\/legisver.gob.mx\/Inicio.php?p=sliderInfoNP&amp;i=8785682\"><img loading=\"lazy\" decoding=\"async\" width=\"728\" height=\"90\" src=\"https:\/\/lospoliticosveracruz.com.mx\/wp-content\/uploads\/2025\/10\/Legis-Cintillo.png\" alt=\"\" class=\"wp-image-155724\" srcset=\"https:\/\/lospoliticosveracruz.com.mx\/wp-content\/uploads\/2025\/10\/Legis-Cintillo.png 728w, https:\/\/lospoliticosveracruz.com.mx\/wp-content\/uploads\/2025\/10\/Legis-Cintillo-300x37.png 300w\" sizes=\"auto, (max-width: 728px) 100vw, 728px\" \/><\/a><\/figure>\n\n\n\n<p>Xalapa ha sido, durante d\u00e9cadas, una ciudad que ha vivido de la burocracia y de la vida estudiantil. Al estar aqu\u00ed la sede de la UV, sus m\u00faltiples campus e instalaciones, a\u00f1o con a\u00f1o, cientos de j\u00f3venes llegan a este punto de la entidad veracruzana a estudiar, lo que trae dinamismo econ\u00f3mico. &nbsp; Las y los estudiantes buscan pensiones y departamentos para vivir, usan el transporte p\u00fablico, gastan en cocinas econ\u00f3micas, papeler\u00edas y hasta en bares universitarios. Hoy, con el paro&nbsp;en la Unidad Acad\u00e9mica de Humanidades&nbsp;a cargo de un pu\u00f1ado de estudiantes,&nbsp;estas personas que prestan esos servicios se van tambi\u00e9n afectadas en sus bolsillos.<\/p>\n\n\n\n<p>En un recorrido que hizo el periodista Juan David Castilla por la colonia Ferrer Guardia, los comerciantes le platicaron&nbsp;c\u00f3mo sus ventas han ca\u00eddo hasta en un 80 por ciento por el conflicto universitario, pero a eso s\u00famele los antros en fines de semana que ven una merma&nbsp;y los due\u00f1os de pensiones que est\u00e1n viendo a los j\u00f3venes regresarse a sus lugares de origen pues no tiene caso estar aqu\u00ed si no hay para cu\u00e1ndo se llegue a una soluci\u00f3n.<\/p>\n\n\n\n<p>Y est\u00e1 tambi\u00e9n la preocupaci\u00f3n de las familias al ver que sus&nbsp;hijas e hijos se est\u00e1n retrasando en sus carreras, algo que ten\u00eda d\u00e9cadas de no suceder en la comunidad universitaria. Es decir, estudiantes, padres de familia y hasta comerciantes son rehenes de los intereses de la \u00e9lite universitaria: del rector y de su grupo contrario&nbsp;sin que se vea para cu\u00e1ndo le van a bajar a su desm\u00e1n.&nbsp;\u00a1Pobre UV!<\/p>\n\n\n\n<p>@YamiriRodriguez<\/p>\n","protected":false},"excerpt":{"rendered":"<p>Yamiri Rodr\u00edguez Madrid La vuelta a Veracruz en un\u00a0teclazo La necedad del rector de la Universidad Veracruzana (UV), Mart\u00edn Aguilar S\u00e1nchez, de no dar su brazo a torcer con su permanencia al frente de la m\u00e1xima casa de estudios&nbsp;y del grupo que puya para tumbarlo, est\u00e1 ya pas\u00e1ndole factura&nbsp;no solo a la comunidad universitaria, sino [&hellip;]<\/p>\n","protected":false},"author":2,"featured_media":141413,"comment_status":"closed","ping_status":"closed","sticky":false,"template":"","format":"standard","meta":{"_jetpack_newsletter_access":"","_jetpack_dont_email_post_to_subs":false,"_jetpack_newsletter_tier_id":0,"_jetpack_memberships_contains_paywalled_content":false,"_jetpack_memberships_contains_paid_content":false,"footnotes":""},"categories":[70],"tags":[],"class_list":["post-156385","post","type-post","status-publish","format-standard","has-post-thumbnail","hentry","category-de-opinion"],"jetpack_featured_media_url":"https:\/\/lospoliticosveracruz.com.mx\/wp-content\/uploads\/2025\/04\/Yamiri-Rodriguez-Madrid.jpg","jetpack_sharing_enabled":true,"jetpack_shortlink":"https:\/\/wp.me\/p4Qcd3-EGl","_links":{"self":[{"href":"https:\/\/lospoliticosveracruz.com.mx\/index.php?rest_route=\/wp\/v2\/posts\/156385","targetHints":{"allow":["GET"]}}],"collection":[{"href":"https:\/\/lospoliticosveracruz.com.mx\/index.php?rest_route=\/wp\/v2\/posts"}],"about":[{"href":"https:\/\/lospoliticosveracruz.com.mx\/index.php?rest_route=\/wp\/v2\/types\/post"}],"author":[{"embeddable":true,"href":"https:\/\/lospoliticosveracruz.com.mx\/index.php?rest_route=\/wp\/v2\/users\/2"}],"replies":[{"embeddable":true,"href":"https:\/\/lospoliticosveracruz.com.mx\/index.php?rest_route=%2Fwp%2Fv2%2Fcomments&post=156385"}],"version-history":[{"count":2,"href":"https:\/\/lospoliticosveracruz.com.mx\/index.php?rest_route=\/wp\/v2\/posts\/156385\/revisions"}],"predecessor-version":[{"id":156387,"href":"https:\/\/lospoliticosveracruz.com.mx\/index.php?rest_route=\/wp\/v2\/posts\/156385\/revisions\/156387"}],"wp:featuredmedia":[{"embeddable":true,"href":"https:\/\/lospoliticosveracruz.com.mx\/index.php?rest_route=\/wp\/v2\/media\/141413"}],"wp:attachment":[{"href":"https:\/\/lospoliticosveracruz.com.mx\/index.php?rest_route=%2Fwp%2Fv2%2Fmedia&parent=156385"}],"wp:term":[{"taxonomy":"category","embeddable":true,"href":"https:\/\/lospoliticosveracruz.com.mx\/index.php?rest_route=%2Fwp%2Fv2%2Fcategories&post=156385"},{"taxonomy":"post_tag","embeddable":true,"href":"https:\/\/lospoliticosveracruz.com.mx\/index.php?rest_route=%2Fwp%2Fv2%2Ftags&post=156385"}],"curies":[{"name":"wp","href":"https:\/\/api.w.org\/{rel}","templated":true}]}}