{"id":156388,"date":"2025-11-13T07:36:04","date_gmt":"2025-11-13T13:36:04","guid":{"rendered":"https:\/\/lospoliticosveracruz.com.mx\/?p=156388"},"modified":"2025-11-13T07:36:21","modified_gmt":"2025-11-13T13:36:21","slug":"mas-conocimiento-menos-dogmas","status":"publish","type":"post","link":"https:\/\/lospoliticosveracruz.com.mx\/?p=156388","title":{"rendered":"M\u00c1S CONOCIMIENTO, MENOS DOGMAS"},"content":{"rendered":"\n<p>S\u00edguenos ahora tambi\u00e9n en WhatsApp.\u00a0\u00a1<a href=\"https:\/\/whatsapp.com\/channel\/0029Va8zRWlEKyZIP3Z1dF0e\"><strong>Da clic aqu\u00ed<\/strong><\/a><strong>!<\/strong><\/p>\n\n\n\n<p><strong>Uriel Flores Aguayo<\/strong><\/p>\n\n\n\n<p><em>La opinion no pedida<\/em><\/p>\n\n\n\n<p>Para medio entender lo que pasa en M\u00e9xico, y entendernos en la sociedad, es importante basarnos en datos, hechos, di\u00e1logo, cr\u00edtica, verdades y apertura al conocimiento. Cualquier propuesta que vaya en sentido contrario es ociosa, in\u00fatil y desgastante. Es fundamental para apostar al desarrollo en general despegarse de los dogmas. Siempre ser\u00e1 sano y efectivo practicar el pensamiento libre, con la idea de ser mejores ciudadanos. <\/p>\n\n\n\n<figure class=\"wp-block-image size-full\"><a href=\" https:\/\/legisver.gob.mx\/Inicio.php?p=sliderInfoNP&amp;i=8785682\"><img loading=\"lazy\" decoding=\"async\" width=\"728\" height=\"90\" src=\"https:\/\/lospoliticosveracruz.com.mx\/wp-content\/uploads\/2025\/10\/Legis-Cintillo.png\" alt=\"\" class=\"wp-image-155724\" srcset=\"https:\/\/lospoliticosveracruz.com.mx\/wp-content\/uploads\/2025\/10\/Legis-Cintillo.png 728w, https:\/\/lospoliticosveracruz.com.mx\/wp-content\/uploads\/2025\/10\/Legis-Cintillo-300x37.png 300w\" sizes=\"auto, (max-width: 728px) 100vw, 728px\" \/><\/a><\/figure>\n\n\n\n<p>Las cuestiones de fe son normales en las religiones, llevarlo a la pol\u00edtica produce odio y masas amorfas. Hay que esclarecer en qu\u00e9 se cree y qu\u00e9 se apoya, en qu\u00e9 tipo de proyectos se participa y cu\u00e1les son sus significados. No es correcto ni trascendente que se asuma un rol de seguidismo a figuras artificiales y a la propaganda. Debe haber algo m\u00e1s de contenido para que valga la pena. Los dogmas deben superarse, pasar a los an\u00e1lisis serios y al sentido com\u00fan: en nuestro pa\u00eds las estructuras econ\u00f3micas y pol\u00edticas no se han modificado en lo fundamental, somos una econom\u00eda de mercado o capitalista, no sostenemos lucha de clases, no somos v\u00edctimas del \u201c imperialismo\u201d, nuestro comercio internacional se traduce al T-MEC y se realiza fundamentalmente con los EEUU, no deber\u00edamos apoyar dictaduras, hay que dejar atr\u00e1s la broma del perd\u00f3n Espa\u00f1ol, el pueblo( ciudadan\u00eda) es pueblo y eso no la hace sabio ni m\u00e1gico, por salud pol\u00edtica y mental debemos alejarnos del odio. Esa es la realidad, punto de partida para los propuestas de naci\u00f3n; no es con ocurrencias ni palabras domingueras como se dar\u00e1 sustancia a un planteamiento de gobierno.<br>En estos tiempos del internet, de ausencia de ideolog\u00edas, de mayor esperanza de vida y de la violencia criminal que ejerce un poder paralelo, hay que hacer esfuerzos intelectuales, de apertura e inclusi\u00f3n, de di\u00e1logo civilizado para salir adelante como un pa\u00eds fuerte y justo. Continuar la ruta de la f\u00e1cil polarizaci\u00f3n y hegemon\u00edas ficticias es el camino m\u00e1s seguro para el desastre y la intrascendencia. Para avanzar positivamente los pilares son la educaci\u00f3n, el conocimiento, la cultura y la paz.<br>Recadito: la obstrucci\u00f3n de las paradas del transporte urbano por taxis, es muestra de corrupci\u00f3n oficial.<\/p>\n","protected":false},"excerpt":{"rendered":"<p>Uriel Flores Aguayo La opinion no pedida Para medio entender lo que pasa en M\u00e9xico, y entendernos en la sociedad, es importante basarnos en datos, hechos, di\u00e1logo, cr\u00edtica, verdades y apertura al conocimiento. Cualquier propuesta que vaya en sentido contrario es ociosa, in\u00fatil y desgastante. Es fundamental para apostar al desarrollo en general despegarse de [&hellip;]<\/p>\n","protected":false},"author":2,"featured_media":156332,"comment_status":"closed","ping_status":"closed","sticky":false,"template":"","format":"standard","meta":{"_jetpack_newsletter_access":"","_jetpack_dont_email_post_to_subs":false,"_jetpack_newsletter_tier_id":0,"_jetpack_memberships_contains_paywalled_content":false,"_jetpack_memberships_contains_paid_content":false,"footnotes":""},"categories":[70],"tags":[],"class_list":["post-156388","post","type-post","status-publish","format-standard","has-post-thumbnail","hentry","category-de-opinion"],"jetpack_featured_media_url":"https:\/\/lospoliticosveracruz.com.mx\/wp-content\/uploads\/2025\/11\/Uriel-Flores.jpg","jetpack_sharing_enabled":true,"jetpack_shortlink":"https:\/\/wp.me\/p4Qcd3-EGo","_links":{"self":[{"href":"https:\/\/lospoliticosveracruz.com.mx\/index.php?rest_route=\/wp\/v2\/posts\/156388","targetHints":{"allow":["GET"]}}],"collection":[{"href":"https:\/\/lospoliticosveracruz.com.mx\/index.php?rest_route=\/wp\/v2\/posts"}],"about":[{"href":"https:\/\/lospoliticosveracruz.com.mx\/index.php?rest_route=\/wp\/v2\/types\/post"}],"author":[{"embeddable":true,"href":"https:\/\/lospoliticosveracruz.com.mx\/index.php?rest_route=\/wp\/v2\/users\/2"}],"replies":[{"embeddable":true,"href":"https:\/\/lospoliticosveracruz.com.mx\/index.php?rest_route=%2Fwp%2Fv2%2Fcomments&post=156388"}],"version-history":[{"count":2,"href":"https:\/\/lospoliticosveracruz.com.mx\/index.php?rest_route=\/wp\/v2\/posts\/156388\/revisions"}],"predecessor-version":[{"id":156390,"href":"https:\/\/lospoliticosveracruz.com.mx\/index.php?rest_route=\/wp\/v2\/posts\/156388\/revisions\/156390"}],"wp:featuredmedia":[{"embeddable":true,"href":"https:\/\/lospoliticosveracruz.com.mx\/index.php?rest_route=\/wp\/v2\/media\/156332"}],"wp:attachment":[{"href":"https:\/\/lospoliticosveracruz.com.mx\/index.php?rest_route=%2Fwp%2Fv2%2Fmedia&parent=156388"}],"wp:term":[{"taxonomy":"category","embeddable":true,"href":"https:\/\/lospoliticosveracruz.com.mx\/index.php?rest_route=%2Fwp%2Fv2%2Fcategories&post=156388"},{"taxonomy":"post_tag","embeddable":true,"href":"https:\/\/lospoliticosveracruz.com.mx\/index.php?rest_route=%2Fwp%2Fv2%2Ftags&post=156388"}],"curies":[{"name":"wp","href":"https:\/\/api.w.org\/{rel}","templated":true}]}}