{"id":156393,"date":"2025-11-13T10:03:57","date_gmt":"2025-11-13T16:03:57","guid":{"rendered":"https:\/\/lospoliticosveracruz.com.mx\/?p=156393"},"modified":"2025-11-13T10:04:29","modified_gmt":"2025-11-13T16:04:29","slug":"viridiana-de-ixhuatlan","status":"publish","type":"post","link":"https:\/\/lospoliticosveracruz.com.mx\/?p=156393","title":{"rendered":"VIRIDIANA DE IXHUATL\u00c1N"},"content":{"rendered":"\n<p><strong>Sergio Gonz\u00e1lez Levet<\/strong><\/p>\n\n\n\n<p><em>Sin tacto<\/em><\/p>\n\n\n\n<p>El pr\u00f3ximo 1\u00ba de enero de 2026 tomar\u00e1 posesi\u00f3n como Presidenta Municipal de Ixhuatl\u00e1n del Caf\u00e9 quien ya hab\u00eda sido una excepcional alcaldesa en el cuatrienio inmediatamente anterior al actual, es decir, de 2017 a 2021.<\/p>\n\n\n\n<figure class=\"wp-block-image size-full\"><a href=\" https:\/\/legisver.gob.mx\/Inicio.php?p=sliderInfoNP&amp;i=8785682\"><img loading=\"lazy\" decoding=\"async\" width=\"728\" height=\"90\" src=\"https:\/\/lospoliticosveracruz.com.mx\/wp-content\/uploads\/2025\/10\/Legis-Cintillo.png\" alt=\"\" class=\"wp-image-155724\" srcset=\"https:\/\/lospoliticosveracruz.com.mx\/wp-content\/uploads\/2025\/10\/Legis-Cintillo.png 728w, https:\/\/lospoliticosveracruz.com.mx\/wp-content\/uploads\/2025\/10\/Legis-Cintillo-300x37.png 300w\" sizes=\"auto, (max-width: 728px) 100vw, 728px\" \/><\/a><\/figure>\n\n\n\n<p>&nbsp;&nbsp; &nbsp;&nbsp;Es Viridiana Bret\u00f3n Feito, que de esta manera le vuelve a dar vida al proyecto que emprendi\u00f3 para revivificar a su pueblo y que hab\u00eda sido truncado de manera artificial cuando Cuitl\u00e1huac Garc\u00eda como Gobernador -particularmente a trav\u00e9s de su Secretario de Gobierno, el perdible Eric Cisneros el Bola Ocho- se interpuso para hacer perder la elecci\u00f3n municipal del 21 a la candidata del PAN, Anabel Dom\u00ednguez Mu\u00f1oz, quien estaba preparada para continuar la buena obra realizada en cuatro a\u00f1os intensos por Viridiana. En su af\u00e1n de no dejar ganar al PAN impusieron como ganadora, a fuerza de dinero p\u00fabico desviado y de presiones a los grupos econ\u00f3micos y a los ciudadanos, a Dora Ang\u00e9lica Galicia Contreras por la coalici\u00f3n oficial de Morena, el Verde y el PT.<\/p>\n\n\n\n<p>&nbsp;&nbsp; &nbsp;&nbsp;Como era de esperarse, la edil morenista ha hecho una p\u00e9sima administraci\u00f3n, de modo que Ixhuatl\u00e1n perdi\u00f3 cuatro valiosos a\u00f1os en que podr\u00eda haber continuado con los \u00edndices de crecimiento que se hab\u00edan logrado a partir del trabajo de su emprendedora alcaldesa Viridiana Bret\u00f3n Feito.<\/p>\n\n\n\n<p>&nbsp;&nbsp; &nbsp;&nbsp;Hay que recordar que Viri, como la conocen afectuosamente y con respeto en su tierra natal, ha mostrado adem\u00e1s una enorme entereza ante la adversidad. Como parte de la venganza bolaochista, del 23 de marzo al 7 de octubre de 2023 nuestra hero\u00edna estuvo recluida en el penal de La Toma, acusada injustamente y contra toda realidad de haber incitado en enero de 2022 a productores cafetaleros para que incendiaran una bodega de la empresa Agro Industrias Unidas SA de CV.<\/p>\n\n\n\n<p>&nbsp;&nbsp; &nbsp;&nbsp;Sali\u00f3 de la prisi\u00f3n cuando no le pudieron probar ninguno de los delitos que se le atribu\u00edan, y su valent\u00eda al arrostrar tan dif\u00edcil prueba hizo que el reconocimiento de sus vecinos creciera a\u00fan m\u00e1s y la proyectara como la indiscutible candidata ganadora.<\/p>\n\n\n\n<p>&nbsp;&nbsp; &nbsp;&nbsp;Hoy Viridiana ha vuelto a ser lo que siempre ha sido, una mujer empoderada, una funcionaria emprendedora y capaz, una persona cercana a su pueblo y a su gente, una Presidenta Municipal electa cuyos pr\u00f3ximos gobernados saben que cumplir\u00e1 con creces el plan de trabajo propuesto desde la campa\u00f1a, que fue ocasi\u00f3n para que arrasara en la elecci\u00f3n del primer d\u00eda y domingo de junio de este a\u00f1o, pues conquist\u00f3 el 41 por ciento de los votos emitidos.<\/p>\n\n\n\n<p>&nbsp;&nbsp; &nbsp;&nbsp;Los ixhuatlenses se aprestan a volver a tener una autoridad local que realmente trabajar\u00e1 por colocar a su pueblo en mejores condiciones econ\u00f3micas, que promover\u00e1 la vocaci\u00f3n natural del municipio que es el \u00fanico en el mundo que lleva al caf\u00e9 como nombre, y por regresar la honestidad y los buenos manejos del erario a la administraci\u00f3n del ayuntamiento.<\/p>\n\n\n\n<p>&nbsp;&nbsp; &nbsp;&nbsp;Mientras tanto, Viridiana no ha parado de trabajar, de elaborar planes, de plantear un mejor futuro para sus paisanos, lo que ya se lo est\u00e1n reconociendo.<\/p>\n\n\n\n<p>sglevet@gmail.com<\/p>\n","protected":false},"excerpt":{"rendered":"<p>Sergio Gonz\u00e1lez Levet Sin tacto El pr\u00f3ximo 1\u00ba de enero de 2026 tomar\u00e1 posesi\u00f3n como Presidenta Municipal de Ixhuatl\u00e1n del Caf\u00e9 quien ya hab\u00eda sido una excepcional alcaldesa en el cuatrienio inmediatamente anterior al actual, es decir, de 2017 a 2021. &nbsp;&nbsp; &nbsp;&nbsp;Es Viridiana Bret\u00f3n Feito, que de esta manera le vuelve a dar vida [&hellip;]<\/p>\n","protected":false},"author":2,"featured_media":141432,"comment_status":"closed","ping_status":"closed","sticky":false,"template":"","format":"standard","meta":{"_jetpack_newsletter_access":"","_jetpack_dont_email_post_to_subs":false,"_jetpack_newsletter_tier_id":0,"_jetpack_memberships_contains_paywalled_content":false,"_jetpack_memberships_contains_paid_content":false,"footnotes":""},"categories":[70],"tags":[],"class_list":["post-156393","post","type-post","status-publish","format-standard","has-post-thumbnail","hentry","category-de-opinion"],"jetpack_featured_media_url":"https:\/\/lospoliticosveracruz.com.mx\/wp-content\/uploads\/2025\/04\/Levet.jpg","jetpack_sharing_enabled":true,"jetpack_shortlink":"https:\/\/wp.me\/p4Qcd3-EGt","_links":{"self":[{"href":"https:\/\/lospoliticosveracruz.com.mx\/index.php?rest_route=\/wp\/v2\/posts\/156393","targetHints":{"allow":["GET"]}}],"collection":[{"href":"https:\/\/lospoliticosveracruz.com.mx\/index.php?rest_route=\/wp\/v2\/posts"}],"about":[{"href":"https:\/\/lospoliticosveracruz.com.mx\/index.php?rest_route=\/wp\/v2\/types\/post"}],"author":[{"embeddable":true,"href":"https:\/\/lospoliticosveracruz.com.mx\/index.php?rest_route=\/wp\/v2\/users\/2"}],"replies":[{"embeddable":true,"href":"https:\/\/lospoliticosveracruz.com.mx\/index.php?rest_route=%2Fwp%2Fv2%2Fcomments&post=156393"}],"version-history":[{"count":1,"href":"https:\/\/lospoliticosveracruz.com.mx\/index.php?rest_route=\/wp\/v2\/posts\/156393\/revisions"}],"predecessor-version":[{"id":156394,"href":"https:\/\/lospoliticosveracruz.com.mx\/index.php?rest_route=\/wp\/v2\/posts\/156393\/revisions\/156394"}],"wp:featuredmedia":[{"embeddable":true,"href":"https:\/\/lospoliticosveracruz.com.mx\/index.php?rest_route=\/wp\/v2\/media\/141432"}],"wp:attachment":[{"href":"https:\/\/lospoliticosveracruz.com.mx\/index.php?rest_route=%2Fwp%2Fv2%2Fmedia&parent=156393"}],"wp:term":[{"taxonomy":"category","embeddable":true,"href":"https:\/\/lospoliticosveracruz.com.mx\/index.php?rest_route=%2Fwp%2Fv2%2Fcategories&post=156393"},{"taxonomy":"post_tag","embeddable":true,"href":"https:\/\/lospoliticosveracruz.com.mx\/index.php?rest_route=%2Fwp%2Fv2%2Ftags&post=156393"}],"curies":[{"name":"wp","href":"https:\/\/api.w.org\/{rel}","templated":true}]}}