{"id":156480,"date":"2025-11-14T07:44:40","date_gmt":"2025-11-14T13:44:40","guid":{"rendered":"https:\/\/lospoliticosveracruz.com.mx\/?p=156480"},"modified":"2025-11-14T07:44:59","modified_gmt":"2025-11-14T13:44:59","slug":"la-modernizacion-del-transporte-publico","status":"publish","type":"post","link":"https:\/\/lospoliticosveracruz.com.mx\/?p=156480","title":{"rendered":"LA MODERNIZACI\u00d3N DEL TRANSPORTE P\u00daBLICO\u00a0"},"content":{"rendered":"\n<p><strong>Yamiri Rodr\u00edguez Madrid<\/strong><\/p>\n\n\n\n<p><em>La vuelta a Veracruz en un teclazo<\/em><\/p>\n\n\n\n<p>Hace unos d\u00edas, la gobernadora Roc\u00edo Nahle Garc\u00eda comparti\u00f3 en sus redes sociales un video en el que muestra c\u00f3mo est\u00e1n operando los reci\u00e9n adquiridos camiones Ul\u00faa en el Puerto de Veracruz e inform\u00f3 que se siguen capacitando choferes para integrar m\u00e1s unidades a la circulaci\u00f3n.<\/p>\n\n\n\n<p><\/p>\n\n\n\n<p>El pasado 31 de octubre se inform\u00f3 que en esta primera etapa se pusieron en circulaci\u00f3n 102 unidades h\u00edbridas y Euro 6; para la zona conurbada en rutas como Vargas, Boca del R\u00edo\u2013Penacho, Lagos 121\u2013Plaza Am\u00e9ricas, Lagos 121\u2013Centro, Lomas 4, Carranza, Robles, Costera\u2013Bulevar, Dorado\u2013Am\u00e9ricas y Dorado.<\/p>\n\n\n\n<p>En la segunda etapa funcionar\u00e1n para Coatzacoalcos y Xalapa, donde ya empez\u00f3 la fase piloto que terminar\u00e1 el 11 de diciembre; en el sur operar\u00e1 bajo el nombre Quetzalli, mientras que en la capital del estado se adaptar\u00e1n unidades espec\u00edficas para su topograf\u00eda y demanda. Tambi\u00e9n comenzar\u00e1 a funcionar el sistema de pago electr\u00f3nico mediante tarjetas, como ya opera en otros estados.<\/p>\n\n\n\n<p>Claro, para modernizar el transporte p\u00fablico se necesitan recursos millonarios para renovar todo el parque, pero tambi\u00e9n un cambio de chip en los usuarios; desde convencerlos en pagar con una tarjeta de prepago y no con la morralla, hasta cuidar las nuevas unidades, dado el nivel de equipamiento que traen. En otros estados, como Quer\u00e9taro, donde ya operan con el prepago, fue necesario meter socializadores que les explicaran a los usuarios d\u00f3nde y c\u00f3mo recargar las tarjetas, sus ventajas y hasta las rutas, un trabajo que dur\u00f3 meses.<\/p>\n\n\n\n<p>Por supuesto se necesita tambi\u00e9n, como se est\u00e1 haciendo, mayor capacitaci\u00f3n a los operadores, pues de nada servir\u00e1 tener unidades tan modernas, si van a ir echando carreras entre ellos o si van a tener un mal trato con los usuarios, como pasa con muchos choferes en el Puerto y en Coatzacoalcos.<\/p>\n\n\n\n<p>Es decir, la modernizaci\u00f3n del transporte p\u00fablico es un proceso complejo que no termina con la compra de nuevas unidades; es gradual e implica a todos, pero era urgente entrarle a este toro por los cuernos -o al pulpo por los tent\u00e1culos-, pues era una asignatura pendiente, m\u00e1s en una zona como el Puerto, donde el transporte es tambi\u00e9n una cara para el turismo.<\/p>\n\n\n\n<p>@YamiriRodriguez<\/p>\n","protected":false},"excerpt":{"rendered":"<p>Yamiri Rodr\u00edguez Madrid La vuelta a Veracruz en un teclazo Hace unos d\u00edas, la gobernadora Roc\u00edo Nahle Garc\u00eda comparti\u00f3 en sus redes sociales un video en el que muestra c\u00f3mo est\u00e1n operando los reci\u00e9n adquiridos camiones Ul\u00faa en el Puerto de Veracruz e inform\u00f3 que se siguen capacitando choferes para integrar m\u00e1s unidades a la [&hellip;]<\/p>\n","protected":false},"author":2,"featured_media":141413,"comment_status":"closed","ping_status":"closed","sticky":false,"template":"","format":"standard","meta":{"_jetpack_newsletter_access":"","_jetpack_dont_email_post_to_subs":false,"_jetpack_newsletter_tier_id":0,"_jetpack_memberships_contains_paywalled_content":false,"_jetpack_memberships_contains_paid_content":false,"footnotes":""},"categories":[70],"tags":[42407],"class_list":["post-156480","post","type-post","status-publish","format-standard","has-post-thumbnail","hentry","category-de-opinion","tag-yamiri-rodriguez-madrid"],"jetpack_featured_media_url":"https:\/\/lospoliticosveracruz.com.mx\/wp-content\/uploads\/2025\/04\/Yamiri-Rodriguez-Madrid.jpg","jetpack_sharing_enabled":true,"jetpack_shortlink":"https:\/\/wp.me\/p4Qcd3-EHS","_links":{"self":[{"href":"https:\/\/lospoliticosveracruz.com.mx\/index.php?rest_route=\/wp\/v2\/posts\/156480","targetHints":{"allow":["GET"]}}],"collection":[{"href":"https:\/\/lospoliticosveracruz.com.mx\/index.php?rest_route=\/wp\/v2\/posts"}],"about":[{"href":"https:\/\/lospoliticosveracruz.com.mx\/index.php?rest_route=\/wp\/v2\/types\/post"}],"author":[{"embeddable":true,"href":"https:\/\/lospoliticosveracruz.com.mx\/index.php?rest_route=\/wp\/v2\/users\/2"}],"replies":[{"embeddable":true,"href":"https:\/\/lospoliticosveracruz.com.mx\/index.php?rest_route=%2Fwp%2Fv2%2Fcomments&post=156480"}],"version-history":[{"count":1,"href":"https:\/\/lospoliticosveracruz.com.mx\/index.php?rest_route=\/wp\/v2\/posts\/156480\/revisions"}],"predecessor-version":[{"id":156481,"href":"https:\/\/lospoliticosveracruz.com.mx\/index.php?rest_route=\/wp\/v2\/posts\/156480\/revisions\/156481"}],"wp:featuredmedia":[{"embeddable":true,"href":"https:\/\/lospoliticosveracruz.com.mx\/index.php?rest_route=\/wp\/v2\/media\/141413"}],"wp:attachment":[{"href":"https:\/\/lospoliticosveracruz.com.mx\/index.php?rest_route=%2Fwp%2Fv2%2Fmedia&parent=156480"}],"wp:term":[{"taxonomy":"category","embeddable":true,"href":"https:\/\/lospoliticosveracruz.com.mx\/index.php?rest_route=%2Fwp%2Fv2%2Fcategories&post=156480"},{"taxonomy":"post_tag","embeddable":true,"href":"https:\/\/lospoliticosveracruz.com.mx\/index.php?rest_route=%2Fwp%2Fv2%2Ftags&post=156480"}],"curies":[{"name":"wp","href":"https:\/\/api.w.org\/{rel}","templated":true}]}}