{"id":156488,"date":"2025-11-14T08:19:02","date_gmt":"2025-11-14T14:19:02","guid":{"rendered":"https:\/\/lospoliticosveracruz.com.mx\/?p=156488"},"modified":"2025-11-14T08:19:29","modified_gmt":"2025-11-14T14:19:29","slug":"jucopo-pone-el-dedo-en-la-llaga","status":"publish","type":"post","link":"https:\/\/lospoliticosveracruz.com.mx\/?p=156488","title":{"rendered":"JUCOPO PONE EL DEDO EN LA LLAGA"},"content":{"rendered":"\n<p>S\u00edguenos ahora tambi\u00e9n en WhatsApp.\u00a0\u00a1<a href=\"https:\/\/whatsapp.com\/channel\/0029Va8zRWlEKyZIP3Z1dF0e\"><strong>Da clic aqu\u00ed<\/strong><\/a><strong>!<\/strong><\/p>\n\n\n\n<ul class=\"wp-block-list\"><\/ul>\n\n\n\n<p><strong>Miguel Valera<br><\/strong><em>Contrase\u00f1as<\/em><br><\/p>\n\n\n\n<p>Tiene raz\u00f3n el <strong>profesor Esteban Bautista Hern\u00e1ndez<\/strong>, <strong>presidente de la Junta de Coordinaci\u00f3n Pol\u00edtica del Congreso del Estado<\/strong>, al se\u00f1alar que los ciudadanos cuestionen que con bombo y platillo se presentan denuncias contra <strong>presidentes y presidentas municipales<\/strong> o <strong>funcionarios estatales<\/strong> \u201cy bajo la mesa se llegan a acuerdos\u201d y sanseacab\u00f3, ah\u00ed no pas\u00f3 nada y ya como ex servidores p\u00fablicos a disfrutar la buena vida. El <strong>da\u00f1o patrimonial de la Cuenta P\u00fablica 2024<\/strong> fue de <strong>2 mil 372 millones 867 mil 596.56 pesos<\/strong>.<\/p>\n\n\n\n<figure class=\"wp-block-image size-full\"><a href=\" https:\/\/legisver.gob.mx\/Inicio.php?p=sliderInfoNP&amp;i=8785682\"><img loading=\"lazy\" decoding=\"async\" width=\"728\" height=\"90\" src=\"https:\/\/lospoliticosveracruz.com.mx\/wp-content\/uploads\/2025\/10\/Legis-Cintillo.png\" alt=\"\" class=\"wp-image-155724\" srcset=\"https:\/\/lospoliticosveracruz.com.mx\/wp-content\/uploads\/2025\/10\/Legis-Cintillo.png 728w, https:\/\/lospoliticosveracruz.com.mx\/wp-content\/uploads\/2025\/10\/Legis-Cintillo-300x37.png 300w\" sizes=\"auto, (max-width: 728px) 100vw, 728px\" \/><\/a><\/figure>\n\n\n\n<p>La pregunta se la lanz\u00f3, como buen reportero y entrevistador que ha sido siempre, el compa\u00f1ero <strong>Walter Ram\u00edrez<\/strong>. \u201cHay evidencia, porque as\u00ed lo ha dicho el <strong>\u00d3rgano de Fiscalizaci\u00f3n Superior del Estado de Veracruz (ORFIS)<\/strong>, de irregularidades, por da\u00f1o patrimonial, pero no hemos visto, como otros a\u00f1os, legislaturas que se vayan en contra de los responsables\u201d, expuso.<\/p>\n\n\n\n<p>A\u00f1adi\u00f3: \u201cUstedes no son el <strong>Poder Judicial<\/strong>, pero \u00bfhar\u00edan un exhorto para que ahora s\u00ed se aplique la ley y se castigue a los responsables? Finalmente vemos que cada a\u00f1o se reporta lo mismo y no se castiga, aunque el <strong>ORFIS<\/strong> ha se\u00f1alado que manda los expedientes a la <strong>Fiscal\u00eda<\/strong>. \u00bfSer\u00eda ah\u00ed donde se sigue deteniendo?\u201d, indic\u00f3 el comunicador.<\/p>\n\n\n\n<p>El hombre nacido el \u201cD\u00eda de los Inocentes\u201d, que fue <strong>profesor de escuela rural<\/strong>, <strong>presidente municipal<\/strong> en dos ocasiones de <strong>Tatahuicapan<\/strong>, <strong>L\u00edder del Consejo de Gobierno Ind\u00edgena y Popular del Sur de Veracruz<\/strong> e integrante del <strong>EZLN<\/strong>, le contest\u00f3 con franqueza, de manera directa, el periplo que \u00e9l mismo ha iniciado para exigir justicia en este tema del da\u00f1o patrimonial.<\/p>\n\n\n\n<p>\u201cComparto totalmente su inquietud y su punto de vista. Yo mismo me he cuestionado en a\u00f1os anteriores sobre esta situaci\u00f3n\u201d, expuso y coment\u00f3 que cuando lleg\u00f3 a la <strong>JUCOPO<\/strong>, un columnista \u2014se ve que s\u00ed lee y toma en cuenta las opiniones\u2014 se refer\u00eda a sus \u201cbuenas intenciones\u201d que s\u00f3lo quedar\u00edan en eso, porque nadie ir\u00eda a parar a la c\u00e1rcel.<\/p>\n\n\n\n<p>Se ve que el comentario le pic\u00f3 la cresta, porque \u2014a\u00f1ade el profesor\u2014 \u201csaqu\u00e9 una audiencia, platiqu\u00e9 con la <strong>maestra Delia Gonz\u00e1lez Cobos<\/strong>, titular del <strong>\u00d3rgano de Fiscalizaci\u00f3n<\/strong>, dici\u00e9ndole que esto estaba muy trillado, porque concluye un periodo de gobierno, se dan a conocer miles de millones de pesos de da\u00f1o patrimonial; inclusive espec\u00edficamente se se\u00f1alan a alcaldes que hacen eso y por qu\u00e9 no se hace nada. Me dijo: sabe qu\u00e9, yo no soy polic\u00eda. Yo hago mi trabajo y de aqu\u00ed lo turno a la <strong>Fiscal\u00eda<\/strong>\u201d.<\/p>\n\n\n\n<p>Ante esa respuesta franca, contundente, de la titular del <strong>ORFIS<\/strong>, el diputado <strong>Esteban Bautista Hern\u00e1ndez<\/strong> busc\u00f3 a la <strong>Fiscal Ver\u00f3nica Hern\u00e1ndez Giad\u00e1ns<\/strong>. \u201cMe recibi\u00f3 la Fiscal, le coment\u00e9 mi inquietud, el tema que llevaba y que ya hab\u00eda platicado con la maestra <strong>Delia Gonz\u00e1lez Cobos<\/strong>, no porque sea una obsesi\u00f3n de meter al bote a alguien, pero la sociedad cuestiona el papel de ustedes, el papel de la otra parte\u201d.<\/p>\n\n\n\n<p>\u201cMe dijo: qu\u00e9 bueno que pregunta, aqu\u00ed hay un organismo desconcentrado que es la <strong>Fiscal\u00eda Anticorrupci\u00f3n<\/strong>. Ella es la que lleva las carpetas. Ah, bueno, correcto. Entonces me sent\u00e9 con <strong>Fany \u2014Stephany Rosas M\u00e9ndez\u2014<\/strong>, la <strong>Fiscal Anticorrupci\u00f3n de Veracruz<\/strong>, a quien por cierto aqu\u00ed le dimos el nombramiento. Por mayor\u00eda, todos los diputados decidimos que ella fuera <strong>Fiscal Anticorrupci\u00f3n<\/strong>, y yo le dije: Fany, tienes que dignificar esta parte tan importante, porque, as\u00ed como usted se cuestiona, nos cuestionamos muchos de que se dan a conocer y bajo la mesa llegan a acuerdos, y aquel que cometi\u00f3 actos de corrupci\u00f3n anda libre; hizo da\u00f1o patrimonial sin que nadie lo toque\u201d, asever\u00f3 el profesor.<\/p>\n\n\n\n<p>\u201cEntonces de esta parte yo estoy muy al pendiente, no porque traiga una obsesi\u00f3n de ver tras las rejas a alguien\u201d, respondi\u00f3 a <strong>Walter Ram\u00edrez<\/strong>.<\/p>\n\n\n\n<p>Adem\u00e1s, dio otro dato interesante. Dijo que cuando fue <strong>diputado federal<\/strong> (del 29 de agosto de 2021 al 31 de agosto de 2024, en la <strong>LXV Legislatura<\/strong>), \u201chubo empresas que simularon concursos desde la <strong>SIOP (Secretar\u00eda de Infraestructura y Obras P\u00fablicas)<\/strong>. Yo tengo datos \u2014enfatiza en la declaraci\u00f3n\u2014, ganaron concursos y nunca se presentaron en sitio a ejecutar los trabajos\u201d.<\/p>\n\n\n\n<p>\u201cLas autoridades de la parte baja de <strong>Pajapan<\/strong>, de <strong>El Pescador<\/strong> y <strong>Benito Ju\u00e1rez<\/strong> tienen denunciada a una empresa de <strong>Xalapa<\/strong> porque hizo obras de muy mala calidad, y este tema lo he tocado con <strong>SIOP<\/strong>, con otras \u00e1reas de gobierno, de que no vamos a quitar el dedo del rengl\u00f3n, y el hecho de que seamos gobiernos de la <strong>Cuarta Transformaci\u00f3n<\/strong> no vamos a ser c\u00f3mplices de nadie. Y lo digo concretamente\u201d, asent\u00f3.<\/p>\n\n\n\n<p>Revel\u00f3 que ha insistido en la <strong>Fiscal\u00eda Anticorrupci\u00f3n<\/strong> y que con recursos propios est\u00e1 \u201ccosteando los abogados que est\u00e1n dando seguimiento al tema\u201d. Dio a conocer que la <strong>Carpeta<\/strong> est\u00e1 por concluirse y que si la empresa no devuelve el dinero habr\u00e1 consecuencias. El diputado <strong>Esteban Bautista Hern\u00e1ndez<\/strong> no se andar\u00e1 por las ramas y buscar\u00e1 que quien haya cometido da\u00f1o patrimonial a los veracruzanos devuelva lo robado o pague con c\u00e1rcel. Tan tan.<\/p>\n\n\n\n<p><strong>@MValeraH<\/strong><\/p>\n","protected":false},"excerpt":{"rendered":"<p>Miguel ValeraContrase\u00f1as Tiene raz\u00f3n el profesor Esteban Bautista Hern\u00e1ndez, presidente de la Junta de Coordinaci\u00f3n Pol\u00edtica del Congreso del Estado, al se\u00f1alar que los ciudadanos cuestionen que con bombo y platillo se presentan denuncias contra presidentes y presidentas municipales o funcionarios estatales \u201cy bajo la mesa se llegan a acuerdos\u201d y sanseacab\u00f3, ah\u00ed no pas\u00f3 [&hellip;]<\/p>\n","protected":false},"author":2,"featured_media":141429,"comment_status":"closed","ping_status":"closed","sticky":false,"template":"","format":"standard","meta":{"_jetpack_newsletter_access":"","_jetpack_dont_email_post_to_subs":false,"_jetpack_newsletter_tier_id":0,"_jetpack_memberships_contains_paywalled_content":false,"_jetpack_memberships_contains_paid_content":false,"footnotes":""},"categories":[70],"tags":[47232,15181,18437,5576,35813,15165],"class_list":["post-156488","post","type-post","status-publish","format-standard","has-post-thumbnail","hentry","category-de-opinion","tag-dano-patrimonial-2024","tag-delia-gonzalez-cobos","tag-esteban-bautista-hernandez","tag-fiscalia-anticorrupcion","tag-orfis-veracruz","tag-veronica-hernandez-giadans"],"jetpack_featured_media_url":"https:\/\/lospoliticosveracruz.com.mx\/wp-content\/uploads\/2025\/04\/Miguel-Valera.jpg","jetpack_sharing_enabled":true,"jetpack_shortlink":"https:\/\/wp.me\/p4Qcd3-EI0","_links":{"self":[{"href":"https:\/\/lospoliticosveracruz.com.mx\/index.php?rest_route=\/wp\/v2\/posts\/156488","targetHints":{"allow":["GET"]}}],"collection":[{"href":"https:\/\/lospoliticosveracruz.com.mx\/index.php?rest_route=\/wp\/v2\/posts"}],"about":[{"href":"https:\/\/lospoliticosveracruz.com.mx\/index.php?rest_route=\/wp\/v2\/types\/post"}],"author":[{"embeddable":true,"href":"https:\/\/lospoliticosveracruz.com.mx\/index.php?rest_route=\/wp\/v2\/users\/2"}],"replies":[{"embeddable":true,"href":"https:\/\/lospoliticosveracruz.com.mx\/index.php?rest_route=%2Fwp%2Fv2%2Fcomments&post=156488"}],"version-history":[{"count":2,"href":"https:\/\/lospoliticosveracruz.com.mx\/index.php?rest_route=\/wp\/v2\/posts\/156488\/revisions"}],"predecessor-version":[{"id":156490,"href":"https:\/\/lospoliticosveracruz.com.mx\/index.php?rest_route=\/wp\/v2\/posts\/156488\/revisions\/156490"}],"wp:featuredmedia":[{"embeddable":true,"href":"https:\/\/lospoliticosveracruz.com.mx\/index.php?rest_route=\/wp\/v2\/media\/141429"}],"wp:attachment":[{"href":"https:\/\/lospoliticosveracruz.com.mx\/index.php?rest_route=%2Fwp%2Fv2%2Fmedia&parent=156488"}],"wp:term":[{"taxonomy":"category","embeddable":true,"href":"https:\/\/lospoliticosveracruz.com.mx\/index.php?rest_route=%2Fwp%2Fv2%2Fcategories&post=156488"},{"taxonomy":"post_tag","embeddable":true,"href":"https:\/\/lospoliticosveracruz.com.mx\/index.php?rest_route=%2Fwp%2Fv2%2Ftags&post=156488"}],"curies":[{"name":"wp","href":"https:\/\/api.w.org\/{rel}","templated":true}]}}