{"id":156492,"date":"2025-11-14T08:43:08","date_gmt":"2025-11-14T14:43:08","guid":{"rendered":"https:\/\/lospoliticosveracruz.com.mx\/?p=156492"},"modified":"2025-11-14T08:43:24","modified_gmt":"2025-11-14T14:43:24","slug":"el-libro-que-duarte-publicara","status":"publish","type":"post","link":"https:\/\/lospoliticosveracruz.com.mx\/?p=156492","title":{"rendered":"EL LIBRO QUE DUARTE PUBLICAR\u00c1"},"content":{"rendered":"\n<p><strong>Alejandro Aguirre Guerrero&nbsp;<\/strong><\/p>\n\n\n\n<p><em>Al respecto\u2026<\/em><\/p>\n\n\n\n<p>Posterior a su salida del Reclusorio Norte, Javier Duarte publicar\u00e1 un libro que escribi\u00f3 en su celda y donde compartir\u00e1 su versi\u00f3n, con lujo de detalles, pruebas y dem\u00e1s, de aquello que a la postre acab\u00f3 llev\u00e1ndolo a ocultarse, y despu\u00e9s, a prisi\u00f3n.<\/p>\n\n\n\n<figure class=\"wp-block-image size-full\"><a href=\" https:\/\/legisver.gob.mx\/Inicio.php?p=sliderInfoNP&amp;i=8785682\"><img loading=\"lazy\" decoding=\"async\" width=\"728\" height=\"90\" src=\"https:\/\/lospoliticosveracruz.com.mx\/wp-content\/uploads\/2025\/10\/Legis-Cintillo.png\" alt=\"\" class=\"wp-image-155724\" srcset=\"https:\/\/lospoliticosveracruz.com.mx\/wp-content\/uploads\/2025\/10\/Legis-Cintillo.png 728w, https:\/\/lospoliticosveracruz.com.mx\/wp-content\/uploads\/2025\/10\/Legis-Cintillo-300x37.png 300w\" sizes=\"auto, (max-width: 728px) 100vw, 728px\" \/><\/a><\/figure>\n\n\n\n<p>La editora muy probablemente sea Porr\u00faa, y pretender\u00eda vender ejemplares de manera considerable, tomando en cuenta que contendr\u00e1 datos no revelados hasta el momento (en ninguna entrevista que haya concedido antes), sobre conocidos personajes.&nbsp;<\/p>\n\n\n\n<p>En este libro, Duarte compartir\u00eda tambi\u00e9n parte de su tiempo en prisi\u00f3n, su transitar en Centroam\u00e9rica (cuando se mantuvo pr\u00f3fugo de la justicia), y detalles de su relaci\u00f3n con Miguel \u00c1ngel Osorio Chong, Luis Videgaray y Enrique Pe\u00f1a Nieto.&nbsp;<\/p>\n\n\n\n<p>El exgobernador relatar\u00e1 algunos pasajes sobre los que se ha especulado, dicho de todo, y hasta manejado con mofa o de manera sarc\u00e1stica. Ser\u00e1 la versi\u00f3n de Duarte con las salvedades y asteriscos que eso conlleve.<\/p>\n\n\n\n<p>M\u00e1s all\u00e1 de filias o fobias, Duarte siempre tuvo la capacidad de generar pol\u00e9mica con sus declaraciones, en sus etapas como gobernador, pr\u00f3fugo de la justicia o recluso. \u00bfSer\u00e1 que su libro alcance niveles decorosos de venta?&nbsp;<\/p>\n\n\n\n<p>\u00bfSer\u00e1 que adem\u00e1s de Osorio, Videgaray y Pe\u00f1a hable tambi\u00e9n de sus excolaboradores?, \u00bfse referir\u00e1 a Vicente Benitez, Tarek Abdal\u00e1 y otros m\u00e1s como lo hizo en alguna entrevista conmigo? Para ello, tendr\u00e1 que romper la \u201cpaciencia, prudencia y verbal continencia\u201d que una vez pregon\u00f3\u2026 y supongo lo har\u00e1.&nbsp;<\/p>\n\n\n\n<p>Veremos qu\u00e9 ocurre, y si de verdad ocurre.&nbsp;<\/p>\n\n\n\n<p>X: @aaguirre_g<\/p>\n","protected":false},"excerpt":{"rendered":"<p>Alejandro Aguirre Guerrero&nbsp; Al respecto\u2026 Posterior a su salida del Reclusorio Norte, Javier Duarte publicar\u00e1 un libro que escribi\u00f3 en su celda y donde compartir\u00e1 su versi\u00f3n, con lujo de detalles, pruebas y dem\u00e1s, de aquello que a la postre acab\u00f3 llev\u00e1ndolo a ocultarse, y despu\u00e9s, a prisi\u00f3n. La editora muy probablemente sea Porr\u00faa, y [&hellip;]<\/p>\n","protected":false},"author":2,"featured_media":141373,"comment_status":"closed","ping_status":"closed","sticky":false,"template":"","format":"standard","meta":{"_jetpack_newsletter_access":"","_jetpack_dont_email_post_to_subs":false,"_jetpack_newsletter_tier_id":0,"_jetpack_memberships_contains_paywalled_content":false,"_jetpack_memberships_contains_paid_content":false,"footnotes":""},"categories":[70],"tags":[],"class_list":["post-156492","post","type-post","status-publish","format-standard","has-post-thumbnail","hentry","category-de-opinion"],"jetpack_featured_media_url":"https:\/\/lospoliticosveracruz.com.mx\/wp-content\/uploads\/2025\/04\/Alejandro-Aguirre-Guerrero.jpg","jetpack_sharing_enabled":true,"jetpack_shortlink":"https:\/\/wp.me\/p4Qcd3-EI4","_links":{"self":[{"href":"https:\/\/lospoliticosveracruz.com.mx\/index.php?rest_route=\/wp\/v2\/posts\/156492","targetHints":{"allow":["GET"]}}],"collection":[{"href":"https:\/\/lospoliticosveracruz.com.mx\/index.php?rest_route=\/wp\/v2\/posts"}],"about":[{"href":"https:\/\/lospoliticosveracruz.com.mx\/index.php?rest_route=\/wp\/v2\/types\/post"}],"author":[{"embeddable":true,"href":"https:\/\/lospoliticosveracruz.com.mx\/index.php?rest_route=\/wp\/v2\/users\/2"}],"replies":[{"embeddable":true,"href":"https:\/\/lospoliticosveracruz.com.mx\/index.php?rest_route=%2Fwp%2Fv2%2Fcomments&post=156492"}],"version-history":[{"count":1,"href":"https:\/\/lospoliticosveracruz.com.mx\/index.php?rest_route=\/wp\/v2\/posts\/156492\/revisions"}],"predecessor-version":[{"id":156493,"href":"https:\/\/lospoliticosveracruz.com.mx\/index.php?rest_route=\/wp\/v2\/posts\/156492\/revisions\/156493"}],"wp:featuredmedia":[{"embeddable":true,"href":"https:\/\/lospoliticosveracruz.com.mx\/index.php?rest_route=\/wp\/v2\/media\/141373"}],"wp:attachment":[{"href":"https:\/\/lospoliticosveracruz.com.mx\/index.php?rest_route=%2Fwp%2Fv2%2Fmedia&parent=156492"}],"wp:term":[{"taxonomy":"category","embeddable":true,"href":"https:\/\/lospoliticosveracruz.com.mx\/index.php?rest_route=%2Fwp%2Fv2%2Fcategories&post=156492"},{"taxonomy":"post_tag","embeddable":true,"href":"https:\/\/lospoliticosveracruz.com.mx\/index.php?rest_route=%2Fwp%2Fv2%2Ftags&post=156492"}],"curies":[{"name":"wp","href":"https:\/\/api.w.org\/{rel}","templated":true}]}}