{"id":156512,"date":"2025-11-14T12:33:13","date_gmt":"2025-11-14T18:33:13","guid":{"rendered":"https:\/\/lospoliticosveracruz.com.mx\/?p=156512"},"modified":"2025-11-14T12:33:38","modified_gmt":"2025-11-14T18:33:38","slug":"veracruz-dejame-escucharte","status":"publish","type":"post","link":"https:\/\/lospoliticosveracruz.com.mx\/?p=156512","title":{"rendered":"VERACRUZ DEJAME ESCUCHARTE"},"content":{"rendered":"\n<p>S\u00edguenos ahora tambi\u00e9n en WhatsApp.\u00a0\u00a1<a href=\"https:\/\/whatsapp.com\/channel\/0029Va8zRWlEKyZIP3Z1dF0e\"><strong>Da clic aqu\u00ed<\/strong><\/a><strong>!<\/strong><\/p>\n\n\n\n<p><strong>Vicente Luna Hern\u00e1ndez<\/strong><\/p>\n\n\n\n<p>Animar a la sociedad en general a organizarse y ser m\u00e1s activa en los temas de inter\u00e9s p\u00fablico es una tarea pendiente de cara al proceso electoral 2027, m\u00e1s all\u00e1 de simpat\u00edas partidistas el tema de fondo es la inconformidad social ante los fantasmas que se pasean por el Estado y por el pa\u00eds, &#8211; la corrupci\u00f3n, el desempleo, la inseguridad y los v\u00ednculos de varios integrantes del poder pol\u00edtico con el crimen organizado- debe ser escuchada, atendida y no desacreditada y minimizada por el poder.<\/p>\n\n\n\n<figure class=\"wp-block-image size-full\"><a href=\" https:\/\/legisver.gob.mx\/Inicio.php?p=sliderInfoNP&amp;i=8785682\"><img loading=\"lazy\" decoding=\"async\" width=\"728\" height=\"90\" src=\"https:\/\/lospoliticosveracruz.com.mx\/wp-content\/uploads\/2025\/10\/Legis-Cintillo.png\" alt=\"\" class=\"wp-image-155724\" srcset=\"https:\/\/lospoliticosveracruz.com.mx\/wp-content\/uploads\/2025\/10\/Legis-Cintillo.png 728w, https:\/\/lospoliticosveracruz.com.mx\/wp-content\/uploads\/2025\/10\/Legis-Cintillo-300x37.png 300w\" sizes=\"auto, (max-width: 728px) 100vw, 728px\" \/><\/a><\/figure>\n\n\n\n<p><\/p>\n\n\n\n<p><br>Veracruz es mucho m\u00e1s que un mal gobierno, ante los o\u00eddos sordos de todo gobierno es la organizaci\u00f3n social una de las fortalezas de toda sociedad que exige m\u00e1s y mejores gobiernos en sus 3 niveles, no se trata de debilitar al gobierno en turno, se trata de exhibir sus deficiencias y recordarle &#8211; ante la soberbia sufren amnesia &#8211; que una cosa son los discursos triunfalistas desde la comodidad de Palacio Nacional y otra la realidad social en las calles de M\u00e9xico, es cierto, la generaci\u00f3n Z tiene otros datos.<br>En Veracruz la oposici\u00f3n partidista se encuentra anestesiada, la realidad es que las 3 opciones que existen, &#8211; PRI, PAN y MC \u2013 son activos la mayor\u00eda de las veces solo en los procesos electorales, despu\u00e9s de ello, caen en la par\u00e1lisis que le conviene a todo gobierno, es por ello que organizaciones sociales y l\u00edderes de opini\u00f3n toman y deben tomar un papel m\u00e1s protag\u00f3nico para encauzar y canalizar de manera Institucional una inconformidad que se respira m\u00e1s all\u00e1 de los aires triunfalistas de cada ma\u00f1ana.<br>\u00bfAcaso no hay en cada municipio un l\u00edder social o una organizaci\u00f3n ciudadana que debe ser escuchada? \u00bfAcaso deben ser los mismos de siempre que alcen la voz y muchas de las veces, solo ven por sus intereses personales solamente?<br>Considero que hay varias acciones pro llevar a cabo, algunas son:<br>1- Integrar una estructura Territorial para participar de manera organizada en los temas de inter\u00e9s p\u00fablico.<br>2- Convocar a todos los sectores sociales a ser protagonistas de cara a un proceso electoral donde se renovar\u00e1 el Congreso del Estado y la C\u00e1mara de Diputados.<br>3- Dignificar en el discurso y en la acci\u00f3n el significado de la pol\u00edtica como una acci\u00f3n noble para facilitar el desarrollo de toda sociedad.<br>4- Poner sobre la mesa los temas de inter\u00e9s p\u00fablico sin tantos rollos y con propuestas viables.<br>5- Se\u00f1alar y exhibir las deficiencias y actos de corrupci\u00f3n de toda dependencia de gobierno.<br>6- Proporcionar informaci\u00f3n ver\u00eddica de la verdadera situaci\u00f3n del Estado con respeto y con datos confiables.<br>7- Respetar toda expresi\u00f3n ciudadana que manifieste su punto de vista m\u00e1s all\u00e1 de estar de acuerdo.<br>8- Escuchar y compartir el sentir de los diversos sectores de nuestra sociedad.<br>9- Sumar de manera organizada a ex representantes sociales que tengan algo positivo que aportar en beneficio del fortalecimiento de toda organizaci\u00f3n social, ejemplo: ex comisariados ejidales, ex agentes y sub agentes municipales, ex integrantes de cabildo, etc.<br>10- Mantener constante comunicaci\u00f3n con todos los grupos organizados para intercambiar informaci\u00f3n para mantener de manera activa la organizaci\u00f3n.<br>Es una realidad que solo la organizaci\u00f3n social desde abajo es la mayor fortaleza de toda participaci\u00f3n ciudadana, hagamos del deseo de un mejor Veracruz nuestro mejor est\u00edmulo para asumir responsabilidades y contribuir con propuestas, ideas, creatividad y entusiasmo colectivo, la participaci\u00f3n organizada ser\u00e1 nuestra mejor carta de presentaci\u00f3n de cara a un proceso electoral que debe ser punta de lanza para impulsar a cuadros pol\u00edticos con capacidad acad\u00e9mica, compromiso social y convicci\u00f3n de que las cosas se pueden hacer de mejor manera en beneficio de todos.<br>No se vale decir: \u201c no me gusta la pol\u00edtica\u201d cuando a todos nos gusta sumar esfuerzos para mejorar como sociedad en general.<br>La fiesta ya empez\u00f3.<br>P.D.- Con el \u00e1nimo que el clamor de la Generaci\u00f3n Z sea escuchado y atendido por la clase pol\u00edtica sea del partido que sea, sea derecha, centro, izquierda o batee por ambos lados\u2026Escribir\u00e9 otro d\u00eda.<\/p>\n","protected":false},"excerpt":{"rendered":"<p>Vicente Luna Hern\u00e1ndez Animar a la sociedad en general a organizarse y ser m\u00e1s activa en los temas de inter\u00e9s p\u00fablico es una tarea pendiente de cara al proceso electoral 2027, m\u00e1s all\u00e1 de simpat\u00edas partidistas el tema de fondo es la inconformidad social ante los fantasmas que se pasean por el Estado y por [&hellip;]<\/p>\n","protected":false},"author":2,"featured_media":141415,"comment_status":"closed","ping_status":"closed","sticky":false,"template":"","format":"standard","meta":{"_jetpack_newsletter_access":"","_jetpack_dont_email_post_to_subs":false,"_jetpack_newsletter_tier_id":0,"_jetpack_memberships_contains_paywalled_content":false,"_jetpack_memberships_contains_paid_content":false,"footnotes":""},"categories":[70],"tags":[15667],"class_list":["post-156512","post","type-post","status-publish","format-standard","has-post-thumbnail","hentry","category-de-opinion","tag-vicente-luna-hernandez"],"jetpack_featured_media_url":"https:\/\/lospoliticosveracruz.com.mx\/wp-content\/uploads\/2025\/04\/Vicente-Luna-Hernandez.jpg","jetpack_sharing_enabled":true,"jetpack_shortlink":"https:\/\/wp.me\/p4Qcd3-EIo","_links":{"self":[{"href":"https:\/\/lospoliticosveracruz.com.mx\/index.php?rest_route=\/wp\/v2\/posts\/156512","targetHints":{"allow":["GET"]}}],"collection":[{"href":"https:\/\/lospoliticosveracruz.com.mx\/index.php?rest_route=\/wp\/v2\/posts"}],"about":[{"href":"https:\/\/lospoliticosveracruz.com.mx\/index.php?rest_route=\/wp\/v2\/types\/post"}],"author":[{"embeddable":true,"href":"https:\/\/lospoliticosveracruz.com.mx\/index.php?rest_route=\/wp\/v2\/users\/2"}],"replies":[{"embeddable":true,"href":"https:\/\/lospoliticosveracruz.com.mx\/index.php?rest_route=%2Fwp%2Fv2%2Fcomments&post=156512"}],"version-history":[{"count":1,"href":"https:\/\/lospoliticosveracruz.com.mx\/index.php?rest_route=\/wp\/v2\/posts\/156512\/revisions"}],"predecessor-version":[{"id":156514,"href":"https:\/\/lospoliticosveracruz.com.mx\/index.php?rest_route=\/wp\/v2\/posts\/156512\/revisions\/156514"}],"wp:featuredmedia":[{"embeddable":true,"href":"https:\/\/lospoliticosveracruz.com.mx\/index.php?rest_route=\/wp\/v2\/media\/141415"}],"wp:attachment":[{"href":"https:\/\/lospoliticosveracruz.com.mx\/index.php?rest_route=%2Fwp%2Fv2%2Fmedia&parent=156512"}],"wp:term":[{"taxonomy":"category","embeddable":true,"href":"https:\/\/lospoliticosveracruz.com.mx\/index.php?rest_route=%2Fwp%2Fv2%2Fcategories&post=156512"},{"taxonomy":"post_tag","embeddable":true,"href":"https:\/\/lospoliticosveracruz.com.mx\/index.php?rest_route=%2Fwp%2Fv2%2Ftags&post=156512"}],"curies":[{"name":"wp","href":"https:\/\/api.w.org\/{rel}","templated":true}]}}