{"id":156515,"date":"2025-11-14T13:41:47","date_gmt":"2025-11-14T19:41:47","guid":{"rendered":"https:\/\/lospoliticosveracruz.com.mx\/?p=156515"},"modified":"2025-11-14T13:42:18","modified_gmt":"2025-11-14T19:42:18","slug":"sectur-apesta-a-elefante-blanco-para-este-2026","status":"publish","type":"post","link":"https:\/\/lospoliticosveracruz.com.mx\/?p=156515","title":{"rendered":"SECTUR APESTA A ELEFANTE BLANCO PARA ESTE 2026!"},"content":{"rendered":"\n<p>S\u00edguenos ahora tambi\u00e9n en WhatsApp.\u00a0\u00a1<a href=\"https:\/\/whatsapp.com\/channel\/0029Va8zRWlEKyZIP3Z1dF0e\"><strong>Da clic aqu\u00ed<\/strong><\/a><strong>!<\/strong><\/p>\n\n\n\n<p><strong>Isabel Ortega<br><\/strong>La diputada local del PAN, Indira Rosales San Rom\u00e1n, cuestion\u00f3 la operatividad de la Secretar\u00eda de Turismo (Sectur) para el a\u00f1o 2026, luego de que en el proyecto de presupuesto para el pr\u00f3ximo a\u00f1o se le asignaron apenas 90 millones de pesos.<\/p>\n\n\n\n<p>En 2025, la dependencia estatal ejerce 509 millones de pesos; sin embargo, para el siguiente a\u00f1o \u2014seg\u00fan el anteproyecto que se analiza en el Congreso de Veracruz\u2014 su presupuesto se reducir\u00eda dr\u00e1sticamente a solo 90 millones.<\/p>\n\n\n\n<p>Ese monto, se\u00f1al\u00f3 la legisladora panista, \u00fanicamente alcanzar\u00e1 para cubrir la n\u00f3mina y la renta del inmueble, por lo que advirti\u00f3 que la dependencia podr\u00eda convertirse en \u201cun elefante blanco\u201d.<\/p>\n\n\n\n<p>Rosales San Rom\u00e1n cuestion\u00f3 la l\u00f3gica de la decisi\u00f3n del titular de la Secretar\u00eda de Finanzas y Planeaci\u00f3n (Sefiplan), Miguel Reyes Hern\u00e1ndez, especialmente cuando la gobernadora Roc\u00edo Nahle ha insistido en \u201cponer de moda a Veracruz\u201d, una frase repetida durante su campa\u00f1a.<\/p>\n\n\n\n<p>\u201cLa Secretar\u00eda de Turismo baj\u00f3 su presupuesto a una novena parte; \u00fanicamente le va a alcanzar para pagar salarios, n\u00f3mina y la renta del inmueble donde est\u00e9n ubicados. No tendr\u00eda el secretario margen para promocionar la entidad, que es justamente su funci\u00f3n\u201d, critic\u00f3.<\/p>\n\n\n\n<p>En contraste, la Secretar\u00eda de Cultura \u2014que tiene apenas dos a\u00f1os en operaci\u00f3n\u2014 pasar\u00e1 de ejercer 205 millones a 460 millones de pesos, pese a que al inicio del a\u00f1o se plante\u00f3 la posibilidad de reagrupar nuevamente Turismo y Cultura bajo una misma estructura.<\/p>\n","protected":false},"excerpt":{"rendered":"<p>Isabel OrtegaLa diputada local del PAN, Indira Rosales San Rom\u00e1n, cuestion\u00f3 la operatividad de la Secretar\u00eda de Turismo (Sectur) para el a\u00f1o 2026, luego de que en el proyecto de presupuesto para el pr\u00f3ximo a\u00f1o se le asignaron apenas 90 millones de pesos. En 2025, la dependencia estatal ejerce 509 millones de pesos; sin embargo, [&hellip;]<\/p>\n","protected":false},"author":2,"featured_media":141102,"comment_status":"closed","ping_status":"closed","sticky":false,"template":"","format":"standard","meta":{"_jetpack_newsletter_access":"","_jetpack_dont_email_post_to_subs":false,"_jetpack_newsletter_tier_id":0,"_jetpack_memberships_contains_paywalled_content":false,"_jetpack_memberships_contains_paid_content":false,"footnotes":""},"categories":[6446],"tags":[5514,47177,3578,47239,47238],"class_list":["post-156515","post","type-post","status-publish","format-standard","has-post-thumbnail","hentry","category-la-nota","tag-indira-rosales","tag-presupuesto-2026","tag-rocio-nahle","tag-sectur-veracruz-recorte","tag-sefiplan-miguel-reyes"],"jetpack_featured_media_url":"https:\/\/lospoliticosveracruz.com.mx\/wp-content\/uploads\/2025\/04\/Indira-Rosales-San-Roman.jpg","jetpack_sharing_enabled":true,"jetpack_shortlink":"https:\/\/wp.me\/p4Qcd3-EIr","_links":{"self":[{"href":"https:\/\/lospoliticosveracruz.com.mx\/index.php?rest_route=\/wp\/v2\/posts\/156515","targetHints":{"allow":["GET"]}}],"collection":[{"href":"https:\/\/lospoliticosveracruz.com.mx\/index.php?rest_route=\/wp\/v2\/posts"}],"about":[{"href":"https:\/\/lospoliticosveracruz.com.mx\/index.php?rest_route=\/wp\/v2\/types\/post"}],"author":[{"embeddable":true,"href":"https:\/\/lospoliticosveracruz.com.mx\/index.php?rest_route=\/wp\/v2\/users\/2"}],"replies":[{"embeddable":true,"href":"https:\/\/lospoliticosveracruz.com.mx\/index.php?rest_route=%2Fwp%2Fv2%2Fcomments&post=156515"}],"version-history":[{"count":2,"href":"https:\/\/lospoliticosveracruz.com.mx\/index.php?rest_route=\/wp\/v2\/posts\/156515\/revisions"}],"predecessor-version":[{"id":156517,"href":"https:\/\/lospoliticosveracruz.com.mx\/index.php?rest_route=\/wp\/v2\/posts\/156515\/revisions\/156517"}],"wp:featuredmedia":[{"embeddable":true,"href":"https:\/\/lospoliticosveracruz.com.mx\/index.php?rest_route=\/wp\/v2\/media\/141102"}],"wp:attachment":[{"href":"https:\/\/lospoliticosveracruz.com.mx\/index.php?rest_route=%2Fwp%2Fv2%2Fmedia&parent=156515"}],"wp:term":[{"taxonomy":"category","embeddable":true,"href":"https:\/\/lospoliticosveracruz.com.mx\/index.php?rest_route=%2Fwp%2Fv2%2Fcategories&post=156515"},{"taxonomy":"post_tag","embeddable":true,"href":"https:\/\/lospoliticosveracruz.com.mx\/index.php?rest_route=%2Fwp%2Fv2%2Ftags&post=156515"}],"curies":[{"name":"wp","href":"https:\/\/api.w.org\/{rel}","templated":true}]}}