{"id":156520,"date":"2025-11-14T14:52:11","date_gmt":"2025-11-14T20:52:11","guid":{"rendered":"https:\/\/lospoliticosveracruz.com.mx\/?p=156520"},"modified":"2025-11-14T14:52:29","modified_gmt":"2025-11-14T20:52:29","slug":"quien-por-la-ruiz-cortines","status":"publish","type":"post","link":"https:\/\/lospoliticosveracruz.com.mx\/?p=156520","title":{"rendered":"QUI\u00c9N POR LA RUIZ CORTINES?"},"content":{"rendered":"\n<p>S\u00edguenos ahora tambi\u00e9n en WhatsApp.\u00a0\u00a1<a href=\"https:\/\/whatsapp.com\/channel\/0029Va8zRWlEKyZIP3Z1dF0e\"><strong>Da clic aqu\u00ed<\/strong><\/a><strong>!<\/strong><\/p>\n\n\n\n<p><\/p>\n\n\n\n<p>La Comisi\u00f3n Especial para el Otorgamiento de la Medalla y Diploma Adolfo Ruiz Cortines 2025, presidida por la diputada Bertha Rosal\u00eda Ahued Malpica, emiti\u00f3 la convocatoria, a fin de reconocer a las veracruzanas y los veracruzanos que se hayan distinguido por su participaci\u00f3n en la sociedad, as\u00ed como aquellas instituciones p\u00fablicas o sociales que con sus acciones hayan contribuido a mejorar las condiciones de vida de la poblaci\u00f3n.<\/p>\n\n\n\n<figure class=\"wp-block-image size-full\"><a href=\" https:\/\/legisver.gob.mx\/Inicio.php?p=sliderInfoNP&amp;i=8785682\"><img loading=\"lazy\" decoding=\"async\" width=\"728\" height=\"90\" src=\"https:\/\/lospoliticosveracruz.com.mx\/wp-content\/uploads\/2025\/10\/Legis-Cintillo.png\" alt=\"\" class=\"wp-image-155724\" srcset=\"https:\/\/lospoliticosveracruz.com.mx\/wp-content\/uploads\/2025\/10\/Legis-Cintillo.png 728w, https:\/\/lospoliticosveracruz.com.mx\/wp-content\/uploads\/2025\/10\/Legis-Cintillo-300x37.png 300w\" sizes=\"auto, (max-width: 728px) 100vw, 728px\" \/><\/a><\/figure>\n\n\n\n<p>Los diputados y las diputadas Bertha Rosal\u00eda Ahued Malpica, presidenta, Urbano Bautista Mart\u00ednez, secretario, y Felipe Pineda Barradas, Indira de Jes\u00fas Rosales San y Adri\u00e1n Sigfrido \u00c1vila Estrada, vocales, procedieron a la instalaci\u00f3n de esta instancia legislativa, en cumplimiento del Acuerdo aprobado por el Pleno el pasado 6 de noviembre.<\/p>\n\n\n\n<p>La convocatoria, dirigida a las asociaciones civiles y culturales, clubes de servicio, sindicatos, barras, agrupaciones y ciudadan\u00eda en general, indica que la recepci\u00f3n de propuestas se realizar\u00e1 del 14 al 28 de noviembre del a\u00f1o en curso, de 09:00 a 18:00 horas, en la oficina de la diputada Bertha Rosal\u00eda Ahued Malpica ubicada en el Palacio Legislativo o al correo electr\u00f3nico: dip_bahued@legisver.gob.mx.<\/p>\n\n\n\n<p>A cada propuesta debe adjuntarse un escrito en el que se se\u00f1ala a la veracruzana o veracruzano, instituciones, p\u00fablicas o sociales propuestas, as\u00ed como una semblanza, exposici\u00f3n de motivos, documentaci\u00f3n comprobatoria y datos de contacto.<\/p>\n\n\n\n<p>La Comisi\u00f3n Especial seleccionar\u00e1 de entre las propuestas a tres que, a su juicio, sean las de mayor m\u00e9rito para recibir la distinci\u00f3n y considerar\u00e1 el cumplimiento de los requisitos, el impacto social, la trayectoria e historia de vida.<\/p>\n\n\n\n<p>El Dictamen de la Comisi\u00f3n se someter\u00e1 a la consideraci\u00f3n del Pleno de la LXVII Legislatura, que decidir\u00e1 a qui\u00e9n otorgar\u00e1 la Medalla y Diploma Adolfo Ruiz Cortines 2025.<\/p>\n","protected":false},"excerpt":{"rendered":"<p>La Comisi\u00f3n Especial para el Otorgamiento de la Medalla y Diploma Adolfo Ruiz Cortines 2025, presidida por la diputada Bertha Rosal\u00eda Ahued Malpica, emiti\u00f3 la convocatoria, a fin de reconocer a las veracruzanas y los veracruzanos que se hayan distinguido por su participaci\u00f3n en la sociedad, as\u00ed como aquellas instituciones p\u00fablicas o sociales que con [&hellip;]<\/p>\n","protected":false},"author":2,"featured_media":156521,"comment_status":"closed","ping_status":"closed","sticky":false,"template":"","format":"standard","meta":{"_jetpack_newsletter_access":"","_jetpack_dont_email_post_to_subs":false,"_jetpack_newsletter_tier_id":0,"_jetpack_memberships_contains_paywalled_content":false,"_jetpack_memberships_contains_paid_content":false,"footnotes":""},"categories":[43718],"tags":[40563,47246,1570,47244,47247,47245],"class_list":["post-156520","post","type-post","status-publish","format-standard","has-post-thumbnail","hentry","category-elpalaciodeencanto","tag-bertha-ahued","tag-comision-especial","tag-congreso-veracruz","tag-convocatoria-2025","tag-lxvii-legislatura-2","tag-medalla-ruiz-cortines"],"jetpack_featured_media_url":"https:\/\/lospoliticosveracruz.com.mx\/wp-content\/uploads\/2025\/11\/Comision-Especial-para-el-Otorgamiento-de-la-Medalla.jpeg","jetpack_sharing_enabled":true,"jetpack_shortlink":"https:\/\/wp.me\/p4Qcd3-EIw","_links":{"self":[{"href":"https:\/\/lospoliticosveracruz.com.mx\/index.php?rest_route=\/wp\/v2\/posts\/156520","targetHints":{"allow":["GET"]}}],"collection":[{"href":"https:\/\/lospoliticosveracruz.com.mx\/index.php?rest_route=\/wp\/v2\/posts"}],"about":[{"href":"https:\/\/lospoliticosveracruz.com.mx\/index.php?rest_route=\/wp\/v2\/types\/post"}],"author":[{"embeddable":true,"href":"https:\/\/lospoliticosveracruz.com.mx\/index.php?rest_route=\/wp\/v2\/users\/2"}],"replies":[{"embeddable":true,"href":"https:\/\/lospoliticosveracruz.com.mx\/index.php?rest_route=%2Fwp%2Fv2%2Fcomments&post=156520"}],"version-history":[{"count":2,"href":"https:\/\/lospoliticosveracruz.com.mx\/index.php?rest_route=\/wp\/v2\/posts\/156520\/revisions"}],"predecessor-version":[{"id":156523,"href":"https:\/\/lospoliticosveracruz.com.mx\/index.php?rest_route=\/wp\/v2\/posts\/156520\/revisions\/156523"}],"wp:featuredmedia":[{"embeddable":true,"href":"https:\/\/lospoliticosveracruz.com.mx\/index.php?rest_route=\/wp\/v2\/media\/156521"}],"wp:attachment":[{"href":"https:\/\/lospoliticosveracruz.com.mx\/index.php?rest_route=%2Fwp%2Fv2%2Fmedia&parent=156520"}],"wp:term":[{"taxonomy":"category","embeddable":true,"href":"https:\/\/lospoliticosveracruz.com.mx\/index.php?rest_route=%2Fwp%2Fv2%2Fcategories&post=156520"},{"taxonomy":"post_tag","embeddable":true,"href":"https:\/\/lospoliticosveracruz.com.mx\/index.php?rest_route=%2Fwp%2Fv2%2Ftags&post=156520"}],"curies":[{"name":"wp","href":"https:\/\/api.w.org\/{rel}","templated":true}]}}