{"id":156530,"date":"2025-11-14T18:35:08","date_gmt":"2025-11-15T00:35:08","guid":{"rendered":"https:\/\/lospoliticosveracruz.com.mx\/?p=156530"},"modified":"2025-11-14T18:35:27","modified_gmt":"2025-11-15T00:35:27","slug":"callejonea-paty","status":"publish","type":"post","link":"https:\/\/lospoliticosveracruz.com.mx\/?p=156530","title":{"rendered":"CALLEJONEA PATY!"},"content":{"rendered":"\n<p>Veracruz: La alcaldesa Paty Lobeira realiz\u00f3 un recorrido de supervisi\u00f3n por los callejones del Centro Hist\u00f3rico que actualmente se encuentran en proceso de rehabilitaci\u00f3n, como el Callej\u00f3n Dehesa, donde constat\u00f3 los avances de las obras que forman parte del proyecto integral de mejora urbana en el primer cuadro de la ciudad.<\/p>\n\n\n\n<p>La presidenta municipal destac\u00f3 que estos trabajos representan un esfuerzo importante para rescatar espacios emblem\u00e1ticos del Centro Hist\u00f3rico, mejorar la movilidad peatonal y ofrecer \u00e1reas dignas y atractivas tanto para visitantes como para residentes.<\/p>\n\n\n\n<p>\u201cEl Pasaje Guti\u00e9rrez Zamora es uno de los que ya dejamos pr\u00e1cticamente listo, conectando la Plaza del Hero\u00edsmo con el Z\u00f3calo y mostrando la belleza de este paseo\u201d, se\u00f1al\u00f3.<\/p>\n\n\n\n<p>Asimismo, inform\u00f3 que la rehabilitaci\u00f3n del Callej\u00f3n Dehesa avanza favorablemente y que en los pr\u00f3ximos d\u00edas se concluir\u00e1n los detalles finales. Explic\u00f3 que este espacio, que se encontraba en malas condiciones, ahora cuenta con piso nuevo de m\u00e1rmol Santo Tom\u00e1s, as\u00ed como con la pr\u00f3xima instalaci\u00f3n de bancas t\u00edpicas veracruzanas, que ser\u00e1n colocadas en todos los callejones restaurados.<\/p>\n\n\n\n<p>\u201cEste callej\u00f3n estaba en p\u00e9simas condiciones. Hoy ya luce completamente distinto. Queremos que los veracruzanos se sientan orgullosos de caminar por estos espacios\u201d, afirm\u00f3.<\/p>\n\n\n\n<p>Tambi\u00e9n destac\u00f3 que la rehabilitaci\u00f3n del Centro Hist\u00f3rico ha implicado trabajos profundos en infraestructura, incluyendo drenaje, pluviales y colectores, reemplazando instalaciones con m\u00e1s de 100 a\u00f1os y solucionando los hist\u00f3ricos problemas de inundaciones en la zona.<\/p>\n\n\n\n<p>Listas Independencia y 5 de Mayo para el Buen Fin<\/p>\n\n\n\n<p>Durante su recorrido, la alcaldesa anunci\u00f3 que las avenidas Independencia y 5 de Mayo ya se encuentran completamente colados, por lo que durante el Buen Fin permanecer\u00e1n peatonales con el objetivo de incentivar las ventas y apoyar a los comercios que se vieron afectados por las obras.<\/p>\n\n\n\n<p>\u201cVamos a dejar Independencia y 5 de Mayo peatonales para que la gente pueda caminar, disfrutar y comprar con comodidad. Es una forma de apoyar a los comercios del Centro Hist\u00f3rico este Buen Fin\u201d, explic\u00f3.<\/p>\n\n\n\n<p>La alcaldesa Paty Lobeira invit\u00f3 a las familias veracruzanas y a los visitantes a acudir al Centro Hist\u00f3rico y disfrutar de los espacios renovados. \u201cVengan al Centro Hist\u00f3rico a disfrutar del Buen Fin. Les deseo a todos un excelente fin de semana\u201d, expres\u00f3.<\/p>\n","protected":false},"excerpt":{"rendered":"<p>Veracruz: La alcaldesa Paty Lobeira realiz\u00f3 un recorrido de supervisi\u00f3n por los callejones del Centro Hist\u00f3rico que actualmente se encuentran en proceso de rehabilitaci\u00f3n, como el Callej\u00f3n Dehesa, donde constat\u00f3 los avances de las obras que forman parte del proyecto integral de mejora urbana en el primer cuadro de la ciudad. La presidenta municipal destac\u00f3 [&hellip;]<\/p>\n","protected":false},"author":2,"featured_media":156533,"comment_status":"closed","ping_status":"closed","sticky":false,"template":"","format":"standard","meta":{"_jetpack_newsletter_access":"","_jetpack_dont_email_post_to_subs":false,"_jetpack_newsletter_tier_id":0,"_jetpack_memberships_contains_paywalled_content":false,"_jetpack_memberships_contains_paid_content":false,"footnotes":""},"categories":[73],"tags":[],"class_list":["post-156530","post","type-post","status-publish","format-standard","has-post-thumbnail","hentry","category-de-boleto"],"jetpack_featured_media_url":"https:\/\/lospoliticosveracruz.com.mx\/wp-content\/uploads\/2025\/11\/IMG_3157.jpeg","jetpack_sharing_enabled":true,"jetpack_shortlink":"https:\/\/wp.me\/p4Qcd3-EIG","_links":{"self":[{"href":"https:\/\/lospoliticosveracruz.com.mx\/index.php?rest_route=\/wp\/v2\/posts\/156530","targetHints":{"allow":["GET"]}}],"collection":[{"href":"https:\/\/lospoliticosveracruz.com.mx\/index.php?rest_route=\/wp\/v2\/posts"}],"about":[{"href":"https:\/\/lospoliticosveracruz.com.mx\/index.php?rest_route=\/wp\/v2\/types\/post"}],"author":[{"embeddable":true,"href":"https:\/\/lospoliticosveracruz.com.mx\/index.php?rest_route=\/wp\/v2\/users\/2"}],"replies":[{"embeddable":true,"href":"https:\/\/lospoliticosveracruz.com.mx\/index.php?rest_route=%2Fwp%2Fv2%2Fcomments&post=156530"}],"version-history":[{"count":1,"href":"https:\/\/lospoliticosveracruz.com.mx\/index.php?rest_route=\/wp\/v2\/posts\/156530\/revisions"}],"predecessor-version":[{"id":156534,"href":"https:\/\/lospoliticosveracruz.com.mx\/index.php?rest_route=\/wp\/v2\/posts\/156530\/revisions\/156534"}],"wp:featuredmedia":[{"embeddable":true,"href":"https:\/\/lospoliticosveracruz.com.mx\/index.php?rest_route=\/wp\/v2\/media\/156533"}],"wp:attachment":[{"href":"https:\/\/lospoliticosveracruz.com.mx\/index.php?rest_route=%2Fwp%2Fv2%2Fmedia&parent=156530"}],"wp:term":[{"taxonomy":"category","embeddable":true,"href":"https:\/\/lospoliticosveracruz.com.mx\/index.php?rest_route=%2Fwp%2Fv2%2Fcategories&post=156530"},{"taxonomy":"post_tag","embeddable":true,"href":"https:\/\/lospoliticosveracruz.com.mx\/index.php?rest_route=%2Fwp%2Fv2%2Ftags&post=156530"}],"curies":[{"name":"wp","href":"https:\/\/api.w.org\/{rel}","templated":true}]}}