{"id":156537,"date":"2025-11-14T19:36:48","date_gmt":"2025-11-15T01:36:48","guid":{"rendered":"https:\/\/lospoliticosveracruz.com.mx\/?p=156537"},"modified":"2025-11-14T19:37:04","modified_gmt":"2025-11-15T01:37:04","slug":"el-mexico-de-una-sociedad-que-despierta","status":"publish","type":"post","link":"https:\/\/lospoliticosveracruz.com.mx\/?p=156537","title":{"rendered":"EL M\u00c9XICO DE UNA SOCIEDAD QUE DESPIERTA"},"content":{"rendered":"\n<p><strong>Osvaldo Taxilaga, el chueco<\/strong><\/p>\n\n\n\n<p><em>Tinta y tiempo<\/em><\/p>\n\n\n\n<p>En M\u00e9xico, la violencia ya no sorprende, indigna pero curiosamente, desde unos a\u00f1os, he notado que ya no paraliza a la sociedad.<\/p>\n\n\n\n<figure class=\"wp-block-image size-full\"><a href=\" https:\/\/legisver.gob.mx\/Inicio.php?p=sliderInfoNP&amp;i=8785682\"><img loading=\"lazy\" decoding=\"async\" width=\"728\" height=\"90\" src=\"https:\/\/lospoliticosveracruz.com.mx\/wp-content\/uploads\/2025\/10\/Legis-Cintillo.png\" alt=\"\" class=\"wp-image-155724\" srcset=\"https:\/\/lospoliticosveracruz.com.mx\/wp-content\/uploads\/2025\/10\/Legis-Cintillo.png 728w, https:\/\/lospoliticosveracruz.com.mx\/wp-content\/uploads\/2025\/10\/Legis-Cintillo-300x37.png 300w\" sizes=\"auto, (max-width: 728px) 100vw, 728px\" \/><\/a><\/figure>\n\n\n\n<p>La normalizaci\u00f3n del horror qued\u00f3 evidenciada en Uruapan, el primer d\u00eda de este noviembre, el saldo: Dos v\u00edctimas, por un lado, el hasta ese d\u00eda alcalde de ese Municipio en Guanajuato y por el otro al sicario de 17 a\u00f1os de nombre Victor Manuel N, los dos, tienen una caracter\u00edstica en com\u00fan, el Estado les fall\u00f3.<\/p>\n\n\n\n<p>El movimiento del sombrero, que nace impulsado por Grecia Quiroz, Ex esposa y ahora Alcaldesa de aquel municipio, es la radiograf\u00eda de una sociedad movida por el hartazgo, es la rabia contenida de la ciudadan\u00eda que un d\u00eda s\u00ed y al otro tambi\u00e9n, ve, lee, escucha, pero tambi\u00e9n experimenta en carne propia la delincuencia, el dolor de no vivir en paz, de perder a un familiar o en una de esas, una sociedad que se cans\u00f3 de vivir en la desesperanza.<\/p>\n\n\n\n<p>La Violencia en el pa\u00eds, -dese los inicios de Felipe Calder\u00f3n, o quiz\u00e1 desde antes, a mediados de los 90\u00b4s, con el asesinato de Luis Donaldo Colosio, -porque algo hay de cierto que tambi\u00e9n tuvo algo que vez el crimen organizado-, me atrevo a decir que dicta la agenda medi\u00e1tica y tambi\u00e9n la del gobierno, si lo leemos as\u00ed, eso es grav\u00edsimo.<\/p>\n\n\n\n<p>Sucesos como el de Lomas Taurinas, el Nacimiento de los C\u00e1rteles de Tijuana, Sinaloa y Ju\u00e1rez; los sucesos con el Cartel de los Z\u00b4s, cuando abandonaban cuerpos por cualquier v\u00eda P\u00fablica; la Guerra contra el narcotr\u00e1fico de 2006 y todos los saldos; el culiacanazo, los picos de violencia en los \u00faltimos a\u00f1os, hasta la actualidad, son el pan de cada d\u00eda. Mi generaci\u00f3n y las subsecuentes han normalizado tanto las violencias que hasta han aprendido a monetizarla con los corridos tumbados y los narcocorridos, y de verdad da tristeza que sea ese nuestro sello de identidad.<\/p>\n\n\n\n<p>En este sentido de hartazgo, la verdadera transformaci\u00f3n de M\u00e9xico no depende de otro presidente, ni otro partido, empieza por reagruparnos, y derribar las barreras de la narrativa de los chairos contra los fif\u00eds, o los que roban m\u00e1s, en&nbsp;&nbsp;contra&nbsp;&nbsp;de los que \u201croban poquito\u201d, empieza por entender y recuperar nuestro poder de organizaci\u00f3n, sin depender del poder. De tejer comunidad desde abajo, de entender que la seguridad no se recupera reglando dinero ni a decretazos, la seguridad se construye.<\/p>\n\n\n\n<p>La rabia, si no se encauza se convierte en p\u00f3lvora, pero, si se acompa\u00f1a de acci\u00f3n, puede ser el motor que recupere la esperanza, incluso, cuando el Estado Falla.<\/p>\n\n\n\n<p>Estoy a la expectativa de la marcha de la generaci\u00f3n Z, aquella que es orquestada por unos cuantos&nbsp;&nbsp;opositores \u201cdicen\u201d (otra vez, dividiendo), debo confesar que tengo fe en la sociedad libre y sedienta de respuestas.<\/p>\n\n\n\n<p>Los tiempos pol\u00edticos venideros ser\u00e1n muy \u00e1lgidos, nos corresponde participar, proponer y convocar a hacer.<\/p>\n\n\n\n<p>Ya veremos si se logra la revocaci\u00f3n de mandato en el 2027, de ser as\u00ed, la lectura ser\u00e1 que la C\u00e1mara Alta est\u00e1 siendo precavida\u2026<\/p>\n\n\n\n<p>Pd. Ing. Roc\u00edo Nalhe: Creo en usted, y gracias a los veracruzanos que conf\u00edan en un Veracruz que est\u00e9 de moda, usted est\u00e9 despachando en el Palacio de Gobierno.<\/p>\n\n\n\n<p>Le juro que ajustar las velas, no es perder, hacer cambios es tener la seguridad de que podemos hacerlo mejor, confi\u00f3 y s\u00e9 que no es usted, es gran parte de su gabinete, as\u00ed que los movimientos estrat\u00e9gicos que seguir\u00e1 haciendo, le ser\u00e1n de mucho beneficio a&nbsp;&nbsp;su gobierno y a los Veracruzanos.<\/p>\n\n\n\n<p>Nos leemos en soyechueco@gmail.com<\/p>\n","protected":false},"excerpt":{"rendered":"<p>Osvaldo Taxilaga, el chueco Tinta y tiempo En M\u00e9xico, la violencia ya no sorprende, indigna pero curiosamente, desde unos a\u00f1os, he notado que ya no paraliza a la sociedad. La normalizaci\u00f3n del horror qued\u00f3 evidenciada en Uruapan, el primer d\u00eda de este noviembre, el saldo: Dos v\u00edctimas, por un lado, el hasta ese d\u00eda alcalde [&hellip;]<\/p>\n","protected":false},"author":2,"featured_media":141380,"comment_status":"closed","ping_status":"closed","sticky":false,"template":"","format":"standard","meta":{"_jetpack_newsletter_access":"","_jetpack_dont_email_post_to_subs":false,"_jetpack_newsletter_tier_id":0,"_jetpack_memberships_contains_paywalled_content":false,"_jetpack_memberships_contains_paid_content":false,"footnotes":""},"categories":[70],"tags":[36730,36470],"class_list":["post-156537","post","type-post","status-publish","format-standard","has-post-thumbnail","hentry","category-de-opinion","tag-el-chueco","tag-osvaldo-taxilaga"],"jetpack_featured_media_url":"https:\/\/lospoliticosveracruz.com.mx\/wp-content\/uploads\/2025\/04\/El-Chueco.jpg","jetpack_sharing_enabled":true,"jetpack_shortlink":"https:\/\/wp.me\/p4Qcd3-EIN","_links":{"self":[{"href":"https:\/\/lospoliticosveracruz.com.mx\/index.php?rest_route=\/wp\/v2\/posts\/156537","targetHints":{"allow":["GET"]}}],"collection":[{"href":"https:\/\/lospoliticosveracruz.com.mx\/index.php?rest_route=\/wp\/v2\/posts"}],"about":[{"href":"https:\/\/lospoliticosveracruz.com.mx\/index.php?rest_route=\/wp\/v2\/types\/post"}],"author":[{"embeddable":true,"href":"https:\/\/lospoliticosveracruz.com.mx\/index.php?rest_route=\/wp\/v2\/users\/2"}],"replies":[{"embeddable":true,"href":"https:\/\/lospoliticosveracruz.com.mx\/index.php?rest_route=%2Fwp%2Fv2%2Fcomments&post=156537"}],"version-history":[{"count":1,"href":"https:\/\/lospoliticosveracruz.com.mx\/index.php?rest_route=\/wp\/v2\/posts\/156537\/revisions"}],"predecessor-version":[{"id":156539,"href":"https:\/\/lospoliticosveracruz.com.mx\/index.php?rest_route=\/wp\/v2\/posts\/156537\/revisions\/156539"}],"wp:featuredmedia":[{"embeddable":true,"href":"https:\/\/lospoliticosveracruz.com.mx\/index.php?rest_route=\/wp\/v2\/media\/141380"}],"wp:attachment":[{"href":"https:\/\/lospoliticosveracruz.com.mx\/index.php?rest_route=%2Fwp%2Fv2%2Fmedia&parent=156537"}],"wp:term":[{"taxonomy":"category","embeddable":true,"href":"https:\/\/lospoliticosveracruz.com.mx\/index.php?rest_route=%2Fwp%2Fv2%2Fcategories&post=156537"},{"taxonomy":"post_tag","embeddable":true,"href":"https:\/\/lospoliticosveracruz.com.mx\/index.php?rest_route=%2Fwp%2Fv2%2Ftags&post=156537"}],"curies":[{"name":"wp","href":"https:\/\/api.w.org\/{rel}","templated":true}]}}