{"id":156544,"date":"2025-11-14T20:41:55","date_gmt":"2025-11-15T02:41:55","guid":{"rendered":"https:\/\/lospoliticosveracruz.com.mx\/?p=156544"},"modified":"2025-11-14T20:42:09","modified_gmt":"2025-11-15T02:42:09","slug":"la-creacion-del-buen-fin-y-el-sobreendeudamiento","status":"publish","type":"post","link":"https:\/\/lospoliticosveracruz.com.mx\/?p=156544","title":{"rendered":"LA CREACI\u00d3N DEL BUEN FIN Y EL SOBREENDEUDAMIENTO"},"content":{"rendered":"\n<p><strong>Jos\u00e9 Luis Enr\u00edquez Ambell<\/strong><\/p>\n\n\n\n<p><em>Caf\u00e9 de Ma\u00f1ana<\/em><\/p>\n\n\n\n<p>Este quincea\u00f1ero esquema de la econom\u00eda \u2014se cre\u00f3 en 2011\u2014 contiene beneficios dado que impulsa el consumo interno y reactiva a toda la movilidad econ\u00f3mica, y se traduce en un perjuicio: el sobreendeudamiento, pues el sector privado comercial formal e informal se vale muchas veces de pr\u00e1cticas enga\u00f1osas.<\/p>\n\n\n\n<figure class=\"wp-block-image size-full\"><a href=\" https:\/\/legisver.gob.mx\/Inicio.php?p=sliderInfoNP&amp;i=8785682\"><img loading=\"lazy\" decoding=\"async\" width=\"728\" height=\"90\" src=\"https:\/\/lospoliticosveracruz.com.mx\/wp-content\/uploads\/2025\/10\/Legis-Cintillo.png\" alt=\"\" class=\"wp-image-155724\" srcset=\"https:\/\/lospoliticosveracruz.com.mx\/wp-content\/uploads\/2025\/10\/Legis-Cintillo.png 728w, https:\/\/lospoliticosveracruz.com.mx\/wp-content\/uploads\/2025\/10\/Legis-Cintillo-300x37.png 300w\" sizes=\"auto, (max-width: 728px) 100vw, 728px\" \/><\/a><\/figure>\n\n\n\n<p>Uno de los beneficios directos es generar m\u00e1s empleo, sobre todo temporal, y con ello una amplia derrama econ\u00f3mica en los bolsillos de millones de personas. Y es que este evento anual est\u00e1 dise\u00f1ado para las ofertas y grandes descuentos durante tres d\u00edas de noviembre, justo en quincena y aprovechando que el descanso por la celebraci\u00f3n del Aniversario 114 de la Revoluci\u00f3n Mexicana (d\u00eda 20) se adelanta al lunes 17.<\/p>\n\n\n\n<p>El comercio en su conjunto \u2014en especial las grandes cadenas, las peque\u00f1as y medianas empresas (PyMES) y sin descontar al sector informal\u2014 ve incrementadas sus ventas, atrae nuevos clientes, fideliza a los actuales y mueve inventarios rezagados, quiz\u00e1 desde el Covid.<\/p>\n\n\n\n<p>Para los consumidores, hay beneficios como el acceso a productos y servicios a precios m\u00e1s bajos o con m\u00e9todos de pago atractivos, como los meses sin intereses (MSI) y bonificaciones bancarias, lo que permite adquirir m\u00e1s bienes que normalmente no comprar\u00edan. Aqu\u00ed es donde la cultura financiera juega en contra: muchos terminan en sobreendeudamiento.<\/p>\n\n\n\n<p>Cabe decir que el Buen Fin ha incentivado a m\u00e1s negocios a formalizarse para participar en esta iniciativa comercial que cada a\u00f1o se fortalece.<\/p>\n\n\n\n<p>Pero no todo es miel sobre hojuelas, dec\u00eda mi abuela paterna Mam\u00e1 Bina (QEPD). Uno de los perjuicios desde 2011 es que los compradores se dejan llevar por compras impulsivas o por la urgencia de \u201caprovechar\u201d las ofertas, endeud\u00e1ndose m\u00e1s all\u00e1 de su capacidad de pago y afectando sus finanzas a corto, mediano y largo plazo. O sea, se gastan por adelantado el aguinaldo.<\/p>\n\n\n\n<p>Durante casi quince a\u00f1os del Buen Fin, la inflaci\u00f3n de precios originales d\u00edas o semanas antes, seguida de supuestos descuentos que resultan ofertas enga\u00f1osas, terminan llevando al consumidor a oficinas de la Profeco.<\/p>\n\n\n\n<p>Desde las primeras horas del presente fin de semana, entre la sensaci\u00f3n de escasez y la urgencia de comprar productos muchas veces innecesarios, y la idea de pagar con meses sin intereses, lo cierto es que miles caen en una mala gesti\u00f3n financiera.<\/p>\n\n\n\n<p>As\u00ed que, aunque el Buen Fin es motor del consumo, los beneficios y perjuicios que deja al final del fin de semana fragmentan la planificaci\u00f3n financiera de millones.<\/p>\n\n\n\n<p>DE SOBREMESA<\/p>\n\n\n\n<p>Quien compra en establecimientos inscritos paga los respectivos impuestos: IVA principalmente y, en algunos casos, IEPS. Por su parte, los comerciantes deben cubrir el ISR por las ganancias adicionales, los impuestos a la n\u00f3mina por tiempos extra y dem\u00e1s contribuciones derivadas del periodo. As\u00ed que, adem\u00e1s de la cadena comercial y los servicios financieros, \u201cla SHCP (SAT) resulta ser el gran beneficiario del llamado fin de semana m\u00e1s barato del a\u00f1o\u201d.<\/p>\n\n\n\n<p>UN CAF\u00c9 LECHERO LIGHT<\/p>\n\n\n\n<p>De acuerdo con el INEGI, sobre ocupaci\u00f3n y empleo, 60 % de la poblaci\u00f3n activa econ\u00f3micamente participa en la econom\u00eda informal, la cual aporta entre 20 y 25 % del PIB en M\u00e9xico y, por supuesto, \u00abno paga impuestos\u00bb. La informalidad no solo abarca el comercio \u2014su cara m\u00e1s visible\u2014 sino m\u00faltiples expresiones, algunas con la apariencia de actividades reguladas.<\/p>\n\n\n\n<p>En resumen, entre el comercio formal y la recaudaci\u00f3n est\u00e1 el verdadero objetivo del Buen Fin; y aunque la informalidad represente competencia desleal para quienes est\u00e1n en regla, tambi\u00e9n participa y mueve el dinero y el empleo.<\/p>\n\n\n\n<p>UN CAF\u00c9 CON PILONCILLO&nbsp;<\/p>\n\n\n\n<p>El Sotavento veracruzano es cuna de grandes deportistas. Abul\u00f3n Hern\u00e1ndez, los hermanos Arano, Bernardo Calvo, Beto \u00c1vila (hijo de alvarade\u00f1a) Nathanael Alvarado por hablar de Beisbolistas. Y en futbol, Luis \u00abPirata\u00bb Fuente, Eduardo Rergis, Sebasti\u00e1n Jurado, por citar algunos. Y hoy en Valentina Murrieta y Luis Gamboa, j\u00f3venes seleccionados nacionales ponen en alto a Alvarado, Veracruz y M\u00e9xico en m\u00e1ximos torneos de f\u00fatbol en su categor\u00eda.<\/p>\n\n\n\n<p>Valentina como la mejor portera del mundo en su edad, y jugadora del America. Y Luis, del Atlas, logrando los dos goles que hace unas horas permitieron eliminar al super favorito Argentina en el Mundial Sub 17. Ella y El son producto del Sotavento Jarocho, as\u00ed que algo tienen estas tierras para el deporte que dan frutos brillantes en varias disciplinas, y as\u00ed con orgullo \u00abVeracruz est\u00e1 de moda\u00bb.<\/p>\n\n\n\n<p>\u00a1ES CUANTO!<\/p>\n\n\n\n<p>enriquezambell@gmail.com<\/p>\n\n\n\n<p>enamjl62@gmail.com<\/p>\n","protected":false},"excerpt":{"rendered":"<p>Jos\u00e9 Luis Enr\u00edquez Ambell Caf\u00e9 de Ma\u00f1ana Este quincea\u00f1ero esquema de la econom\u00eda \u2014se cre\u00f3 en 2011\u2014 contiene beneficios dado que impulsa el consumo interno y reactiva a toda la movilidad econ\u00f3mica, y se traduce en un perjuicio: el sobreendeudamiento, pues el sector privado comercial formal e informal se vale muchas veces de pr\u00e1cticas enga\u00f1osas. [&hellip;]<\/p>\n","protected":false},"author":2,"featured_media":141435,"comment_status":"closed","ping_status":"closed","sticky":false,"template":"","format":"standard","meta":{"_jetpack_newsletter_access":"","_jetpack_dont_email_post_to_subs":false,"_jetpack_newsletter_tier_id":0,"_jetpack_memberships_contains_paywalled_content":false,"_jetpack_memberships_contains_paid_content":false,"footnotes":""},"categories":[70],"tags":[],"class_list":["post-156544","post","type-post","status-publish","format-standard","has-post-thumbnail","hentry","category-de-opinion"],"jetpack_featured_media_url":"https:\/\/lospoliticosveracruz.com.mx\/wp-content\/uploads\/2025\/04\/Ambell.jpg","jetpack_sharing_enabled":true,"jetpack_shortlink":"https:\/\/wp.me\/p4Qcd3-EIU","_links":{"self":[{"href":"https:\/\/lospoliticosveracruz.com.mx\/index.php?rest_route=\/wp\/v2\/posts\/156544","targetHints":{"allow":["GET"]}}],"collection":[{"href":"https:\/\/lospoliticosveracruz.com.mx\/index.php?rest_route=\/wp\/v2\/posts"}],"about":[{"href":"https:\/\/lospoliticosveracruz.com.mx\/index.php?rest_route=\/wp\/v2\/types\/post"}],"author":[{"embeddable":true,"href":"https:\/\/lospoliticosveracruz.com.mx\/index.php?rest_route=\/wp\/v2\/users\/2"}],"replies":[{"embeddable":true,"href":"https:\/\/lospoliticosveracruz.com.mx\/index.php?rest_route=%2Fwp%2Fv2%2Fcomments&post=156544"}],"version-history":[{"count":1,"href":"https:\/\/lospoliticosveracruz.com.mx\/index.php?rest_route=\/wp\/v2\/posts\/156544\/revisions"}],"predecessor-version":[{"id":156545,"href":"https:\/\/lospoliticosveracruz.com.mx\/index.php?rest_route=\/wp\/v2\/posts\/156544\/revisions\/156545"}],"wp:featuredmedia":[{"embeddable":true,"href":"https:\/\/lospoliticosveracruz.com.mx\/index.php?rest_route=\/wp\/v2\/media\/141435"}],"wp:attachment":[{"href":"https:\/\/lospoliticosveracruz.com.mx\/index.php?rest_route=%2Fwp%2Fv2%2Fmedia&parent=156544"}],"wp:term":[{"taxonomy":"category","embeddable":true,"href":"https:\/\/lospoliticosveracruz.com.mx\/index.php?rest_route=%2Fwp%2Fv2%2Fcategories&post=156544"},{"taxonomy":"post_tag","embeddable":true,"href":"https:\/\/lospoliticosveracruz.com.mx\/index.php?rest_route=%2Fwp%2Fv2%2Ftags&post=156544"}],"curies":[{"name":"wp","href":"https:\/\/api.w.org\/{rel}","templated":true}]}}