{"id":156547,"date":"2025-11-14T21:50:08","date_gmt":"2025-11-15T03:50:08","guid":{"rendered":"https:\/\/lospoliticosveracruz.com.mx\/?p=156547"},"modified":"2025-11-14T21:50:30","modified_gmt":"2025-11-15T03:50:30","slug":"desmiente-electo","status":"publish","type":"post","link":"https:\/\/lospoliticosveracruz.com.mx\/?p=156547","title":{"rendered":"DESMIENTE ELECTO!"},"content":{"rendered":"\n<p>Tlachichilco: El presidente municipal electo, \u00d3scar Herrera P\u00e9rez, desminti\u00f3 categ\u00f3ricamente una publicaci\u00f3n que lo se\u00f1alaba de convocar a una marcha este 15 de noviembre en la cabecera municipal, presuntamente para solicitar la revocaci\u00f3n de mandato de la Gobernadora.<\/p>\n\n\n\n<p>Herrera P\u00e9rez aclar\u00f3 que ni \u00e9l ni su equipo han promovido o difundido dicho llamado, cuyo origen se desconoce por completo, y subray\u00f3 que se trata de informaci\u00f3n totalmente falsa.<\/p>\n\n\n\n<p>Ante ello, exhort\u00f3 a la ciudadan\u00eda a hacer caso omiso de mensajes no verificados y evitar compartir contenido que pueda generar desinformaci\u00f3n.<\/p>\n\n\n\n<p>El alcalde electo reiter\u00f3 que toda comunicaci\u00f3n oficial se dar\u00e1 \u00fanicamente a trav\u00e9s de sus plataformas institucionales, y asegur\u00f3 que se mantiene en estricto apego a la legalidad durante el proceso de transici\u00f3n municipal.<\/p>\n","protected":false},"excerpt":{"rendered":"<p>Tlachichilco: El presidente municipal electo, \u00d3scar Herrera P\u00e9rez, desminti\u00f3 categ\u00f3ricamente una publicaci\u00f3n que lo se\u00f1alaba de convocar a una marcha este 15 de noviembre en la cabecera municipal, presuntamente para solicitar la revocaci\u00f3n de mandato de la Gobernadora. Herrera P\u00e9rez aclar\u00f3 que ni \u00e9l ni su equipo han promovido o difundido dicho llamado, cuyo origen [&hellip;]<\/p>\n","protected":false},"author":2,"featured_media":156548,"comment_status":"closed","ping_status":"closed","sticky":false,"template":"","format":"standard","meta":{"_jetpack_newsletter_access":"","_jetpack_dont_email_post_to_subs":false,"_jetpack_newsletter_tier_id":0,"_jetpack_memberships_contains_paywalled_content":false,"_jetpack_memberships_contains_paid_content":false,"footnotes":""},"categories":[72],"tags":[],"class_list":["post-156547","post","type-post","status-publish","format-standard","has-post-thumbnail","hentry","category-palomazos"],"jetpack_featured_media_url":"https:\/\/lospoliticosveracruz.com.mx\/wp-content\/uploads\/2025\/11\/IMG_3176.jpeg","jetpack_sharing_enabled":true,"jetpack_shortlink":"https:\/\/wp.me\/p4Qcd3-EIX","_links":{"self":[{"href":"https:\/\/lospoliticosveracruz.com.mx\/index.php?rest_route=\/wp\/v2\/posts\/156547","targetHints":{"allow":["GET"]}}],"collection":[{"href":"https:\/\/lospoliticosveracruz.com.mx\/index.php?rest_route=\/wp\/v2\/posts"}],"about":[{"href":"https:\/\/lospoliticosveracruz.com.mx\/index.php?rest_route=\/wp\/v2\/types\/post"}],"author":[{"embeddable":true,"href":"https:\/\/lospoliticosveracruz.com.mx\/index.php?rest_route=\/wp\/v2\/users\/2"}],"replies":[{"embeddable":true,"href":"https:\/\/lospoliticosveracruz.com.mx\/index.php?rest_route=%2Fwp%2Fv2%2Fcomments&post=156547"}],"version-history":[{"count":1,"href":"https:\/\/lospoliticosveracruz.com.mx\/index.php?rest_route=\/wp\/v2\/posts\/156547\/revisions"}],"predecessor-version":[{"id":156549,"href":"https:\/\/lospoliticosveracruz.com.mx\/index.php?rest_route=\/wp\/v2\/posts\/156547\/revisions\/156549"}],"wp:featuredmedia":[{"embeddable":true,"href":"https:\/\/lospoliticosveracruz.com.mx\/index.php?rest_route=\/wp\/v2\/media\/156548"}],"wp:attachment":[{"href":"https:\/\/lospoliticosveracruz.com.mx\/index.php?rest_route=%2Fwp%2Fv2%2Fmedia&parent=156547"}],"wp:term":[{"taxonomy":"category","embeddable":true,"href":"https:\/\/lospoliticosveracruz.com.mx\/index.php?rest_route=%2Fwp%2Fv2%2Fcategories&post=156547"},{"taxonomy":"post_tag","embeddable":true,"href":"https:\/\/lospoliticosveracruz.com.mx\/index.php?rest_route=%2Fwp%2Fv2%2Ftags&post=156547"}],"curies":[{"name":"wp","href":"https:\/\/api.w.org\/{rel}","templated":true}]}}