{"id":156553,"date":"2025-11-15T00:16:46","date_gmt":"2025-11-15T06:16:46","guid":{"rendered":"https:\/\/lospoliticosveracruz.com.mx\/?p=156553"},"modified":"2025-11-15T00:17:38","modified_gmt":"2025-11-15T06:17:38","slug":"inmobiliarios-apuestan-por-boca","status":"publish","type":"post","link":"https:\/\/lospoliticosveracruz.com.mx\/?p=156553","title":{"rendered":"INMOBILIARIOS APUESTAN POR BOCA!"},"content":{"rendered":"\n<p>En el marco del D\u00eda del Profesional Inmobiliario, el alcalde de Boca del R\u00edo, Juan Manuel Un\u00e1nue Abascal, reconoci\u00f3 a distinguidos integrantes de la Asociaci\u00f3n Mexicana de Profesionales Inmobiliarios de Veracruz, al ser uno de los gremios m\u00e1s importantes de la ciudad.<\/p>\n\n\n\n<p>Destac\u00f3 que adem\u00e1s de construir un futuro que se transforma en hogar para las familias boque\u00f1as, a trav\u00e9s de la labor que ejercen impulsan el desarrollo y la inversi\u00f3n en el municipio.<\/p>\n\n\n\n<p>\u201cLa certidumbre jur\u00eddica, la transparencia en los procesos y la responsabilidad con la que se ha conducido el municipio han sido claves para que m\u00e1s desarrolladores y m\u00e1s agentes inmobiliarios apuesten por nuestra ciudad. Esa confianza no se impone, se gana con resultados, con orden administrativo y con una visi\u00f3n clara del rumbo que queremos\u201d, destac\u00f3 el edil.<\/p>\n\n\n\n<p>Desde el patio central del Palacio Municipal, Un\u00e1nue Abascal, enfatiz\u00f3 que Boca del R\u00edo es un ejemplo de c\u00f3mo el desarrollo inmobiliario, cuando se hace con orden, con \u00e9tica y con perspectiva de futuro, genera a\u00fan m\u00e1s desarrollo, impulsa la econom\u00eda local, fortalece el tejido social y eleva la calidad de vida.<\/p>\n\n\n\n<p>Gracias a una infraestructura moderna, nuevos proyectos, mejor conectividad y espacios p\u00fablicos de calidad han potenciado el valor de la inversi\u00f3n que se realiza a trav\u00e9s del sector inmobiliario.<\/p>\n\n\n\n<p>El ejecutivo municipal expres\u00f3 que el crecimiento de la ciudad no se hace de manera aislada, se trabaja de la mano con sectores especializados como es el caso de AMPI Veracruz, para formar una ciudad din\u00e1mica, atractiva, moderna y m\u00e1s competitiva.<\/p>\n\n\n\n<p>Ante los profesionales inmobiliarios, el Presidente Municipal, Juan Manuel Un\u00e1nue Abascal, enfatiz\u00f3 que su gobierno ofrece certidumbre jur\u00eddica, transparencia en los procesos y la responsabilidad con la que se ha conducido el municipio, claves para que m\u00e1s desarrolladores y m\u00e1s agentes inmobiliarios apuesten por nuestra ciudad.<\/p>\n\n\n\n<p>Finalmente, dijo que Boca del R\u00edo se encuentra en un entorno competitivo, seguro y atractivo para seguir viviendo, trabajando y construyendo futuro.<\/p>\n\n\n\n<p>Por su parte, Blanca Ju\u00e1rez Inoroza, Presidenta de la Asociaci\u00f3n Mexicana de Profesionales Inmobiliarios (AMPI) de Veracruz, se congratul\u00f3 por el reconocimiento a la asociaci\u00f3n que encabeza.<\/p>\n\n\n\n<p>\u201cLicenciado (Juan Manuel Un\u00e1nue Abascal), muchas felicidades por este gran y excelente trabajo que ha realizado. Gracias por su compromiso con el desarrollo sostenible de Boca del R\u00edo\u201d, destac\u00f3 Ju\u00e1rez Inoroza.<\/p>\n\n\n\n<p>Asimismo, agreg\u00f3 que Boca del R\u00edo es sin\u00f3nimo de destino tur\u00edstico, centros comerciales, vida nocturna, calidad de vida, adem\u00e1s de contar con desarrollos residenciales de alto nivel y zonas exclusivas.<\/p>\n\n\n\n<p>Reconoci\u00f3 tambi\u00e9n que la ciudad y su gobierno son fuente de confianza para la atracci\u00f3n de inversi\u00f3n segura, atrayendo capitales nacionales e internacionales.<\/p>\n","protected":false},"excerpt":{"rendered":"<p>En el marco del D\u00eda del Profesional Inmobiliario, el alcalde de Boca del R\u00edo, Juan Manuel Un\u00e1nue Abascal, reconoci\u00f3 a distinguidos integrantes de la Asociaci\u00f3n Mexicana de Profesionales Inmobiliarios de Veracruz, al ser uno de los gremios m\u00e1s importantes de la ciudad. Destac\u00f3 que adem\u00e1s de construir un futuro que se transforma en hogar para [&hellip;]<\/p>\n","protected":false},"author":2,"featured_media":156555,"comment_status":"closed","ping_status":"closed","sticky":false,"template":"","format":"standard","meta":{"_jetpack_newsletter_access":"","_jetpack_dont_email_post_to_subs":false,"_jetpack_newsletter_tier_id":0,"_jetpack_memberships_contains_paywalled_content":false,"_jetpack_memberships_contains_paid_content":false,"footnotes":""},"categories":[73],"tags":[601,6732],"class_list":["post-156553","post","type-post","status-publish","format-standard","has-post-thumbnail","hentry","category-de-boleto","tag-boca-del-rio","tag-juan-manuel-de-unanue"],"jetpack_featured_media_url":"https:\/\/lospoliticosveracruz.com.mx\/wp-content\/uploads\/2025\/11\/c1d08fd1-d8ec-4070-83dd-44cc7ec27e59-1.jpeg","jetpack_sharing_enabled":true,"jetpack_shortlink":"https:\/\/wp.me\/p4Qcd3-EJ3","_links":{"self":[{"href":"https:\/\/lospoliticosveracruz.com.mx\/index.php?rest_route=\/wp\/v2\/posts\/156553","targetHints":{"allow":["GET"]}}],"collection":[{"href":"https:\/\/lospoliticosveracruz.com.mx\/index.php?rest_route=\/wp\/v2\/posts"}],"about":[{"href":"https:\/\/lospoliticosveracruz.com.mx\/index.php?rest_route=\/wp\/v2\/types\/post"}],"author":[{"embeddable":true,"href":"https:\/\/lospoliticosveracruz.com.mx\/index.php?rest_route=\/wp\/v2\/users\/2"}],"replies":[{"embeddable":true,"href":"https:\/\/lospoliticosveracruz.com.mx\/index.php?rest_route=%2Fwp%2Fv2%2Fcomments&post=156553"}],"version-history":[{"count":1,"href":"https:\/\/lospoliticosveracruz.com.mx\/index.php?rest_route=\/wp\/v2\/posts\/156553\/revisions"}],"predecessor-version":[{"id":156556,"href":"https:\/\/lospoliticosveracruz.com.mx\/index.php?rest_route=\/wp\/v2\/posts\/156553\/revisions\/156556"}],"wp:featuredmedia":[{"embeddable":true,"href":"https:\/\/lospoliticosveracruz.com.mx\/index.php?rest_route=\/wp\/v2\/media\/156555"}],"wp:attachment":[{"href":"https:\/\/lospoliticosveracruz.com.mx\/index.php?rest_route=%2Fwp%2Fv2%2Fmedia&parent=156553"}],"wp:term":[{"taxonomy":"category","embeddable":true,"href":"https:\/\/lospoliticosveracruz.com.mx\/index.php?rest_route=%2Fwp%2Fv2%2Fcategories&post=156553"},{"taxonomy":"post_tag","embeddable":true,"href":"https:\/\/lospoliticosveracruz.com.mx\/index.php?rest_route=%2Fwp%2Fv2%2Ftags&post=156553"}],"curies":[{"name":"wp","href":"https:\/\/api.w.org\/{rel}","templated":true}]}}