{"id":156564,"date":"2025-11-15T11:00:48","date_gmt":"2025-11-15T17:00:48","guid":{"rendered":"https:\/\/lospoliticosveracruz.com.mx\/?p=156564"},"modified":"2025-11-15T11:01:03","modified_gmt":"2025-11-15T17:01:03","slug":"calientan-la-fiesta-de-todos","status":"publish","type":"post","link":"https:\/\/lospoliticosveracruz.com.mx\/?p=156564","title":{"rendered":"CALIENTAN LA FIESTA DE TODOS!"},"content":{"rendered":"\n<p><em>Veracruz:<\/em> La alegr\u00eda, la m\u00fasica y el color regresan al bulevar Manuel \u00c1vila Camacho con el Gran Papaqui del Carnaval de Veracruz 2026, que este domingo 16 de noviembre a las 18:00 horas llenar\u00e1 el paseo costero de ritmo, tradici\u00f3n y ambiente festivo.<\/p>\n\n\n\n<p>Al finalizar el recorrido, en la Plaza del Magisterio, el p\u00fablico podr\u00e1 disfrutar de un gran cierre musical con los artistas Mario Polo y \u00d3scar Lobo, quienes pondr\u00e1n el ambiente para continuar la fiesta en familia.<\/p>\n\n\n\n<p>El desfile estar\u00e1 lleno de talento local, con la participaci\u00f3n de los bailarines de la Academia de Israel; las Bastoneras de Susy, las Bastoneras de Alejandra y las Bastoneras de Liliana; adem\u00e1s de comparsas tradicionales como Cl\u00e1sicos del IMSS, Estrellas de Fania, Los Dandys, Y Lleg\u00f3 el Sabor y la academia de danza Ely.<\/p>\n\n\n\n<p>El ritmo de las batucadas Vasco de Gama y Nuevo Horizonte acompa\u00f1ar\u00e1 el paso del carro aleg\u00f3rico de la Corte Real actual, integrada por Juan C\u00f3rdoba \u201cPanda\u201d, Rey del Carnaval, y los Reyes Infantiles Aryam Barrientos Reyes y Manolito Barbeito de la Vega.<\/p>\n\n\n\n<p>El Papaqui tambi\u00e9n ser\u00e1 la primera aparici\u00f3n oficial de la Reina electa 2026, Fernanda Pumar G\u00f3mez, y del Rey infantil electo, Gael Santiago Segura Rangel, quienes desfilar\u00e1n junto a las candidatas a Reina Infantil: Maryelli Sabela Torres Delgado y Regina Torrecilla Delgado; as\u00ed como los candidatos a Rey de la Alegr\u00eda: Jos\u00e9 Mario S\u00e1nchez Ucha, Bernardino \u201cNayo\u201d Jim\u00e9nez Revuelta y Jorge Jair \u201cChiliwily\u201d Torres Espejo.<\/p>\n\n\n\n<p>El Gran Papaqui forma parte de la antesala del Carnaval de Veracruz 2026, que se celebrar\u00e1 del 10 al 18 de febrero en su edici\u00f3n n\u00famero 102 y espera la asistencia de la gente porte\u00f1a y turistas que visitan el puerto de Veracruz este fin de semana largo.<\/p>\n\n\n\n<p>El contingente partir\u00e1 del Hotel Mar y Tierra, avanzar\u00e1 sobre el bulevar Manuel \u00c1vila Camacho y concluir\u00e1 frente a la Escuela N\u00e1utica Mercante. El Comit\u00e9 de Carnaval ha informado que, debido al paso del contingente, habr\u00e1 cierre vial sobre este tramo de 16:00 a 20:00 horas, por lo que se recomienda tomar precauciones y utilizar v\u00edas alternas.<\/p>\n","protected":false},"excerpt":{"rendered":"<p>Veracruz: La alegr\u00eda, la m\u00fasica y el color regresan al bulevar Manuel \u00c1vila Camacho con el Gran Papaqui del Carnaval de Veracruz 2026, que este domingo 16 de noviembre a las 18:00 horas llenar\u00e1 el paseo costero de ritmo, tradici\u00f3n y ambiente festivo. Al finalizar el recorrido, en la Plaza del Magisterio, el p\u00fablico podr\u00e1 [&hellip;]<\/p>\n","protected":false},"author":2,"featured_media":156565,"comment_status":"closed","ping_status":"closed","sticky":false,"template":"","format":"standard","meta":{"_jetpack_newsletter_access":"","_jetpack_dont_email_post_to_subs":false,"_jetpack_newsletter_tier_id":0,"_jetpack_memberships_contains_paywalled_content":false,"_jetpack_memberships_contains_paid_content":false,"footnotes":""},"categories":[73],"tags":[47254,46885,38812,47253,47256],"class_list":["post-156564","post","type-post","status-publish","format-standard","has-post-thumbnail","hentry","category-de-boleto","tag-carnaval-2026","tag-fernanda-pumar-gomez","tag-mario-polo","tag-oscar-lobo","tag-papaqui"],"jetpack_featured_media_url":"https:\/\/lospoliticosveracruz.com.mx\/wp-content\/uploads\/2025\/11\/Carnaval.jpg","jetpack_sharing_enabled":true,"jetpack_shortlink":"https:\/\/wp.me\/p4Qcd3-EJe","_links":{"self":[{"href":"https:\/\/lospoliticosveracruz.com.mx\/index.php?rest_route=\/wp\/v2\/posts\/156564","targetHints":{"allow":["GET"]}}],"collection":[{"href":"https:\/\/lospoliticosveracruz.com.mx\/index.php?rest_route=\/wp\/v2\/posts"}],"about":[{"href":"https:\/\/lospoliticosveracruz.com.mx\/index.php?rest_route=\/wp\/v2\/types\/post"}],"author":[{"embeddable":true,"href":"https:\/\/lospoliticosveracruz.com.mx\/index.php?rest_route=\/wp\/v2\/users\/2"}],"replies":[{"embeddable":true,"href":"https:\/\/lospoliticosveracruz.com.mx\/index.php?rest_route=%2Fwp%2Fv2%2Fcomments&post=156564"}],"version-history":[{"count":1,"href":"https:\/\/lospoliticosveracruz.com.mx\/index.php?rest_route=\/wp\/v2\/posts\/156564\/revisions"}],"predecessor-version":[{"id":156566,"href":"https:\/\/lospoliticosveracruz.com.mx\/index.php?rest_route=\/wp\/v2\/posts\/156564\/revisions\/156566"}],"wp:featuredmedia":[{"embeddable":true,"href":"https:\/\/lospoliticosveracruz.com.mx\/index.php?rest_route=\/wp\/v2\/media\/156565"}],"wp:attachment":[{"href":"https:\/\/lospoliticosveracruz.com.mx\/index.php?rest_route=%2Fwp%2Fv2%2Fmedia&parent=156564"}],"wp:term":[{"taxonomy":"category","embeddable":true,"href":"https:\/\/lospoliticosveracruz.com.mx\/index.php?rest_route=%2Fwp%2Fv2%2Fcategories&post=156564"},{"taxonomy":"post_tag","embeddable":true,"href":"https:\/\/lospoliticosveracruz.com.mx\/index.php?rest_route=%2Fwp%2Fv2%2Ftags&post=156564"}],"curies":[{"name":"wp","href":"https:\/\/api.w.org\/{rel}","templated":true}]}}