{"id":156596,"date":"2025-11-16T20:04:52","date_gmt":"2025-11-17T02:04:52","guid":{"rendered":"https:\/\/lospoliticosveracruz.com.mx\/?p=156596"},"modified":"2025-11-16T20:05:08","modified_gmt":"2025-11-17T02:05:08","slug":"xico-alianzas-salud-educacion","status":"publish","type":"post","link":"https:\/\/lospoliticosveracruz.com.mx\/?p=156596","title":{"rendered":"XICO, ALIANZAS, SALUD, EDUCACI\u00d3N\u00a0"},"content":{"rendered":"\n<p><strong>Enrique Yasser Pompeyo&nbsp;<\/strong><\/p>\n\n\n\n<p><em>Mesa de Redacci\u00f3n<\/em><\/p>\n\n\n\n<p>En el estado de Veracruz, los gobiernos municipales duran cuatro a\u00f1os que son insuficientes para atender todas las necesidades que la poblaci\u00f3n demanda.<\/p>\n\n\n\n<figure class=\"wp-block-image size-full\"><a href=\" https:\/\/legisver.gob.mx\/Inicio.php?p=sliderInfoNP&amp;i=8785682\"><img loading=\"lazy\" decoding=\"async\" width=\"728\" height=\"90\" src=\"https:\/\/lospoliticosveracruz.com.mx\/wp-content\/uploads\/2025\/10\/Legis-Cintillo.png\" alt=\"\" class=\"wp-image-155724\" srcset=\"https:\/\/lospoliticosveracruz.com.mx\/wp-content\/uploads\/2025\/10\/Legis-Cintillo.png 728w, https:\/\/lospoliticosveracruz.com.mx\/wp-content\/uploads\/2025\/10\/Legis-Cintillo-300x37.png 300w\" sizes=\"auto, (max-width: 728px) 100vw, 728px\" \/><\/a><\/figure>\n\n\n\n<p>Las peticiones son amplias como construcci\u00f3n de calles, banquetas, drenaje, alumbrado, alcantarillado, recolecci\u00f3n de desechos s\u00f3lidos y un largo etc\u00e9tera.<\/p>\n\n\n\n<p>Por ello, los presidentes municipales no pueden trabajar de manera aislada y s\u00ed deben establecer puentes de comunicaci\u00f3n con sus hom\u00f3logos de sus respectivas regiones.<\/p>\n\n\n\n<p>Es el caso del alcalde electo de Xico, Eduardo Pozos P\u00e9rez, quien mantiene una activa agenda.<\/p>\n\n\n\n<p>Este fin de semana se reuni\u00f3 con ediles de varios municipios veracruzanos.<\/p>\n\n\n\n<p>El encuentro fue un espacio de di\u00e1logo, adem\u00e1s de respetuoso, productivo.<\/p>\n\n\n\n<p>En algo coincidieron todos: a la gente le va mejor cuando sus gobiernos trabajan unidos.<\/p>\n\n\n\n<p>De manera que Lalo Pozos y los alcaldes electos con los que se reuni\u00f3 tienen clara la responsabilidad y comparten una visi\u00f3n.<\/p>\n\n\n\n<p>Continuar\u00e1n fortaleciendo alianzas que permitan mejorar la vida de las familias veracruzanas.<\/p>\n\n\n\n<p>EDUCACI\u00d3N<\/p>\n\n\n\n<p>Por cierto, el alcalde electo de Xico hace poco visit\u00f3 la escuela secundaria \u201cJuan G. Alarc\u00f3n\u201d y la escuela primaria \u201cAdolfo L\u00f3pez Mateos\u201d turno matutino.<\/p>\n\n\n\n<p>Ah\u00ed, platic\u00f3 con directivos, maestras, maestros, madres y padres de familia sobre las necesidades m\u00e1s urgentes de cada plantel.<\/p>\n\n\n\n<p>Su prioridad es clara: que las ni\u00f1as, ni\u00f1os y j\u00f3venes de Xico estudien en espacios dignos, seguros y que impulsen su desarrollo.<\/p>\n\n\n\n<p>Por ello, seguir\u00e1 recorriendo las escuelas para escuchar y trabajar de la mano con la comunidad educativa para construir un mejor futuro para todas y todos.<\/p>\n\n\n\n<p>SALUD<\/p>\n\n\n\n<p>Lalo Pozos tambi\u00e9n acudi\u00f3 al Centro de Salud IMSS-Bienestar en la cabecera municipal de Xico.<\/p>\n\n\n\n<p>En el lugar convers\u00f3 con el personal m\u00e9dico y administrativo sobre las principales necesidades del lugar y las acciones a impulsar para mejorar la atenci\u00f3n a las y los xique\u00f1os.<\/p>\n\n\n\n<p>El alcalde electo destaca que la salud es y ser\u00e1 una prioridad en su gobierno, porque un Xico sano es un Xico fuerte.<\/p>\n\n\n\n<p>enriquepompeyo@hotmail.com<\/p>\n","protected":false},"excerpt":{"rendered":"<p>Enrique Yasser Pompeyo&nbsp; Mesa de Redacci\u00f3n En el estado de Veracruz, los gobiernos municipales duran cuatro a\u00f1os que son insuficientes para atender todas las necesidades que la poblaci\u00f3n demanda. Las peticiones son amplias como construcci\u00f3n de calles, banquetas, drenaje, alumbrado, alcantarillado, recolecci\u00f3n de desechos s\u00f3lidos y un largo etc\u00e9tera. Por ello, los presidentes municipales no [&hellip;]<\/p>\n","protected":false},"author":2,"featured_media":141425,"comment_status":"closed","ping_status":"closed","sticky":false,"template":"","format":"standard","meta":{"_jetpack_newsletter_access":"","_jetpack_dont_email_post_to_subs":false,"_jetpack_newsletter_tier_id":0,"_jetpack_memberships_contains_paywalled_content":false,"_jetpack_memberships_contains_paid_content":false,"footnotes":""},"categories":[70],"tags":[],"class_list":["post-156596","post","type-post","status-publish","format-standard","has-post-thumbnail","hentry","category-de-opinion"],"jetpack_featured_media_url":"https:\/\/lospoliticosveracruz.com.mx\/wp-content\/uploads\/2025\/04\/Pompeyo.jpg","jetpack_sharing_enabled":true,"jetpack_shortlink":"https:\/\/wp.me\/p4Qcd3-EJK","_links":{"self":[{"href":"https:\/\/lospoliticosveracruz.com.mx\/index.php?rest_route=\/wp\/v2\/posts\/156596","targetHints":{"allow":["GET"]}}],"collection":[{"href":"https:\/\/lospoliticosveracruz.com.mx\/index.php?rest_route=\/wp\/v2\/posts"}],"about":[{"href":"https:\/\/lospoliticosveracruz.com.mx\/index.php?rest_route=\/wp\/v2\/types\/post"}],"author":[{"embeddable":true,"href":"https:\/\/lospoliticosveracruz.com.mx\/index.php?rest_route=\/wp\/v2\/users\/2"}],"replies":[{"embeddable":true,"href":"https:\/\/lospoliticosveracruz.com.mx\/index.php?rest_route=%2Fwp%2Fv2%2Fcomments&post=156596"}],"version-history":[{"count":1,"href":"https:\/\/lospoliticosveracruz.com.mx\/index.php?rest_route=\/wp\/v2\/posts\/156596\/revisions"}],"predecessor-version":[{"id":156597,"href":"https:\/\/lospoliticosveracruz.com.mx\/index.php?rest_route=\/wp\/v2\/posts\/156596\/revisions\/156597"}],"wp:featuredmedia":[{"embeddable":true,"href":"https:\/\/lospoliticosveracruz.com.mx\/index.php?rest_route=\/wp\/v2\/media\/141425"}],"wp:attachment":[{"href":"https:\/\/lospoliticosveracruz.com.mx\/index.php?rest_route=%2Fwp%2Fv2%2Fmedia&parent=156596"}],"wp:term":[{"taxonomy":"category","embeddable":true,"href":"https:\/\/lospoliticosveracruz.com.mx\/index.php?rest_route=%2Fwp%2Fv2%2Fcategories&post=156596"},{"taxonomy":"post_tag","embeddable":true,"href":"https:\/\/lospoliticosveracruz.com.mx\/index.php?rest_route=%2Fwp%2Fv2%2Ftags&post=156596"}],"curies":[{"name":"wp","href":"https:\/\/api.w.org\/{rel}","templated":true}]}}