{"id":156614,"date":"2025-11-17T08:17:18","date_gmt":"2025-11-17T14:17:18","guid":{"rendered":"https:\/\/lospoliticosveracruz.com.mx\/?p=156614"},"modified":"2025-11-17T08:17:41","modified_gmt":"2025-11-17T14:17:41","slug":"el-primer-informe-de-la-gobernadora","status":"publish","type":"post","link":"https:\/\/lospoliticosveracruz.com.mx\/?p=156614","title":{"rendered":"EL PRIMER INFORME DE LA GOBERNADORA"},"content":{"rendered":"\n<p>S\u00edguenos ahora tambi\u00e9n en WhatsApp.\u00a0\u00a1<a href=\"https:\/\/whatsapp.com\/channel\/0029Va8zRWlEKyZIP3Z1dF0e\"><strong>Da clic aqu\u00ed<\/strong><\/a><strong>!<\/strong><\/p>\n\n\n\n<p><\/p>\n\n\n\n<p><strong>Yamiri Rodr\u00edguez Madrid<\/strong><\/p>\n\n\n\n<p><em>La vuelta a Veracruz en un teclazo<br><\/em><\/p>\n\n\n\n<p>El pr\u00f3ximo lunes 1 de diciembre se cumplir\u00e1 el primer a\u00f1o de Roc\u00edo Nahle como la primera gobernadora en el Estado de Veracruz, aunque han sido casi 12 meses llenos de complejidades y varios de los secretarios no solo no han ayudado, sino estorbado, generando conflictos, lo que obligar\u00eda a un ajuste de piezas.<\/p>\n\n\n\n<figure class=\"wp-block-image size-full\"><a href=\" https:\/\/legisver.gob.mx\/Inicio.php?p=sliderInfoNP&amp;i=8785682\"><img loading=\"lazy\" decoding=\"async\" width=\"728\" height=\"90\" src=\"https:\/\/lospoliticosveracruz.com.mx\/wp-content\/uploads\/2025\/10\/Legis-Cintillo.png\" alt=\"\" class=\"wp-image-155724\" srcset=\"https:\/\/lospoliticosveracruz.com.mx\/wp-content\/uploads\/2025\/10\/Legis-Cintillo.png 728w, https:\/\/lospoliticosveracruz.com.mx\/wp-content\/uploads\/2025\/10\/Legis-Cintillo-300x37.png 300w\" sizes=\"auto, (max-width: 728px) 100vw, 728px\" \/><\/a><\/figure>\n\n\n\n<p><br>Como inform\u00f3 en su momento el Congreso del Estado, este martes 18 inicia la glosa de las 16 secretar\u00edas, misma que concluir\u00e1 el pr\u00f3ximo viernes 28. El primero en el banquillo ser\u00e1 Ricardo Ahued, el gris secretario de Gobierno y, ese mismo d\u00eda, pero por la tarde, Ernesto P\u00e9rez Astorga, de Sedecop, de los que s\u00ed han dado resultados y no est\u00e1 obsesionado con el reflector.<br>El mi\u00e9rcoles 19 va la Secretar\u00eda de Finanzas y Planeaci\u00f3n (Sefiplan) y luego el secretario de Turismo (Sectur), Igor Roj\u00ed, quien ah\u00ed la lleva. El jueves 20 viene una de las m\u00e1s esperadas y, por ende, de las m\u00e1s complejas: la Secretar\u00eda de Seguridad P\u00fablica (SSP) donde su titular tiene que ir por dem\u00e1s preparado con sus respuestas sobre los 631 homicidios dolosos en los primeros 9 meses de este a\u00f1o; de los 26 feminicidios; 23 secuestros, 842 abusos sexuales, 11 mil 807 robos y dem\u00e1s delitos, as\u00ed como de los asesinatos de expresidentes municipales y otras matanzas que han sido nota nacional e internacional.<br>El viernes 21 van dos secretarias grises, la de Desarrollo Social y la de Medio Ambiente (Sedema); ninguna de las dos ha hecho algo destacable en este primer a\u00f1o, m\u00e1s all\u00e1 de cobrar y salir en la foto con la Gobernadora.<br>Luego est\u00e1 la comparecencia, el lunes 24 de la Secretar\u00eda de Educaci\u00f3n de Veracruz (SEV), la cual ser\u00e1 un vendaval, entre el pleito recalcitrante que trae el subsecretario David Jim\u00e9nez con su jefa Claudia Tello; no dejar\u00e1n pasar la ocasi\u00f3n para intentar desabarrancarse. Urge ah\u00ed que ya les den un manotazo y les pidan que se pongan a trabajar los dos sin distracciones.<br>Esa misma tarde comparece el secretario de Trabajo, Previsi\u00f3n Social y Productividad (STPSP), Luis Arturo Santiago Mart\u00ednez, otro funcionario que ha destacado por su trabajo y discreci\u00f3n. Para el martes 25, toca el turno al fantasmag\u00f3rico secretario de Infraestructura y Obras P\u00fablicas (SIOP), y por la tarde, a otro del mismo corte, el Contralor.<br>El mi\u00e9rcoles 26, va el secretario de Desarrollo Agropecuario, Rural y Pesca (Sedarpa), Rodrigo Calder\u00f3n de quien sus paisanos y colegas productores martinenses esperaban m\u00e1s, por venir del ramo, pero tampoco hay mucho logro que pueda destacar.<br>El jueves 27 comparece otra secretar\u00eda muy esperada, la de Salud (SS), que ah\u00ed la lleva pian-pianito, pero que no se ir\u00e1 limpio el doctor Valent\u00edn Herrera Alarc\u00f3n con las preguntas sobre las condiciones en que funcionan algunos hospitales.<br>El viernes 28, les toca cerrar a la Coordinaci\u00f3n General de Comunicaci\u00f3n Social y a la secretaria de Protecci\u00f3n Civil, Guadalupe Osorno, cuyo tema principal de cuestionamiento ser\u00e1n sus tenis blancos y las lluvias del norte veracruzano.<br>La gobernadora Roc\u00edo Nahle Garc\u00eda, est\u00e1 programada para el mi\u00e9rcoles 3 de diciembre a las 12:00 horas, ante el Pleno legislativo, con una exposici\u00f3n de hasta 30 minutos y una ronda de preguntas de un diputado de cada grupo legislativo y de partidos que no tengan grupo.<br>Lo que no deben olvidar las y los secretarios es que la confianza mata, por eso deben preparar muy bien sus exposiciones, las respuestas a posibles preguntas y prever todos los escenarios posibles, pues el fuego amigo arde con intensidad a un a\u00f1o de haber iniciado funciones.<br>@YamiriRodriguez<\/p>\n","protected":false},"excerpt":{"rendered":"<p>Yamiri Rodr\u00edguez Madrid La vuelta a Veracruz en un teclazo El pr\u00f3ximo lunes 1 de diciembre se cumplir\u00e1 el primer a\u00f1o de Roc\u00edo Nahle como la primera gobernadora en el Estado de Veracruz, aunque han sido casi 12 meses llenos de complejidades y varios de los secretarios no solo no han ayudado, sino estorbado, generando [&hellip;]<\/p>\n","protected":false},"author":2,"featured_media":141413,"comment_status":"closed","ping_status":"closed","sticky":false,"template":"","format":"standard","meta":{"_jetpack_newsletter_access":"","_jetpack_dont_email_post_to_subs":false,"_jetpack_newsletter_tier_id":0,"_jetpack_memberships_contains_paywalled_content":false,"_jetpack_memberships_contains_paid_content":false,"footnotes":""},"categories":[70],"tags":[42407],"class_list":["post-156614","post","type-post","status-publish","format-standard","has-post-thumbnail","hentry","category-de-opinion","tag-yamiri-rodriguez-madrid"],"jetpack_featured_media_url":"https:\/\/lospoliticosveracruz.com.mx\/wp-content\/uploads\/2025\/04\/Yamiri-Rodriguez-Madrid.jpg","jetpack_sharing_enabled":true,"jetpack_shortlink":"https:\/\/wp.me\/p4Qcd3-EK2","_links":{"self":[{"href":"https:\/\/lospoliticosveracruz.com.mx\/index.php?rest_route=\/wp\/v2\/posts\/156614","targetHints":{"allow":["GET"]}}],"collection":[{"href":"https:\/\/lospoliticosveracruz.com.mx\/index.php?rest_route=\/wp\/v2\/posts"}],"about":[{"href":"https:\/\/lospoliticosveracruz.com.mx\/index.php?rest_route=\/wp\/v2\/types\/post"}],"author":[{"embeddable":true,"href":"https:\/\/lospoliticosveracruz.com.mx\/index.php?rest_route=\/wp\/v2\/users\/2"}],"replies":[{"embeddable":true,"href":"https:\/\/lospoliticosveracruz.com.mx\/index.php?rest_route=%2Fwp%2Fv2%2Fcomments&post=156614"}],"version-history":[{"count":1,"href":"https:\/\/lospoliticosveracruz.com.mx\/index.php?rest_route=\/wp\/v2\/posts\/156614\/revisions"}],"predecessor-version":[{"id":156615,"href":"https:\/\/lospoliticosveracruz.com.mx\/index.php?rest_route=\/wp\/v2\/posts\/156614\/revisions\/156615"}],"wp:featuredmedia":[{"embeddable":true,"href":"https:\/\/lospoliticosveracruz.com.mx\/index.php?rest_route=\/wp\/v2\/media\/141413"}],"wp:attachment":[{"href":"https:\/\/lospoliticosveracruz.com.mx\/index.php?rest_route=%2Fwp%2Fv2%2Fmedia&parent=156614"}],"wp:term":[{"taxonomy":"category","embeddable":true,"href":"https:\/\/lospoliticosveracruz.com.mx\/index.php?rest_route=%2Fwp%2Fv2%2Fcategories&post=156614"},{"taxonomy":"post_tag","embeddable":true,"href":"https:\/\/lospoliticosveracruz.com.mx\/index.php?rest_route=%2Fwp%2Fv2%2Ftags&post=156614"}],"curies":[{"name":"wp","href":"https:\/\/api.w.org\/{rel}","templated":true}]}}