{"id":156630,"date":"2025-11-17T10:38:43","date_gmt":"2025-11-17T16:38:43","guid":{"rendered":"https:\/\/lospoliticosveracruz.com.mx\/?p=156630"},"modified":"2025-11-17T10:39:11","modified_gmt":"2025-11-17T16:39:11","slug":"la-derecha-queda-al-descubierto","status":"publish","type":"post","link":"https:\/\/lospoliticosveracruz.com.mx\/?p=156630","title":{"rendered":"LA DERECHA QUEDA AL DESCUBIERTO !"},"content":{"rendered":"\n<p><\/p>\n\n\n\n<p>El Comit\u00e9 Ejecutivo Estatal de Morena en Veracruz reprueba la reciente manifestaci\u00f3n impulsada por la oposici\u00f3n conformada por la derecha y el PRIAN, la cual demostr\u00f3 ser un intento fallido y desesperado por desestabilizar al pa\u00eds. Se confirm\u00f3 lo que siempre hemos se\u00f1alado: los bots no marchan; solo asistieron los mismos de siempre.<\/p>\n\n\n\n<p>La baja convocatoria fue evidente. La asistencia en la capital y en diversas ciudades \u2014incluyendo puntos de nuestro estado\u2014 fue m\u00ednima, lo que ratifica que no se trat\u00f3 de un movimiento ciudadano, sino de una expresi\u00f3n de grupos de privilegiados principalmente mayores de 40 a\u00f1os. Las supuestas \u201cvoces ciudadanas\u201d estuvieron encabezadas por cuadros del PRIAN y sus aliados del viejo r\u00e9gimen.<br>El pueblo, la inmensa mayor\u00eda de las y los veracruzanos y mexicanos, no acudi\u00f3 porque est\u00e1 con la Presidenta y con la Cuarta Transformaci\u00f3n.<\/p>\n\n\n\n<p>Denunciamos que esta movilizaci\u00f3n, presentada como un acto \u201ccontra la violencia\u201d, fue protagonizada por grupos de la ultraderecha que incurrieron en provocaciones y destrozos. Esta contradicci\u00f3n solo se explica por el inter\u00e9s de la derecha en sembrar un clima de violencia para intentar desestabilizar a un gobierno comprometido con la pacificaci\u00f3n nacional.<\/p>\n\n\n\n<p>Condenamos tambi\u00e9n el uso de la buena fe de algunos medios de comunicaci\u00f3n, que fueron objeto de campa\u00f1as de desinformaci\u00f3n para intentar presentar como \u201cciudadana\u201d una protesta que, en esencia, fue la expresi\u00f3n de grupos de inter\u00e9s que perdieron sus privilegios.<\/p>\n\n\n\n<p>El Comit\u00e9 Ejecutivo Estatal de Morena en Veracruz reitera que la ciudadan\u00eda veracruzana no se confunde. Seguiremos trabajando con firmeza por la continuidad de la transformaci\u00f3n, con la convicci\u00f3n de que el camino de la justicia y la verdad es irreversible.<\/p>\n\n\n\n<p>\u00a1La transformaci\u00f3n no se detiene!<\/p>\n\n\n\n<p>ATENTAMENTE<br>Comit\u00e9 Ejecutivo Estatal de Morena en Veracruz<\/p>\n","protected":false},"excerpt":{"rendered":"<p>El Comit\u00e9 Ejecutivo Estatal de Morena en Veracruz reprueba la reciente manifestaci\u00f3n impulsada por la oposici\u00f3n conformada por la derecha y el PRIAN, la cual demostr\u00f3 ser un intento fallido y desesperado por desestabilizar al pa\u00eds. Se confirm\u00f3 lo que siempre hemos se\u00f1alado: los bots no marchan; solo asistieron los mismos de siempre. La baja [&hellip;]<\/p>\n","protected":false},"author":2,"featured_media":144226,"comment_status":"closed","ping_status":"closed","sticky":false,"template":"","format":"standard","meta":{"_jetpack_newsletter_access":"","_jetpack_dont_email_post_to_subs":false,"_jetpack_newsletter_tier_id":0,"_jetpack_memberships_contains_paywalled_content":false,"_jetpack_memberships_contains_paid_content":false,"footnotes":""},"categories":[73],"tags":[36921],"class_list":["post-156630","post","type-post","status-publish","format-standard","has-post-thumbnail","hentry","category-de-boleto","tag-comite-ejecutivo-estatal-de-morena-en-veracruz"],"jetpack_featured_media_url":"https:\/\/lospoliticosveracruz.com.mx\/wp-content\/uploads\/2025\/05\/Morena.jpeg","jetpack_sharing_enabled":true,"jetpack_shortlink":"https:\/\/wp.me\/p4Qcd3-EKi","_links":{"self":[{"href":"https:\/\/lospoliticosveracruz.com.mx\/index.php?rest_route=\/wp\/v2\/posts\/156630","targetHints":{"allow":["GET"]}}],"collection":[{"href":"https:\/\/lospoliticosveracruz.com.mx\/index.php?rest_route=\/wp\/v2\/posts"}],"about":[{"href":"https:\/\/lospoliticosveracruz.com.mx\/index.php?rest_route=\/wp\/v2\/types\/post"}],"author":[{"embeddable":true,"href":"https:\/\/lospoliticosveracruz.com.mx\/index.php?rest_route=\/wp\/v2\/users\/2"}],"replies":[{"embeddable":true,"href":"https:\/\/lospoliticosveracruz.com.mx\/index.php?rest_route=%2Fwp%2Fv2%2Fcomments&post=156630"}],"version-history":[{"count":2,"href":"https:\/\/lospoliticosveracruz.com.mx\/index.php?rest_route=\/wp\/v2\/posts\/156630\/revisions"}],"predecessor-version":[{"id":156632,"href":"https:\/\/lospoliticosveracruz.com.mx\/index.php?rest_route=\/wp\/v2\/posts\/156630\/revisions\/156632"}],"wp:featuredmedia":[{"embeddable":true,"href":"https:\/\/lospoliticosveracruz.com.mx\/index.php?rest_route=\/wp\/v2\/media\/144226"}],"wp:attachment":[{"href":"https:\/\/lospoliticosveracruz.com.mx\/index.php?rest_route=%2Fwp%2Fv2%2Fmedia&parent=156630"}],"wp:term":[{"taxonomy":"category","embeddable":true,"href":"https:\/\/lospoliticosveracruz.com.mx\/index.php?rest_route=%2Fwp%2Fv2%2Fcategories&post=156630"},{"taxonomy":"post_tag","embeddable":true,"href":"https:\/\/lospoliticosveracruz.com.mx\/index.php?rest_route=%2Fwp%2Fv2%2Ftags&post=156630"}],"curies":[{"name":"wp","href":"https:\/\/api.w.org\/{rel}","templated":true}]}}